{"id":38983,"date":"2013-10-24T09:45:22","date_gmt":"2013-10-24T12:45:22","guid":{"rendered":"http:\/\/www.eltrabajo.cl\/portal\/?p=38983"},"modified":"2013-10-24T09:45:22","modified_gmt":"2013-10-24T12:45:22","slug":"municipio-y-carabineros-mantuvieron-importante-reunion-por-instalacion-de-camaras-de-seguridad","status":"publish","type":"post","link":"https:\/\/eltrabajo.cl\/portal\/municipio-y-carabineros-mantuvieron-importante-reunion-por-instalacion-de-camaras-de-seguridad\/","title":{"rendered":"Municipio y Carabineros mantuvieron importante reuni\u00f3n por instalaci\u00f3n de c\u00e1maras de seguridad"},"content":{"rendered":"<figure id=\"attachment_38984\" aria-describedby=\"caption-attachment-38984\" style=\"width: 528px\" class=\"wp-caption alignnone\"><a href=\"https:\/\/i0.wp.com\/www.eltrabajo.cl\/portal\/wp-content\/uploads\/2013\/10\/reunion5.jpg\"><img data-recalc-dims=\"1\" loading=\"lazy\" decoding=\"async\" class=\"size-full wp-image-38984\" title=\"Las autoridades putaendinas ya coordinan los detalles para poder instalar estas 17 c\u00e1maras de vigilancia en Putaendo.\" alt=\"Las autoridades putaendinas ya coordinan los detalles para poder instalar estas 17 c\u00e1maras de vigilancia en Putaendo.\" src=\"https:\/\/i0.wp.com\/www.eltrabajo.cl\/portal\/wp-content\/uploads\/2013\/10\/reunion5.jpg?resize=528%2C395\" width=\"528\" height=\"395\" srcset=\"https:\/\/i0.wp.com\/eltrabajo.cl\/portal\/wp-content\/uploads\/2013\/10\/reunion5.jpg?w=528&amp;ssl=1 528w, https:\/\/i0.wp.com\/eltrabajo.cl\/portal\/wp-content\/uploads\/2013\/10\/reunion5.jpg?resize=200%2C150&amp;ssl=1 200w, https:\/\/i0.wp.com\/eltrabajo.cl\/portal\/wp-content\/uploads\/2013\/10\/reunion5.jpg?resize=300%2C224&amp;ssl=1 300w, https:\/\/i0.wp.com\/eltrabajo.cl\/portal\/wp-content\/uploads\/2013\/10\/reunion5.jpg?resize=150%2C112&amp;ssl=1 150w, https:\/\/i0.wp.com\/eltrabajo.cl\/portal\/wp-content\/uploads\/2013\/10\/reunion5.jpg?resize=400%2C299&amp;ssl=1 400w\" sizes=\"auto, (max-width: 528px) 100vw, 528px\" \/><\/a><figcaption id=\"caption-attachment-38984\" class=\"wp-caption-text\">Las autoridades putaendinas ya coordinan los detalles para poder instalar estas 17 c\u00e1maras de vigilancia en Putaendo.<\/figcaption><\/figure>\n<p><strong>PUTAENDO.<\/strong>&#8211; Una importante reuni\u00f3n de coordinaci\u00f3n mantuvo el alcalde Guillermo Reyes y el Administrador Municipal Mauricio Quiroz en representaci\u00f3n de la Municipalidad de Putaendo junto a Carabineros, que fue representado por el Comandante Francisco Castro Leyton, el Comisario Alfredo Castillo y los jefes de destacamentos de la comuna de Putaendo. En la reuni\u00f3n se afinaron los detalles del convenio que ser\u00e1 firmado para instalar al interior de la Tenencia de Carabineros de Putaendo el container\/oficina en el que ser\u00e1 ubicada la central de monitoreo de las 17 c\u00e1maras de seguridad que ser\u00e1n instaladas, a las cuales se sumar\u00e1n las tres que ya est\u00e1n instaladas.<\/p>\n<p>Guillermo Reyes dijo que ya recibieron el visto bueno de Carabineros y que la Polic\u00eda uniformada mostr\u00f3 mucho inter\u00e9s en apoyar esta iniciativa municipal, adem\u00e1s asegur\u00f3 que incluso el Comandante Castro ya defini\u00f3 el lugar donde ser\u00e1 instalado el container que estar\u00e1 a pocos metros de la sala de guardia donde ser\u00e1n monitoreadas las c\u00e1maras de alta tecnolog\u00eda que tendr\u00e1n la particularidad de enfocar en 160 grados.<\/p>\n<p>La primera autoridad comunal dijo que la empresa Chilectra ya se adjudic\u00f3 este proyecto por m\u00e1s de $100.000.000 y que dentro de tres meses tendr\u00e1n que tener operativas 17 nuevas c\u00e1maras que ser\u00e1n monitoreadas junto a las tres ya existentes durante las 24 horas del d\u00eda, tambi\u00e9n los efectivos policiales que patrullan la comuna podr\u00e1n monitorear desde su tel\u00e9fono celular las distintas c\u00e1maras que ser\u00e1n instaladas en puntos de la comuna previamente estudiados.<\/p>\n<p>Seg\u00fan inform\u00f3 el alcalde Guillermo Reyes, en este proyecto, entre otros lugares, ser\u00e1n instaladas c\u00e1maras de seguridad en los siguientes lugares.<\/p>\n<p>-Alameda Alessandri antes de subida al Cerro El Llano, lo que permitir\u00e1 cubrir pr\u00e1cticamente la alameda.<\/p>\n<p>-En las afueras del Parque Municipal, lo que permitir\u00e1 cubrir la misma Avenida Alessandri, el Puente Putaendo y Avenida Alejandrina Carvajal.<\/p>\n<p>-Al interior del Estadio Municipal, lo que permitir\u00e1 monitorear la piscina y el estadio.<\/p>\n<p>-Plaza de Putaendo en la esquina de Calle Comercio.<\/p>\n<p>Adem\u00e1s, el resto de las c\u00e1maras ser\u00e1n instaladas en otros sectores de la comuna que se dar\u00e1n a conocer pr\u00f3ximamente, junto con ello, Reyes se\u00f1al\u00f3 que a futuro se espera postular un segundo proyecto para aumentar la cantidad de c\u00e1maras de seguridad. La firma del convenio entre el Municipio de Putaendo y la empresa Chilectra se llevar\u00e1 a efecto hoy mi\u00e9rcoles en la Notar\u00eda de Putaendo y la empresa contar\u00e1 con un plazo de tres meses para tener operativo este importante sistema de seguridad en beneficio de los habitantes de la comuna de Putaendo.<\/p>\n<p>Patricio Gallardo M.<\/p>\n","protected":false},"excerpt":{"rendered":"<p>PUTAENDO.&#8211; Una importante reuni\u00f3n de coordinaci\u00f3n mantuvo el alcalde Guillermo Reyes y el Administrador Municipal Mauricio Quiroz en representaci\u00f3n de la Municipalidad de Putaendo junto a Carabineros, que fue representado por el&#8230;<\/p>\n","protected":false},"author":482,"featured_media":38984,"comment_status":"open","ping_status":"closed","sticky":false,"template":"","format":"standard","meta":{"advanced_seo_description":"","jetpack_seo_html_title":"","jetpack_seo_noindex":false,"_jetpack_memberships_contains_paid_content":false,"footnotes":""},"categories":[15],"tags":[],"class_list":["post-38983","post","type-post","status-publish","format-standard","has-post-thumbnail","hentry","category-comunidad"],"jetpack_featured_media_url":"https:\/\/i0.wp.com\/eltrabajo.cl\/portal\/wp-content\/uploads\/2013\/10\/reunion5.jpg?fit=528%2C395&ssl=1","jetpack_sharing_enabled":true,"jetpack_likes_enabled":true,"jetpack-related-posts":[],"_links":{"self":[{"href":"https:\/\/eltrabajo.cl\/portal\/wp-json\/wp\/v2\/posts\/38983","targetHints":{"allow":["GET"]}}],"collection":[{"href":"https:\/\/eltrabajo.cl\/portal\/wp-json\/wp\/v2\/posts"}],"about":[{"href":"https:\/\/eltrabajo.cl\/portal\/wp-json\/wp\/v2\/types\/post"}],"author":[{"embeddable":true,"href":"https:\/\/eltrabajo.cl\/portal\/wp-json\/wp\/v2\/users\/482"}],"replies":[{"embeddable":true,"href":"https:\/\/eltrabajo.cl\/portal\/wp-json\/wp\/v2\/comments?post=38983"}],"version-history":[{"count":0,"href":"https:\/\/eltrabajo.cl\/portal\/wp-json\/wp\/v2\/posts\/38983\/revisions"}],"wp:featuredmedia":[{"embeddable":true,"href":"https:\/\/eltrabajo.cl\/portal\/wp-json\/wp\/v2\/media\/38984"}],"wp:attachment":[{"href":"https:\/\/eltrabajo.cl\/portal\/wp-json\/wp\/v2\/media?parent=38983"}],"wp:term":[{"taxonomy":"category","embeddable":true,"href":"https:\/\/eltrabajo.cl\/portal\/wp-json\/wp\/v2\/categories?post=38983"},{"taxonomy":"post_tag","embeddable":true,"href":"https:\/\/eltrabajo.cl\/portal\/wp-json\/wp\/v2\/tags?post=38983"}],"curies":[{"name":"wp","href":"https:\/\/api.w.org\/{rel}","templated":true}]}}