{"id":38986,"date":"2013-10-24T09:46:53","date_gmt":"2013-10-24T12:46:53","guid":{"rendered":"http:\/\/www.eltrabajo.cl\/portal\/?p=38986"},"modified":"2013-10-24T09:46:53","modified_gmt":"2013-10-24T12:46:53","slug":"este-10-de-noviembre-se-realizara-fiesta-de-santa-filomena","status":"publish","type":"post","link":"https:\/\/eltrabajo.cl\/portal\/este-10-de-noviembre-se-realizara-fiesta-de-santa-filomena\/","title":{"rendered":"Este 10 de noviembre se realizar\u00e1 Fiesta de Santa Filomena"},"content":{"rendered":"<figure id=\"attachment_38987\" aria-describedby=\"caption-attachment-38987\" style=\"width: 529px\" class=\"wp-caption alignnone\"><a href=\"https:\/\/i0.wp.com\/www.eltrabajo.cl\/portal\/wp-content\/uploads\/2013\/10\/eucarestia1.jpg\"><img data-recalc-dims=\"1\" loading=\"lazy\" decoding=\"async\" class=\"size-full wp-image-38987\" title=\"Se espera que durante estas actividades religiosas acudan miles de peregrinos de todo el pa\u00eds, pues este a\u00f1o la Fiesta de Santa Filomena 2013 se realizar\u00e1 en el estadio de esa poblaci\u00f3n.\" alt=\"Se espera que durante estas actividades religiosas acudan miles de peregrinos de todo el pa\u00eds, pues este a\u00f1o la Fiesta de Santa Filomena 2013 se realizar\u00e1 en el estadio de esa poblaci\u00f3n.\" src=\"https:\/\/i0.wp.com\/www.eltrabajo.cl\/portal\/wp-content\/uploads\/2013\/10\/eucarestia1.jpg?resize=529%2C341\" width=\"529\" height=\"341\" srcset=\"https:\/\/i0.wp.com\/eltrabajo.cl\/portal\/wp-content\/uploads\/2013\/10\/eucarestia1.jpg?w=529&amp;ssl=1 529w, https:\/\/i0.wp.com\/eltrabajo.cl\/portal\/wp-content\/uploads\/2013\/10\/eucarestia1.jpg?resize=200%2C128&amp;ssl=1 200w, https:\/\/i0.wp.com\/eltrabajo.cl\/portal\/wp-content\/uploads\/2013\/10\/eucarestia1.jpg?resize=300%2C193&amp;ssl=1 300w, https:\/\/i0.wp.com\/eltrabajo.cl\/portal\/wp-content\/uploads\/2013\/10\/eucarestia1.jpg?resize=150%2C96&amp;ssl=1 150w, https:\/\/i0.wp.com\/eltrabajo.cl\/portal\/wp-content\/uploads\/2013\/10\/eucarestia1.jpg?resize=400%2C257&amp;ssl=1 400w\" sizes=\"auto, (max-width: 529px) 100vw, 529px\" \/><\/a><figcaption id=\"caption-attachment-38987\" class=\"wp-caption-text\">Se espera que durante estas actividades religiosas acudan miles de peregrinos de todo el pa\u00eds, pues este a\u00f1o la Fiesta de Santa Filomena 2013 se realizar\u00e1 en el estadio de esa poblaci\u00f3n.<\/figcaption><\/figure>\n<p>Para el pr\u00f3ximo domingo 10 de noviembre est\u00e1 contemplada la realizaci\u00f3n de la Fiesta de Santa Filomena, actividad religiosa que esta vez se realizar\u00e1 en el estadio de esa localidad de la comuna de Santa Mar\u00eda, por cuanto el templo se encuentra a\u00fan en proceso de restauraci\u00f3n. A prop\u00f3sito de esta festividad, autoridades encabezadas por la Gobernadora Patricia Boffa, se reunieron ayer para coordinar el plan de contingencia que permita enfrentar la masiva llegada de peregrinos, ya que se espera que en la oportunidad acudan m\u00e1s de 8.000 personas.<\/p>\n<p>Al respecto, el sacerdote Richard Mu\u00f1oz, de la comunidad de Inmaculada Concepci\u00f3n de Santa Mar\u00eda, se mostr\u00f3 esperanzado de que una gran cantidad de fieles participen de esta fiesta religiosa.<\/p>\n<p>\u00abComo bien sabemos, el templo se est\u00e1 reconstruyendo y si bien se pensaba que estar\u00eda listo para esta fecha, no se pudo, por lo que nos vimos en la obligaci\u00f3n de hacer un cambio de lugar, siendo el m\u00e1s amplio para acoger a tanta gente, el estadio de Santa Filomena, en tanto que para enero o febrero, tendr\u00edamos el templo reconstruido, totalmente terminado\u00bb, se\u00f1al\u00f3 el sacerdote.<\/p>\n<p>La Fiesta de Santa Filomena en todo caso, parte nueve d\u00edas antes con la Novena, para concluir el d\u00eda 10 con la fiesta propiamente tal, con misas a las 08:00; 09:30; 10:30; 12:00 y 17:00 horas.<\/p>\n<p>&nbsp;<\/p>\n<p>MEDIDAS DE SEGURIDAD<\/p>\n<p>En la reuni\u00f3n realizada en la Gobernaci\u00f3n Provincial, se encontraba presente el Subprefecto Operativo de Carabineros, Teniente Coronel Francisco Castro, quien manifest\u00f3 que ya se ha dispuesto un servicio especial que permita resguardar el orden y la seguridad en el estadio de Santa Filomena, con motivo de esta fiesta religiosa.<\/p>\n<p>\u00abTenemos un servicio integral que va a contar con personal montado; con perros policiales; personal de tr\u00e1nsito y de orden y seguridad, destinado a prevenir la ocurrencia de acciones delictivas. El a\u00f1o pasado la mayor recurrencia de delitos fueron los robos de carteras, de celulares y billeteras, lo que se vio favorecido por la aglomeraci\u00f3n de gente\u00bb, se\u00f1al\u00f3 el Comandante Castro.<\/p>\n<p>Asimismo, la Autoridad Sanitaria dispondr\u00e1 un trabajo especial con motivo de esta fiesta, dado que es com\u00fan en estas instancias que se realicen actividades de venta de alimentos. Lilia Fuentes, Jefa de la Oficina Provincial Aconcagua de la Seremi de Salud, manifest\u00f3 en este sentido, que a modo de ejemplo, en la peregrinaci\u00f3n \u2018De Chacabuco al Carmelo\u2019, se decomis\u00f3 media tonelada de alimentos de dudosa procedencia.<\/p>\n<p>\u00abEstamos preparando la intervenci\u00f3n en este gran evento masivo. Nuestra preocupaci\u00f3n pasa por la inocuidad de alimentos, ya que se concentran muchos vendedores ambulantes y el llamado, es a vender solo alimentos y bebidas envasadas. Durante el fin de semana pasada, trabajamos en Auco y logramos el decomiso de m\u00e1s de 500 kilos de alimentos de riesgo\u00bb, se\u00f1al\u00f3 la profesional.<\/p>\n<p>En tanto el Alcalde de Santa Mar\u00eda Claudio Zurita, se mostr\u00f3 esperanzado de que un gran marco de p\u00fablico acompa\u00f1e la realizaci\u00f3n de esta Fiesta de Santa Filomena, manifestando que esperan pr\u00f3ximamente contar con la Iglesia ya restaurada, cuyo costo de inversi\u00f3n alcanza los 1.100 millones de pesos.<\/p>\n","protected":false},"excerpt":{"rendered":"<p>Para el pr\u00f3ximo domingo 10 de noviembre est\u00e1 contemplada la realizaci\u00f3n de la Fiesta de Santa Filomena, actividad religiosa que esta vez se realizar\u00e1 en el estadio de esa localidad de la&#8230;<\/p>\n","protected":false},"author":482,"featured_media":38987,"comment_status":"open","ping_status":"closed","sticky":false,"template":"","format":"standard","meta":{"advanced_seo_description":"","jetpack_seo_html_title":"","jetpack_seo_noindex":false,"_jetpack_memberships_contains_paid_content":false,"footnotes":""},"categories":[15],"tags":[],"class_list":["post-38986","post","type-post","status-publish","format-standard","has-post-thumbnail","hentry","category-comunidad"],"jetpack_featured_media_url":"https:\/\/i0.wp.com\/eltrabajo.cl\/portal\/wp-content\/uploads\/2013\/10\/eucarestia1.jpg?fit=529%2C341&ssl=1","jetpack_sharing_enabled":true,"jetpack_likes_enabled":true,"jetpack-related-posts":[],"_links":{"self":[{"href":"https:\/\/eltrabajo.cl\/portal\/wp-json\/wp\/v2\/posts\/38986","targetHints":{"allow":["GET"]}}],"collection":[{"href":"https:\/\/eltrabajo.cl\/portal\/wp-json\/wp\/v2\/posts"}],"about":[{"href":"https:\/\/eltrabajo.cl\/portal\/wp-json\/wp\/v2\/types\/post"}],"author":[{"embeddable":true,"href":"https:\/\/eltrabajo.cl\/portal\/wp-json\/wp\/v2\/users\/482"}],"replies":[{"embeddable":true,"href":"https:\/\/eltrabajo.cl\/portal\/wp-json\/wp\/v2\/comments?post=38986"}],"version-history":[{"count":0,"href":"https:\/\/eltrabajo.cl\/portal\/wp-json\/wp\/v2\/posts\/38986\/revisions"}],"wp:featuredmedia":[{"embeddable":true,"href":"https:\/\/eltrabajo.cl\/portal\/wp-json\/wp\/v2\/media\/38987"}],"wp:attachment":[{"href":"https:\/\/eltrabajo.cl\/portal\/wp-json\/wp\/v2\/media?parent=38986"}],"wp:term":[{"taxonomy":"category","embeddable":true,"href":"https:\/\/eltrabajo.cl\/portal\/wp-json\/wp\/v2\/categories?post=38986"},{"taxonomy":"post_tag","embeddable":true,"href":"https:\/\/eltrabajo.cl\/portal\/wp-json\/wp\/v2\/tags?post=38986"}],"curies":[{"name":"wp","href":"https:\/\/api.w.org\/{rel}","templated":true}]}}