{"id":39023,"date":"2013-10-25T09:58:10","date_gmt":"2013-10-25T12:58:10","guid":{"rendered":"http:\/\/www.eltrabajo.cl\/portal\/?p=39023"},"modified":"2013-10-25T09:58:10","modified_gmt":"2013-10-25T12:58:10","slug":"munequitas-despertaron-en-113o-aniversario-de-escuela-rep-argentina","status":"publish","type":"post","link":"https:\/\/eltrabajo.cl\/portal\/munequitas-despertaron-en-113o-aniversario-de-escuela-rep-argentina\/","title":{"rendered":"\u2018Mu\u00f1equitas\u2019 despertaron en 113\u00ba aniversario de Escuela Rep. Argentina"},"content":{"rendered":"<figure id=\"attachment_39024\" aria-describedby=\"caption-attachment-39024\" style=\"width: 529px\" class=\"wp-caption alignnone\"><a href=\"https:\/\/i0.wp.com\/www.eltrabajo.cl\/portal\/wp-content\/uploads\/2013\/10\/munecas1.jpg\"><img data-recalc-dims=\"1\" loading=\"lazy\" decoding=\"async\" class=\"size-full wp-image-39024\" title=\"Estas son las mu\u00f1equitas regalonas que hicieron de las suyas en el teatro del Roberto Humeres durante la ceremonia del 113\u00ba aniversario de la Escuela Rep. Argentina.\" alt=\"Estas son las mu\u00f1equitas regalonas que hicieron de las suyas en el teatro del Roberto Humeres durante la ceremonia del 113\u00ba aniversario de la Escuela Rep. Argentina.\" src=\"https:\/\/i0.wp.com\/www.eltrabajo.cl\/portal\/wp-content\/uploads\/2013\/10\/munecas1.jpg?resize=529%2C368\" width=\"529\" height=\"368\" srcset=\"https:\/\/i0.wp.com\/eltrabajo.cl\/portal\/wp-content\/uploads\/2013\/10\/munecas1.jpg?w=529&amp;ssl=1 529w, https:\/\/i0.wp.com\/eltrabajo.cl\/portal\/wp-content\/uploads\/2013\/10\/munecas1.jpg?resize=200%2C139&amp;ssl=1 200w, https:\/\/i0.wp.com\/eltrabajo.cl\/portal\/wp-content\/uploads\/2013\/10\/munecas1.jpg?resize=300%2C208&amp;ssl=1 300w, https:\/\/i0.wp.com\/eltrabajo.cl\/portal\/wp-content\/uploads\/2013\/10\/munecas1.jpg?resize=150%2C104&amp;ssl=1 150w, https:\/\/i0.wp.com\/eltrabajo.cl\/portal\/wp-content\/uploads\/2013\/10\/munecas1.jpg?resize=400%2C278&amp;ssl=1 400w\" sizes=\"auto, (max-width: 529px) 100vw, 529px\" \/><\/a><figcaption id=\"caption-attachment-39024\" class=\"wp-caption-text\">Estas son las mu\u00f1equitas regalonas que hicieron de las suyas en el teatro del Roberto Humeres durante la ceremonia del 113\u00ba aniversario de la Escuela Rep. Argentina.<\/figcaption><\/figure>\n<p>Son 113 a\u00f1os los que el 16 de octubre cumpli\u00f3 la Escuela Rep\u00fablica Argentina. Y para celebrarlo, en el teatro del Liceo Roberto Humeres se realiz\u00f3 este jueves un acto de clausura de la semana de aniversario que sus profesores y estudiantes programaron.<\/p>\n<p>En esta casa de estudios reciben clases unos 80 alumnos y laboran unos 22 docentes entre titulares y auxiliares.<\/p>\n<p><strong>La Escuela<\/strong><\/p>\n<p>\u00abDurante todo este mes hemos realizado distintas actividades, hoy por ejemplo tenemos \u2018El Despertar de las mu\u00f1ecas\u2019, actividad en la que nuestras peque\u00f1as artistas dejaron demostrado su talento e iniciativas, en la actividad tambi\u00e9n se premiaron a los Mejores Promedios y premios al M\u00e9rito\u00bb, coment\u00f3 a Diario El Trabajo la Profesora Karim Caickay.<\/p>\n<p>La Escuela Mixta N\u00ba17, actual Rep\u00fablica Argentina, naci\u00f3 al a\u00f1o siguiente de haber terminado la II Guerra Mundial, el 7 de abril de 1946 en la localidad de El Tambo de San Felipe, en una casona particular del sector que queda ubicada al costado de Calle Tocornal. En aquel tiempo la incomodidad del lugar donde se hac\u00edan clases eran notorias, pues el establecimiento era muy peque\u00f1o e inc\u00f3modo, urg\u00eda en forma inmediata tener un mejor espacio para educar a los ni\u00f1os de aquel entonces. No obstante, Dios toc\u00f3 el coraz\u00f3n de un hombre llamado Pedro \u00c1ngel Zamora Cer\u00f3n, quien don\u00f3 los terrenos en 1960 para que la escuelita pudiera realizar sus funciones educativas, dando as\u00ed a la re-fundaci\u00f3n en 1963 de la Escuela Rep\u00fablica Argentina. Desde el a\u00f1o 2008 esta escuela comienza a trabajar su proyecto educativo institucional basadas en el desarrollo de las artes y la cultura, donde comenz\u00f3 a llamarse Escuela Art\u00edstica Rep\u00fablica Argentina.<\/p>\n<p>&nbsp;<\/p>\n","protected":false},"excerpt":{"rendered":"<p>Son 113 a\u00f1os los que el 16 de octubre cumpli\u00f3 la Escuela Rep\u00fablica Argentina. Y para celebrarlo, en el teatro del Liceo Roberto Humeres se realiz\u00f3 este jueves un acto de clausura&#8230;<\/p>\n","protected":false},"author":482,"featured_media":39024,"comment_status":"open","ping_status":"closed","sticky":false,"template":"","format":"standard","meta":{"advanced_seo_description":"","jetpack_seo_html_title":"","jetpack_seo_noindex":false,"_jetpack_memberships_contains_paid_content":false,"footnotes":""},"categories":[15],"tags":[],"class_list":["post-39023","post","type-post","status-publish","format-standard","has-post-thumbnail","hentry","category-comunidad"],"jetpack_featured_media_url":"https:\/\/i0.wp.com\/eltrabajo.cl\/portal\/wp-content\/uploads\/2013\/10\/munecas1.jpg?fit=529%2C368&ssl=1","jetpack_sharing_enabled":true,"jetpack_likes_enabled":true,"jetpack-related-posts":[],"_links":{"self":[{"href":"https:\/\/eltrabajo.cl\/portal\/wp-json\/wp\/v2\/posts\/39023","targetHints":{"allow":["GET"]}}],"collection":[{"href":"https:\/\/eltrabajo.cl\/portal\/wp-json\/wp\/v2\/posts"}],"about":[{"href":"https:\/\/eltrabajo.cl\/portal\/wp-json\/wp\/v2\/types\/post"}],"author":[{"embeddable":true,"href":"https:\/\/eltrabajo.cl\/portal\/wp-json\/wp\/v2\/users\/482"}],"replies":[{"embeddable":true,"href":"https:\/\/eltrabajo.cl\/portal\/wp-json\/wp\/v2\/comments?post=39023"}],"version-history":[{"count":0,"href":"https:\/\/eltrabajo.cl\/portal\/wp-json\/wp\/v2\/posts\/39023\/revisions"}],"wp:featuredmedia":[{"embeddable":true,"href":"https:\/\/eltrabajo.cl\/portal\/wp-json\/wp\/v2\/media\/39024"}],"wp:attachment":[{"href":"https:\/\/eltrabajo.cl\/portal\/wp-json\/wp\/v2\/media?parent=39023"}],"wp:term":[{"taxonomy":"category","embeddable":true,"href":"https:\/\/eltrabajo.cl\/portal\/wp-json\/wp\/v2\/categories?post=39023"},{"taxonomy":"post_tag","embeddable":true,"href":"https:\/\/eltrabajo.cl\/portal\/wp-json\/wp\/v2\/tags?post=39023"}],"curies":[{"name":"wp","href":"https:\/\/api.w.org\/{rel}","templated":true}]}}