{"id":39029,"date":"2013-10-25T10:02:53","date_gmt":"2013-10-25T13:02:53","guid":{"rendered":"http:\/\/www.eltrabajo.cl\/portal\/?p=39029"},"modified":"2013-10-25T10:02:53","modified_gmt":"2013-10-25T13:02:53","slug":"grandes-y-ninos-celebraron-los-40-anos-de-la-escuela-sagrado-corazon","status":"publish","type":"post","link":"https:\/\/eltrabajo.cl\/portal\/grandes-y-ninos-celebraron-los-40-anos-de-la-escuela-sagrado-corazon\/","title":{"rendered":"Grandes y ni\u00f1os celebraron los 40 a\u00f1os de la Escuela Sagrado Coraz\u00f3n"},"content":{"rendered":"<figure id=\"attachment_39030\" aria-describedby=\"caption-attachment-39030\" style=\"width: 529px\" class=\"wp-caption alignnone\"><a href=\"https:\/\/i0.wp.com\/www.eltrabajo.cl\/portal\/wp-content\/uploads\/2013\/10\/especiales1.jpg\"><img data-recalc-dims=\"1\" loading=\"lazy\" decoding=\"async\" class=\"size-full wp-image-39030\" title=\"La Gobernadora Patricia Boffa comparti\u00f3 animadamente con estas regalonas de la Escuela Sagrado Coraz\u00f3n en su 40\u00ba aniversario.\" alt=\"La Gobernadora Patricia Boffa comparti\u00f3 animadamente con estas regalonas de la Escuela Sagrado Coraz\u00f3n en su 40\u00ba aniversario.\" src=\"https:\/\/i0.wp.com\/www.eltrabajo.cl\/portal\/wp-content\/uploads\/2013\/10\/especiales1.jpg?resize=529%2C391\" width=\"529\" height=\"391\" srcset=\"https:\/\/i0.wp.com\/eltrabajo.cl\/portal\/wp-content\/uploads\/2013\/10\/especiales1.jpg?w=529&amp;ssl=1 529w, https:\/\/i0.wp.com\/eltrabajo.cl\/portal\/wp-content\/uploads\/2013\/10\/especiales1.jpg?resize=200%2C147&amp;ssl=1 200w, https:\/\/i0.wp.com\/eltrabajo.cl\/portal\/wp-content\/uploads\/2013\/10\/especiales1.jpg?resize=300%2C221&amp;ssl=1 300w, https:\/\/i0.wp.com\/eltrabajo.cl\/portal\/wp-content\/uploads\/2013\/10\/especiales1.jpg?resize=150%2C110&amp;ssl=1 150w, https:\/\/i0.wp.com\/eltrabajo.cl\/portal\/wp-content\/uploads\/2013\/10\/especiales1.jpg?resize=400%2C295&amp;ssl=1 400w\" sizes=\"auto, (max-width: 529px) 100vw, 529px\" \/><\/a><figcaption id=\"caption-attachment-39030\" class=\"wp-caption-text\">La Gobernadora Patricia Boffa comparti\u00f3 animadamente con estas regalonas de la Escuela Sagrado Coraz\u00f3n en su 40\u00ba aniversario.<\/figcaption><\/figure>\n<p>Mucha energ\u00eda y caritas felices fueron las que brillaron la ma\u00f1ana de este jueves en la Escuela de Educaci\u00f3n Especial Sagrado Coraz\u00f3n de San Felipe, casa de estudios que cumpli\u00f3 sus 40 a\u00f1os de brindar cari\u00f1o, atenci\u00f3n especializada e individualizada a los m\u00e1s de 100 estudiantes con multid\u00e9ficit atencional.<\/p>\n<p>A la actividad asistieron la Gobernadora Patricia Boffa, directores de otras escuelas de nuestra provincia y estudiantes de establecimientos de San Felipe.<\/p>\n<p>En esta escuela especial son atendidos un centenar de personas hasta sus 26 a\u00f1os, mismos que en el transcurso de su estad\u00eda logran ocasionalmente ser insertados en el mundo laboral, como es el caso de Miguel \u00c1ngel Maturana Castro, alumno destacado de este establecimiento educacional municipalizado, quien en agosto pasado, gracias al alto nivel alcanzado en sus jornadas escolares diarias, logr\u00f3 ser insertado laboralmente en la Empresa Tottus de San Felipe, en donde hasta el d\u00eda de hoy y con gran \u00e9xito, desempe\u00f1a labores como Operario de Bodega.<\/p>\n<p>En el acto realizado ayer jueves, hubo m\u00fasica, juegos, palabras de los invitados en las que se reconoci\u00f3 el arduo trabajo de las especialistas de la escuela y por sobre todo, el esfuerzo personal que cada uno de los estudiantes realiza para salir adelante y vencer sus limitaciones.<\/p>\n<p>Roberto Gonz\u00e1lez Short<\/p>\n<p>rgonzalez@eltrabajo.cl<\/p>\n<p>&nbsp;<\/p>\n","protected":false},"excerpt":{"rendered":"<p>Mucha energ\u00eda y caritas felices fueron las que brillaron la ma\u00f1ana de este jueves en la Escuela de Educaci\u00f3n Especial Sagrado Coraz\u00f3n de San Felipe, casa de estudios que cumpli\u00f3 sus 40&#8230;<\/p>\n","protected":false},"author":482,"featured_media":39030,"comment_status":"open","ping_status":"closed","sticky":false,"template":"","format":"standard","meta":{"advanced_seo_description":"","jetpack_seo_html_title":"","jetpack_seo_noindex":false,"_jetpack_memberships_contains_paid_content":false,"footnotes":""},"categories":[15],"tags":[],"class_list":["post-39029","post","type-post","status-publish","format-standard","has-post-thumbnail","hentry","category-comunidad"],"jetpack_featured_media_url":"https:\/\/i0.wp.com\/eltrabajo.cl\/portal\/wp-content\/uploads\/2013\/10\/especiales1.jpg?fit=529%2C391&ssl=1","jetpack_sharing_enabled":true,"jetpack_likes_enabled":true,"jetpack-related-posts":[],"_links":{"self":[{"href":"https:\/\/eltrabajo.cl\/portal\/wp-json\/wp\/v2\/posts\/39029","targetHints":{"allow":["GET"]}}],"collection":[{"href":"https:\/\/eltrabajo.cl\/portal\/wp-json\/wp\/v2\/posts"}],"about":[{"href":"https:\/\/eltrabajo.cl\/portal\/wp-json\/wp\/v2\/types\/post"}],"author":[{"embeddable":true,"href":"https:\/\/eltrabajo.cl\/portal\/wp-json\/wp\/v2\/users\/482"}],"replies":[{"embeddable":true,"href":"https:\/\/eltrabajo.cl\/portal\/wp-json\/wp\/v2\/comments?post=39029"}],"version-history":[{"count":0,"href":"https:\/\/eltrabajo.cl\/portal\/wp-json\/wp\/v2\/posts\/39029\/revisions"}],"wp:featuredmedia":[{"embeddable":true,"href":"https:\/\/eltrabajo.cl\/portal\/wp-json\/wp\/v2\/media\/39030"}],"wp:attachment":[{"href":"https:\/\/eltrabajo.cl\/portal\/wp-json\/wp\/v2\/media?parent=39029"}],"wp:term":[{"taxonomy":"category","embeddable":true,"href":"https:\/\/eltrabajo.cl\/portal\/wp-json\/wp\/v2\/categories?post=39029"},{"taxonomy":"post_tag","embeddable":true,"href":"https:\/\/eltrabajo.cl\/portal\/wp-json\/wp\/v2\/tags?post=39029"}],"curies":[{"name":"wp","href":"https:\/\/api.w.org\/{rel}","templated":true}]}}