{"id":39063,"date":"2013-10-28T09:54:57","date_gmt":"2013-10-28T12:54:57","guid":{"rendered":"http:\/\/www.eltrabajo.cl\/portal\/?p=39063"},"modified":"2013-10-28T09:54:57","modified_gmt":"2013-10-28T12:54:57","slug":"familias-sanfelipenas-participaron-en-corrida-familiar-de-la-municipalidad","status":"publish","type":"post","link":"https:\/\/eltrabajo.cl\/portal\/familias-sanfelipenas-participaron-en-corrida-familiar-de-la-municipalidad\/","title":{"rendered":"Familias sanfelipe\u00f1as participaron en Corrida Familiar de la Municipalidad"},"content":{"rendered":"<figure id=\"attachment_39064\" aria-describedby=\"caption-attachment-39064\" style=\"width: 529px\" class=\"wp-caption alignnone\"><a href=\"https:\/\/i0.wp.com\/www.eltrabajo.cl\/portal\/wp-content\/uploads\/2013\/10\/meta2.jpg\"><img data-recalc-dims=\"1\" loading=\"lazy\" decoding=\"async\" class=\"size-full wp-image-39064\" title=\"Las madres con sus peque\u00f1os tambi\u00e9n levantaron polvo en este domingo de carreras en familia que organiz\u00f3 el municipio.\" alt=\"Las madres con sus peque\u00f1os tambi\u00e9n levantaron polvo en este domingo de carreras en familia que organiz\u00f3 el municipio.\" src=\"https:\/\/i0.wp.com\/www.eltrabajo.cl\/portal\/wp-content\/uploads\/2013\/10\/meta2.jpg?resize=529%2C384\" width=\"529\" height=\"384\" srcset=\"https:\/\/i0.wp.com\/eltrabajo.cl\/portal\/wp-content\/uploads\/2013\/10\/meta2.jpg?w=529&amp;ssl=1 529w, https:\/\/i0.wp.com\/eltrabajo.cl\/portal\/wp-content\/uploads\/2013\/10\/meta2.jpg?resize=200%2C145&amp;ssl=1 200w, https:\/\/i0.wp.com\/eltrabajo.cl\/portal\/wp-content\/uploads\/2013\/10\/meta2.jpg?resize=300%2C217&amp;ssl=1 300w, https:\/\/i0.wp.com\/eltrabajo.cl\/portal\/wp-content\/uploads\/2013\/10\/meta2.jpg?resize=150%2C108&amp;ssl=1 150w, https:\/\/i0.wp.com\/eltrabajo.cl\/portal\/wp-content\/uploads\/2013\/10\/meta2.jpg?resize=400%2C290&amp;ssl=1 400w\" sizes=\"auto, (max-width: 529px) 100vw, 529px\" \/><\/a><figcaption id=\"caption-attachment-39064\" class=\"wp-caption-text\">Las madres con sus peque\u00f1os tambi\u00e9n levantaron polvo en este domingo de carreras en familia que organiz\u00f3 el municipio.<\/figcaption><\/figure>\n<p>Con gran entusiasmo unas 80 personas y muchas familias de nuestra provincia, participaron este domingo en la gran corrida familiar, organizada por la Municipalidad de San Felipe. La actividad se realiz\u00f3 en el bandej\u00f3n central de Avenida Chacabuco y congreg\u00f3 a una importante cantidad de personas, que desde las 10:00 horas comenzaron para reunirse para inscribirse y realizar el calentamiento previo a la corrida.<\/p>\n<p>La actividad contemplaba tres recorridos, 1,5 K, 3 K y 5 K, competencia que fue la primera en realizarse, contemplando un recorrido por Avenida Chacabuco hasta la rotonda Almendral y de vuelta a la meta, la que estaba ubicada casi al llegar a Avenida Maip\u00fa, por el bandej\u00f3n central, donde participaron corredores m\u00e1s experimentados y quien gan\u00f3 fue Armando Villegas, un joven integrante del Club Atl\u00e9tico Municipal San Felipe, quien ha representado a la comuna nivel nacional.<\/p>\n<p>\u00abAdem\u00e1s de tener acondicionamiento f\u00edsico, uno anda bien de salud, ac\u00e1 se reunieron desde ni\u00f1os chicos hasta adultos, entonces esto es s\u00faper bueno, porque se re\u00fane la familia\u00bb, dijo Villegas. Armando logr\u00f3 un tiempo de alrededor de 18 minutos, uno m\u00e1s que su marca personal, que es de 17 minutos, seguido de Juan Carlos Sandoval, perteneciente a la Tercera Comisar\u00eda de Carabineros de San Felipe, quien luego de su trabajo practica este deporte, para mantener un buen estado f\u00edsico y el cuerpo sano. Sandoval destac\u00f3 adem\u00e1s la realizaci\u00f3n de esta actividad y la participaci\u00f3n de varias familias.<\/p>\n<p>&nbsp;<\/p>\n<p>LOS PEQUES TAMBI\u00c9N<\/p>\n<p>Luego se realiz\u00f3 la competencia de 1,5 y 3 kil\u00f3metros, donde participaron muchos ni\u00f1os de distintas edades, varios de ellos acompa\u00f1ados de sus mam\u00e1s. Incluso corri\u00f3 una familia completa, donde una peque\u00f1a beb\u00e9 acompa\u00f1\u00f3 en el coche a su mam\u00e1. \u00abNos motiv\u00f3 el deporte, tener una vida sana, en familia, inculcarle a los ni\u00f1os el deporte y que es bueno para la salud. Aunque fue un poco complicado, porque ten\u00edamos que esquivar las dificultades, igual corrimos. Esto es s\u00faper bueno y deber\u00edan hacerlo m\u00e1s seguido, porque une a la familia, incentiva el deporte en la juventud sobre todo, que hoy en d\u00eda hay tanto sedentarismo en los ni\u00f1os, en las familias. Hay muchas mam\u00e1s que de repente por estar en la casa se pierden este tipo de actividades que les har\u00eda bien, mental y f\u00edsicamente, es entretenido, hace bien, cansa, pero es muy entretenido\u00bb, dijo Gloria Carrande.<\/p>\n<p>La corrida fue organizada por la Municipalidad de San Felipe y espec\u00edficamente por la Mesa de Promoci\u00f3n de la Salud, con la idea de fomentar el deporte y la vida sana, uno de los principales lineamientos en el \u00e1rea deportiva del Alcalde Patricio Freire.<\/p>\n<p>\u00abEstamos contentos con la convocatoria, vemos la familia que es lo m\u00e1s importante, hemos recuperado un espacio p\u00fablico como es Alameda Chacabuco y eso ha sido desde siempre el inter\u00e9s de nuestro Alcalde Patricio Freire, que nos ha pedido que recuperemos estos espacios. Hoy es domingo y se convoc\u00f3 gran cantidad de personas y un agradecimiento para Carabineros, quienes no solamente trabajaron en la parte operativa, sino tambi\u00e9n participaron como competidores\u00bb, se\u00f1al\u00f3 Danilo Pe\u00f1a, Director del Departamento de Deportes del municipio. La idea es continuar realizando este tipo de actividades, donde se re\u00fana la familia, se practique el deporte y las personas mantengan una vida sana.<\/p>\n<p>&nbsp;<\/p>\n","protected":false},"excerpt":{"rendered":"<p>Con gran entusiasmo unas 80 personas y muchas familias de nuestra provincia, participaron este domingo en la gran corrida familiar, organizada por la Municipalidad de San Felipe. La actividad se realiz\u00f3 en&#8230;<\/p>\n","protected":false},"author":482,"featured_media":39064,"comment_status":"open","ping_status":"closed","sticky":false,"template":"","format":"standard","meta":{"advanced_seo_description":"","jetpack_seo_html_title":"","jetpack_seo_noindex":false,"_jetpack_memberships_contains_paid_content":false,"footnotes":""},"categories":[15],"tags":[],"class_list":["post-39063","post","type-post","status-publish","format-standard","has-post-thumbnail","hentry","category-comunidad"],"jetpack_featured_media_url":"https:\/\/i0.wp.com\/eltrabajo.cl\/portal\/wp-content\/uploads\/2013\/10\/meta2.jpg?fit=529%2C384&ssl=1","jetpack_sharing_enabled":true,"jetpack_likes_enabled":true,"jetpack-related-posts":[],"_links":{"self":[{"href":"https:\/\/eltrabajo.cl\/portal\/wp-json\/wp\/v2\/posts\/39063","targetHints":{"allow":["GET"]}}],"collection":[{"href":"https:\/\/eltrabajo.cl\/portal\/wp-json\/wp\/v2\/posts"}],"about":[{"href":"https:\/\/eltrabajo.cl\/portal\/wp-json\/wp\/v2\/types\/post"}],"author":[{"embeddable":true,"href":"https:\/\/eltrabajo.cl\/portal\/wp-json\/wp\/v2\/users\/482"}],"replies":[{"embeddable":true,"href":"https:\/\/eltrabajo.cl\/portal\/wp-json\/wp\/v2\/comments?post=39063"}],"version-history":[{"count":0,"href":"https:\/\/eltrabajo.cl\/portal\/wp-json\/wp\/v2\/posts\/39063\/revisions"}],"wp:featuredmedia":[{"embeddable":true,"href":"https:\/\/eltrabajo.cl\/portal\/wp-json\/wp\/v2\/media\/39064"}],"wp:attachment":[{"href":"https:\/\/eltrabajo.cl\/portal\/wp-json\/wp\/v2\/media?parent=39063"}],"wp:term":[{"taxonomy":"category","embeddable":true,"href":"https:\/\/eltrabajo.cl\/portal\/wp-json\/wp\/v2\/categories?post=39063"},{"taxonomy":"post_tag","embeddable":true,"href":"https:\/\/eltrabajo.cl\/portal\/wp-json\/wp\/v2\/tags?post=39063"}],"curies":[{"name":"wp","href":"https:\/\/api.w.org\/{rel}","templated":true}]}}