{"id":39066,"date":"2013-10-28T09:56:19","date_gmt":"2013-10-28T12:56:19","guid":{"rendered":"http:\/\/www.eltrabajo.cl\/portal\/?p=39066"},"modified":"2013-10-28T09:56:19","modified_gmt":"2013-10-28T12:56:19","slug":"agrupaciones-indigenas-presentaran-denuncia-ante-oit-contra-proyecto-andina-244","status":"publish","type":"post","link":"https:\/\/eltrabajo.cl\/portal\/agrupaciones-indigenas-presentaran-denuncia-ante-oit-contra-proyecto-andina-244\/","title":{"rendered":"Agrupaciones Ind\u00edgenas presentar\u00e1n denuncia ante OIT contra Proyecto Andina 244"},"content":{"rendered":"<figure id=\"attachment_39067\" aria-describedby=\"caption-attachment-39067\" style=\"width: 317px\" class=\"wp-caption alignleft\"><a href=\"https:\/\/i0.wp.com\/www.eltrabajo.cl\/portal\/wp-content\/uploads\/2013\/10\/juanalfaro-244.jpg\"><img data-recalc-dims=\"1\" loading=\"lazy\" decoding=\"async\" class=\" wp-image-39067 \" title=\"Juan Alfaro Robled, vocero de la agrupaci\u00f3n Mapuche-Pehuenche del Valle de Aconcagua. \" alt=\"Juan Alfaro Robled, vocero de la agrupaci\u00f3n Mapuche-Pehuenche del Valle de Aconcagua. \" src=\"https:\/\/i0.wp.com\/www.eltrabajo.cl\/portal\/wp-content\/uploads\/2013\/10\/juanalfaro-244.jpg?resize=317%2C348\" width=\"317\" height=\"348\" srcset=\"https:\/\/i0.wp.com\/eltrabajo.cl\/portal\/wp-content\/uploads\/2013\/10\/juanalfaro-244.jpg?w=529&amp;ssl=1 529w, https:\/\/i0.wp.com\/eltrabajo.cl\/portal\/wp-content\/uploads\/2013\/10\/juanalfaro-244.jpg?resize=136%2C150&amp;ssl=1 136w, https:\/\/i0.wp.com\/eltrabajo.cl\/portal\/wp-content\/uploads\/2013\/10\/juanalfaro-244.jpg?resize=273%2C300&amp;ssl=1 273w, https:\/\/i0.wp.com\/eltrabajo.cl\/portal\/wp-content\/uploads\/2013\/10\/juanalfaro-244.jpg?resize=400%2C438&amp;ssl=1 400w\" sizes=\"auto, (max-width: 317px) 100vw, 317px\" \/><\/a><figcaption id=\"caption-attachment-39067\" class=\"wp-caption-text\">Juan Alfaro Robled, vocero de la agrupaci\u00f3n Mapuche-Pehuenche del Valle de Aconcagua.<\/figcaption><\/figure>\n<p><strong>LOS ANDES<\/strong>.- Las agrupaciones Ind\u00edgenas del Valle de Aconcagua, presentar\u00e1n una denuncia ante la OIT por no haber sido considerados y escuchadas sus demandas frente al Proyecto de Expansi\u00f3n Andina 244.<\/p>\n<p>El vocero de la agrupaci\u00f3n Mapuche-Pehuenche del Valle de Aconcagua, Pe\u00f1i Juan Alfaro Robled, sostuvo que har\u00e1n esta denuncia porque el estado chileno no los reconoce como organizaci\u00f3n para que puedan expresar sus opiniones frente a este proyecto, el cual a su juicio no deber\u00eda ejecutarse.<\/p>\n<p>Alfaro reiter\u00f3 que la ejecuci\u00f3n del Proyecto Andina 244 significar\u00e1 la destrucci\u00f3n de los glaciares que son las grandes reservas de agua que nutren la tierra del valle y lament\u00f3 que no exista hoy d\u00eda una legislaci\u00f3n que los proteja. En este contexto, expres\u00f3 que el Proyecto Andina 244 es ileg\u00edtimo, por cuanto no toman en cuenta el sentir de las comunidades ind\u00edgenas ancestrales del valle.<\/p>\n<p>\u00abEl concepto de desarrollo que maneja el estado huinca es desarrollismo, el vicio de desarrollarse, y las cosas de modo natural se desarrollan. Para nosotros hay un enfrentamiento entre dos culturas\u00bb, sostuvo el dirigente Mapuche-Pehuenche. En este contexto, indic\u00f3 que est\u00e1n reuniendo todos los antecedentes para ser presentados lo antes posible ante la OIT.<\/p>\n<p>&nbsp;<\/p>\n","protected":false},"excerpt":{"rendered":"<p>LOS ANDES.- Las agrupaciones Ind\u00edgenas del Valle de Aconcagua, presentar\u00e1n una denuncia ante la OIT por no haber sido considerados y escuchadas sus demandas frente al Proyecto de Expansi\u00f3n Andina 244. El&#8230;<\/p>\n","protected":false},"author":482,"featured_media":39067,"comment_status":"open","ping_status":"closed","sticky":false,"template":"","format":"standard","meta":{"advanced_seo_description":"","jetpack_seo_html_title":"","jetpack_seo_noindex":false,"_jetpack_memberships_contains_paid_content":false,"footnotes":""},"categories":[15],"tags":[],"class_list":["post-39066","post","type-post","status-publish","format-standard","has-post-thumbnail","hentry","category-comunidad"],"jetpack_featured_media_url":"https:\/\/i0.wp.com\/eltrabajo.cl\/portal\/wp-content\/uploads\/2013\/10\/juanalfaro-244.jpg?fit=529%2C580&ssl=1","jetpack_sharing_enabled":true,"jetpack_likes_enabled":true,"jetpack-related-posts":[],"_links":{"self":[{"href":"https:\/\/eltrabajo.cl\/portal\/wp-json\/wp\/v2\/posts\/39066","targetHints":{"allow":["GET"]}}],"collection":[{"href":"https:\/\/eltrabajo.cl\/portal\/wp-json\/wp\/v2\/posts"}],"about":[{"href":"https:\/\/eltrabajo.cl\/portal\/wp-json\/wp\/v2\/types\/post"}],"author":[{"embeddable":true,"href":"https:\/\/eltrabajo.cl\/portal\/wp-json\/wp\/v2\/users\/482"}],"replies":[{"embeddable":true,"href":"https:\/\/eltrabajo.cl\/portal\/wp-json\/wp\/v2\/comments?post=39066"}],"version-history":[{"count":0,"href":"https:\/\/eltrabajo.cl\/portal\/wp-json\/wp\/v2\/posts\/39066\/revisions"}],"wp:featuredmedia":[{"embeddable":true,"href":"https:\/\/eltrabajo.cl\/portal\/wp-json\/wp\/v2\/media\/39067"}],"wp:attachment":[{"href":"https:\/\/eltrabajo.cl\/portal\/wp-json\/wp\/v2\/media?parent=39066"}],"wp:term":[{"taxonomy":"category","embeddable":true,"href":"https:\/\/eltrabajo.cl\/portal\/wp-json\/wp\/v2\/categories?post=39066"},{"taxonomy":"post_tag","embeddable":true,"href":"https:\/\/eltrabajo.cl\/portal\/wp-json\/wp\/v2\/tags?post=39066"}],"curies":[{"name":"wp","href":"https:\/\/api.w.org\/{rel}","templated":true}]}}