{"id":39069,"date":"2013-10-28T09:57:44","date_gmt":"2013-10-28T12:57:44","guid":{"rendered":"http:\/\/www.eltrabajo.cl\/portal\/?p=39069"},"modified":"2013-10-28T09:57:44","modified_gmt":"2013-10-28T12:57:44","slug":"culminan-actividades-del-mes-del-adulto-mayor-en-santa-maria","status":"publish","type":"post","link":"https:\/\/eltrabajo.cl\/portal\/culminan-actividades-del-mes-del-adulto-mayor-en-santa-maria\/","title":{"rendered":"Culminan actividades del Mes del Adulto Mayor en Santa Mar\u00eda"},"content":{"rendered":"<figure id=\"attachment_39070\" aria-describedby=\"caption-attachment-39070\" style=\"width: 529px\" class=\"wp-caption alignnone\"><a href=\"https:\/\/i0.wp.com\/www.eltrabajo.cl\/portal\/wp-content\/uploads\/2013\/10\/aabuelos.jpg\"><img data-recalc-dims=\"1\" loading=\"lazy\" decoding=\"async\" class=\"size-full wp-image-39070\" title=\"Estos son los regalones de Santa Mar\u00eda, todos ellos lo han pasado a sus anchas durante este mes que termina.\" alt=\"Estos son los regalones de Santa Mar\u00eda, todos ellos lo han pasado a sus anchas durante este mes que termina.\" src=\"https:\/\/i0.wp.com\/www.eltrabajo.cl\/portal\/wp-content\/uploads\/2013\/10\/aabuelos.jpg?resize=529%2C327\" width=\"529\" height=\"327\" srcset=\"https:\/\/i0.wp.com\/eltrabajo.cl\/portal\/wp-content\/uploads\/2013\/10\/aabuelos.jpg?w=529&amp;ssl=1 529w, https:\/\/i0.wp.com\/eltrabajo.cl\/portal\/wp-content\/uploads\/2013\/10\/aabuelos.jpg?resize=200%2C123&amp;ssl=1 200w, https:\/\/i0.wp.com\/eltrabajo.cl\/portal\/wp-content\/uploads\/2013\/10\/aabuelos.jpg?resize=300%2C185&amp;ssl=1 300w, https:\/\/i0.wp.com\/eltrabajo.cl\/portal\/wp-content\/uploads\/2013\/10\/aabuelos.jpg?resize=150%2C92&amp;ssl=1 150w, https:\/\/i0.wp.com\/eltrabajo.cl\/portal\/wp-content\/uploads\/2013\/10\/aabuelos.jpg?resize=400%2C247&amp;ssl=1 400w\" sizes=\"auto, (max-width: 529px) 100vw, 529px\" \/><\/a><figcaption id=\"caption-attachment-39070\" class=\"wp-caption-text\">Estos son los regalones de Santa Mar\u00eda, todos ellos lo han pasado a sus anchas durante este mes que termina.<\/figcaption><\/figure>\n<p><strong>SANTA MAR\u00cdA<\/strong>.- Promover la participaci\u00f3n de los Adultos Mayores de la comuna a trav\u00e9s de actividades recreativas y culturales, ha sido un pilar fundamental en la gesti\u00f3n de las autoridades comunales. Por esta raz\u00f3n durante todo el mes, el Municipio de Santa Mar\u00eda prepar\u00f3 diversas actividades para reconocerlos y celebrarlos, entre las que se pueden destacar el \u2018Encuentro intergeneracional\u2019, actividad que permite transmitir y traspasar experiencias entre Adultos Mayores, ni\u00f1os y j\u00f3venes, la \u2018Liturgia de bendici\u00f3n y recordatorio\u2019 en la Iglesia Inmaculada Concepci\u00f3n, el \u2018Encuentro Recreativo\u2019 en el Centro Vacacional Palomar, donde comparten todo el d\u00eda al aire libre en forma merecida. El acto de culminaci\u00f3n de estas actividades correspondi\u00f3 a una gran Gala Art\u00edstica efectuada en el gimnasio municipal con una asistencia de m\u00e1s de 500 personas, donde se coron\u00f3 como nueva reina a Mar\u00eda Luisa Herrera, del Club Los A\u00f1os Dorados de la Higuera; en segundo lugar su ubic\u00f3 la representante del Club de Ilusi\u00f3n de Vivir, de Las Cabras y en tercer lugar la representante del Club Los Cari\u00f1ositos, del sector Las Cadenas.<\/p>\n<p>Consultado al respecto, el edil, se\u00f1al\u00f3 que \u00abesta es una gran oportunidad para expresar todo el sentir, todo el cari\u00f1o, respeto y admiraci\u00f3n que siento por las personas de la tercera edad. En Santa Mar\u00eda no s\u00f3lo celebramos un d\u00eda, sino un mes completo de actividades exclusivamente preparadas para ellos. Agradezco el esfuerzo y dedicaci\u00f3n principalmente del equipo de organizaciones comunitarias, Secretar\u00eda Municipal y Dideso. Los Adultos Mayores ocupan un sitial muy importante en nuestra gesti\u00f3n por eso hoy quiero reiterar el compromiso de este alcalde, del Concejo Municipal que lo acompa\u00f1a y de todos los funcionarios municipales con cada uno de ellos, quienes nos han entregada su ense\u00f1anza de vida, su cari\u00f1o y sabidur\u00eda a lo largo de esta vida\u00bb.<\/p>\n<p>&nbsp;<\/p>\n","protected":false},"excerpt":{"rendered":"<p>SANTA MAR\u00cdA.- Promover la participaci\u00f3n de los Adultos Mayores de la comuna a trav\u00e9s de actividades recreativas y culturales, ha sido un pilar fundamental en la gesti\u00f3n de las autoridades comunales. Por&#8230;<\/p>\n","protected":false},"author":482,"featured_media":39070,"comment_status":"open","ping_status":"closed","sticky":false,"template":"","format":"standard","meta":{"advanced_seo_description":"","jetpack_seo_html_title":"","jetpack_seo_noindex":false,"_jetpack_memberships_contains_paid_content":false,"footnotes":""},"categories":[15],"tags":[],"class_list":["post-39069","post","type-post","status-publish","format-standard","has-post-thumbnail","hentry","category-comunidad"],"jetpack_featured_media_url":"https:\/\/i0.wp.com\/eltrabajo.cl\/portal\/wp-content\/uploads\/2013\/10\/aabuelos.jpg?fit=529%2C327&ssl=1","jetpack_sharing_enabled":true,"jetpack_likes_enabled":true,"jetpack-related-posts":[],"_links":{"self":[{"href":"https:\/\/eltrabajo.cl\/portal\/wp-json\/wp\/v2\/posts\/39069","targetHints":{"allow":["GET"]}}],"collection":[{"href":"https:\/\/eltrabajo.cl\/portal\/wp-json\/wp\/v2\/posts"}],"about":[{"href":"https:\/\/eltrabajo.cl\/portal\/wp-json\/wp\/v2\/types\/post"}],"author":[{"embeddable":true,"href":"https:\/\/eltrabajo.cl\/portal\/wp-json\/wp\/v2\/users\/482"}],"replies":[{"embeddable":true,"href":"https:\/\/eltrabajo.cl\/portal\/wp-json\/wp\/v2\/comments?post=39069"}],"version-history":[{"count":0,"href":"https:\/\/eltrabajo.cl\/portal\/wp-json\/wp\/v2\/posts\/39069\/revisions"}],"wp:featuredmedia":[{"embeddable":true,"href":"https:\/\/eltrabajo.cl\/portal\/wp-json\/wp\/v2\/media\/39070"}],"wp:attachment":[{"href":"https:\/\/eltrabajo.cl\/portal\/wp-json\/wp\/v2\/media?parent=39069"}],"wp:term":[{"taxonomy":"category","embeddable":true,"href":"https:\/\/eltrabajo.cl\/portal\/wp-json\/wp\/v2\/categories?post=39069"},{"taxonomy":"post_tag","embeddable":true,"href":"https:\/\/eltrabajo.cl\/portal\/wp-json\/wp\/v2\/tags?post=39069"}],"curies":[{"name":"wp","href":"https:\/\/api.w.org\/{rel}","templated":true}]}}