{"id":39072,"date":"2013-10-28T10:08:22","date_gmt":"2013-10-28T13:08:22","guid":{"rendered":"http:\/\/www.eltrabajo.cl\/portal\/?p=39072"},"modified":"2013-10-28T10:20:50","modified_gmt":"2013-10-28T13:20:50","slug":"millonaria-e-historica-inversion-logra-el-municipio-de-san-felipe","status":"publish","type":"post","link":"https:\/\/eltrabajo.cl\/portal\/millonaria-e-historica-inversion-logra-el-municipio-de-san-felipe\/","title":{"rendered":"Millonaria e hist\u00f3rica inversi\u00f3n logra el municipio de San Felipe"},"content":{"rendered":"<figure id=\"attachment_39073\" aria-describedby=\"caption-attachment-39073\" style=\"width: 529px\" class=\"wp-caption alignnone\"><a href=\"https:\/\/i0.wp.com\/www.eltrabajo.cl\/portal\/wp-content\/uploads\/2013\/10\/conferencia.jpg\"><img data-recalc-dims=\"1\" loading=\"lazy\" decoding=\"async\" class=\"size-full wp-image-39073\" title=\"En conferencia de prensa fueron dadas a conocer las cifras y los proyectos que pr\u00f3ximamente estar\u00e1n siendo ejecutados en nuestra provincia.\" alt=\"En conferencia de prensa fueron dadas a conocer las cifras y los proyectos que pr\u00f3ximamente estar\u00e1n siendo ejecutados en nuestra provincia.\" src=\"https:\/\/i0.wp.com\/www.eltrabajo.cl\/portal\/wp-content\/uploads\/2013\/10\/conferencia.jpg?resize=529%2C301\" width=\"529\" height=\"301\" srcset=\"https:\/\/i0.wp.com\/eltrabajo.cl\/portal\/wp-content\/uploads\/2013\/10\/conferencia.jpg?w=529&amp;ssl=1 529w, https:\/\/i0.wp.com\/eltrabajo.cl\/portal\/wp-content\/uploads\/2013\/10\/conferencia.jpg?resize=200%2C113&amp;ssl=1 200w, https:\/\/i0.wp.com\/eltrabajo.cl\/portal\/wp-content\/uploads\/2013\/10\/conferencia.jpg?resize=300%2C170&amp;ssl=1 300w, https:\/\/i0.wp.com\/eltrabajo.cl\/portal\/wp-content\/uploads\/2013\/10\/conferencia.jpg?resize=150%2C85&amp;ssl=1 150w, https:\/\/i0.wp.com\/eltrabajo.cl\/portal\/wp-content\/uploads\/2013\/10\/conferencia.jpg?resize=400%2C227&amp;ssl=1 400w\" sizes=\"auto, (max-width: 529px) 100vw, 529px\" \/><\/a><figcaption id=\"caption-attachment-39073\" class=\"wp-caption-text\">En conferencia de prensa fueron dadas a conocer las cifras y los proyectos que pr\u00f3ximamente estar\u00e1n siendo ejecutados en nuestra provincia.<\/figcaption><\/figure>\n<p>Una hist\u00f3rica y millonaria inversi\u00f3n logr\u00f3 la Municipalidad de San Felipe luego que este jueves 24 de octubre, el Gobierno Regional de Valpara\u00edso aprob\u00f3 1.112 millones de pesos, que se suman a los proyectos aprobados anteriormente por un monto de $1.226 millones, alcanzando una inversi\u00f3n que durante este a\u00f1o 2013 llegar\u00e1 a los 2.750 millones de pesos en proyectos en ejecuci\u00f3n y que deber\u00e1n comenzar a ejecutarse este 2014. La noticia la entreg\u00f3 la ma\u00f1ana de este viernes 25 el Alcalde Patricio Freire, quien se reuni\u00f3 con los consejeros regionales Iv\u00e1n Reyes, Nelson Contador y Eduardo Le\u00f3n, para entregar el detalle de esta aprobaci\u00f3n y de los proyectos que se podr\u00e1n financiar con los fondos regionales.<\/p>\n<p><strong>\u00a0<\/strong><\/p>\n<p><strong>LUCES NUEVAS<\/strong><\/p>\n<p>De acuerdo a lo informado por el jefe comunal sanfelipe\u00f1o, del total de la inversi\u00f3n, alrededor de $1.112 millones corresponden a proyectos aprobados a trav\u00e9s del FNDR 2013 y que implican el mejoramiento del alumbrado p\u00fablico de la comuna de San Felipe, por alrededor de 751 millones de pesos, el mejoramiento del gimnasio del Liceo Corina Urbina, por un monto superior a los 353 millones de pesos y el dise\u00f1o del mejoramiento de Calle Benigno Caldera por casi ocho millones de pesos. Seg\u00fan explic\u00f3 Freire, en el proyecto de luminarias, las m\u00e1s antiguas, ser\u00e1n reemplazadas por luminarias led, en sectores como Algarrobal, Almendral, Bucalemu, El Tambo, Enc\u00f3n, Hacienda de Quilpu\u00e9, Los Villares, San Rafael y Tocornal.<\/p>\n<p>\u00abTambi\u00e9n se va a iluminar sectores como Parras\u00eda, Barrancas y Curim\u00f3n. En el fondo todos los sectores rurales van a quedar muy bien iluminados, con nueva tecnolog\u00eda, lo que permitir\u00e1 un ahorro en consumo el\u00e9ctrico de m\u00e1s de 100 millones de pesos al a\u00f1o\u00bb, dijo el jefe comunal. Respecto del proyecto del mejoramiento del gimnasio del Liceo Corina Urbina, esta iniciativa ven\u00eda present\u00e1ndose desde el a\u00f1o 2011 \u00aby en esta nueva administraci\u00f3n logra obtener la recomendaci\u00f3n t\u00e9cnica y los recursos son 100% del Gobierno Regional\u00bb, acot\u00f3 el Consejero Iv\u00e1n Reyes.<\/p>\n<p>Adem\u00e1s, dentro de esta millonaria inversi\u00f3n se encuentran proyectos tambi\u00e9n FNDR, que est\u00e1n en ejecuci\u00f3n o por ejecutar, como el dise\u00f1o para la construcci\u00f3n del alcantarillado del sector 21 de Mayo, el dise\u00f1o de las redes de alcantarillado de Curim\u00f3n Centro y el dise\u00f1o del centro multiactivo, adem\u00e1s de otras iniciativas, que llegan a los 1.226 millones de pesos. En relaci\u00f3n a la Circular 33, se destacan proyectos como la adquisici\u00f3n del ascensor para la Municipalidad de San Felipe, nuevas m\u00e1quinas de ejercicio que se instalar\u00e1n en diversos sectores de la comuna, la barredora de calles, dos camionetas destinadas a inspecci\u00f3n y fiscalizaci\u00f3n, entre otras iniciativas, las que alcanzan los 411 millones de pesos.<\/p>\n<p>El Alcalde agradeci\u00f3 la gesti\u00f3n realizada por los consejeros regionales, de quienes destac\u00f3 el trabajo efectuado a favor de la comuna y de los vecinos de San Felipe. Freire aprovech\u00f3 tambi\u00e9n la ocasi\u00f3n para felicitar y agradecer el trabajo del equipo de profesionales de Secpla, que en poco tiempo y reci\u00e9n en su primer a\u00f1o de gesti\u00f3n logr\u00f3 obtener las aprobaciones t\u00e9cnicas que permiten la llegada de estos recursos para concretar proyectos muy anhelados por la comunidad de San Felipe.<\/p>\n<p>El edil destac\u00f3 que esta gran noticia es fruto del trabajo mancomunado con los dirigentes de las organizaciones sociales de la comuna, quienes han tenido cabida y han sido o\u00eddas sus demandas. Adem\u00e1s, dijo que con esta inversi\u00f3n, que representa el 80% de los recursos aprobados para toda la provincia de San Felipe, se avanza en la planificaci\u00f3n que hizo de su gesti\u00f3n como alcalde de la comuna y valor\u00f3 el compromiso tanto de las autoridades como de los equipos t\u00e9cnicos y funcionarios municipales en beneficio de todas y todos los sanfelipe\u00f1os.<\/p>\n<p>&nbsp;<\/p>\n","protected":false},"excerpt":{"rendered":"<p>Una hist\u00f3rica y millonaria inversi\u00f3n logr\u00f3 la Municipalidad de San Felipe luego que este jueves 24 de octubre, el Gobierno Regional de Valpara\u00edso aprob\u00f3 1.112 millones de pesos, que se suman a&#8230;<\/p>\n","protected":false},"author":482,"featured_media":39073,"comment_status":"open","ping_status":"closed","sticky":false,"template":"","format":"standard","meta":{"advanced_seo_description":"","jetpack_seo_html_title":"","jetpack_seo_noindex":false,"_jetpack_memberships_contains_paid_content":false,"footnotes":""},"categories":[1],"tags":[],"class_list":["post-39072","post","type-post","status-publish","format-standard","has-post-thumbnail","hentry","category-cronica"],"jetpack_featured_media_url":"https:\/\/i0.wp.com\/eltrabajo.cl\/portal\/wp-content\/uploads\/2013\/10\/conferencia.jpg?fit=529%2C301&ssl=1","jetpack_sharing_enabled":true,"jetpack_likes_enabled":true,"jetpack-related-posts":[],"_links":{"self":[{"href":"https:\/\/eltrabajo.cl\/portal\/wp-json\/wp\/v2\/posts\/39072","targetHints":{"allow":["GET"]}}],"collection":[{"href":"https:\/\/eltrabajo.cl\/portal\/wp-json\/wp\/v2\/posts"}],"about":[{"href":"https:\/\/eltrabajo.cl\/portal\/wp-json\/wp\/v2\/types\/post"}],"author":[{"embeddable":true,"href":"https:\/\/eltrabajo.cl\/portal\/wp-json\/wp\/v2\/users\/482"}],"replies":[{"embeddable":true,"href":"https:\/\/eltrabajo.cl\/portal\/wp-json\/wp\/v2\/comments?post=39072"}],"version-history":[{"count":0,"href":"https:\/\/eltrabajo.cl\/portal\/wp-json\/wp\/v2\/posts\/39072\/revisions"}],"wp:featuredmedia":[{"embeddable":true,"href":"https:\/\/eltrabajo.cl\/portal\/wp-json\/wp\/v2\/media\/39073"}],"wp:attachment":[{"href":"https:\/\/eltrabajo.cl\/portal\/wp-json\/wp\/v2\/media?parent=39072"}],"wp:term":[{"taxonomy":"category","embeddable":true,"href":"https:\/\/eltrabajo.cl\/portal\/wp-json\/wp\/v2\/categories?post=39072"},{"taxonomy":"post_tag","embeddable":true,"href":"https:\/\/eltrabajo.cl\/portal\/wp-json\/wp\/v2\/tags?post=39072"}],"curies":[{"name":"wp","href":"https:\/\/api.w.org\/{rel}","templated":true}]}}