{"id":39078,"date":"2013-10-28T10:01:55","date_gmt":"2013-10-28T13:01:55","guid":{"rendered":"http:\/\/www.eltrabajo.cl\/portal\/?p=39078"},"modified":"2013-10-28T10:01:56","modified_gmt":"2013-10-28T13:01:56","slug":"alcalde-patricio-freire-por-economia-nunca-vamos-a-llegar-a-cerrar-un-colegio","status":"publish","type":"post","link":"https:\/\/eltrabajo.cl\/portal\/alcalde-patricio-freire-por-economia-nunca-vamos-a-llegar-a-cerrar-un-colegio\/","title":{"rendered":"Alcalde Patricio Freire: \u00abPor econom\u00eda, nunca vamos a llegar a cerrar un colegio\u00bb"},"content":{"rendered":"<figure id=\"attachment_39079\" aria-describedby=\"caption-attachment-39079\" style=\"width: 317px\" class=\"wp-caption alignleft\"><a href=\"https:\/\/i0.wp.com\/www.eltrabajo.cl\/portal\/wp-content\/uploads\/2013\/10\/alcalde-freire-2.jpg\"><img data-recalc-dims=\"1\" loading=\"lazy\" decoding=\"async\" class=\" wp-image-39079  \" title=\"El alcalde Patricio Freire recalc\u00f3 que se trabaja arduamente por mejorar la calidad de la educaci\u00f3n municipal.\" alt=\"El alcalde Patricio Freire recalc\u00f3 que se trabaja arduamente por mejorar la calidad de la educaci\u00f3n municipal.\" src=\"https:\/\/i0.wp.com\/www.eltrabajo.cl\/portal\/wp-content\/uploads\/2013\/10\/alcalde-freire-2.jpg?resize=317%2C295\" width=\"317\" height=\"295\" srcset=\"https:\/\/i0.wp.com\/eltrabajo.cl\/portal\/wp-content\/uploads\/2013\/10\/alcalde-freire-2.jpg?w=529&amp;ssl=1 529w, https:\/\/i0.wp.com\/eltrabajo.cl\/portal\/wp-content\/uploads\/2013\/10\/alcalde-freire-2.jpg?resize=161%2C150&amp;ssl=1 161w, https:\/\/i0.wp.com\/eltrabajo.cl\/portal\/wp-content\/uploads\/2013\/10\/alcalde-freire-2.jpg?resize=300%2C279&amp;ssl=1 300w, https:\/\/i0.wp.com\/eltrabajo.cl\/portal\/wp-content\/uploads\/2013\/10\/alcalde-freire-2.jpg?resize=150%2C139&amp;ssl=1 150w, https:\/\/i0.wp.com\/eltrabajo.cl\/portal\/wp-content\/uploads\/2013\/10\/alcalde-freire-2.jpg?resize=400%2C372&amp;ssl=1 400w\" sizes=\"auto, (max-width: 317px) 100vw, 317px\" \/><\/a><figcaption id=\"caption-attachment-39079\" class=\"wp-caption-text\">El alcalde Patricio Freire recalc\u00f3 que se trabaja arduamente por mejorar la calidad de la educaci\u00f3n municipal.<\/figcaption><\/figure>\n<p>El Alcalde de San Felipe, Patricio Freire, fue enf\u00e1tico en se\u00f1alar que se est\u00e1 realizando un estudio acabado de la realidad educacional de San Felipe, con miras a lograr el fortalecimiento de la ense\u00f1anza municipalizada, advirtiendo en ese plano que \u00abnunca nosotros, por econom\u00eda, vamos a llegar a cerrar un colegio\u00bb.<\/p>\n<p>Las declaraciones fueron formuladas por el edil, a prop\u00f3sito de la pol\u00e9mica que se ha generado por el eventual cierre de establecimientos educacionales, tres en total, que se ha planteado desde la Daem y que ser\u00eda a consecuencia de la problem\u00e1tica econ\u00f3mica que enfrenta el sistema, que se ve agravada por la escasa matr\u00edcula que registran escuelas como las de San Rafael, Bellavista y Manuel Rodr\u00edguez, que son las que precisamente se ha planteado cerrar.<\/p>\n<p>Mientras el Concejo Municipal, o gran parte de \u00e9l, se ha manifestado en contra de esta medida, que debe ser resuelta antes del 15 de noviembre pr\u00f3ximo, el alcalde manifest\u00f3 que la tarea que ha encomendado a la Daem por estos d\u00edas, es la realizaci\u00f3n de un estudio que permita definir pasos a seguir, para mejorar la calidad de la educaci\u00f3n.<\/p>\n<p>\u00abEstamos haciendo un estudio de c\u00f3mo mejorar la educaci\u00f3n p\u00fablica en San Felipe. Nunca nosotros, por econom\u00eda, vamos a cerrar un colegio, y si lleg\u00e1ramos a fusionar dos escuelas, ser\u00eda por mejorar la calidad de la educaci\u00f3n, pero en ning\u00fan caso por economizar\u00bb, dijo el Alcalde Freire. Consultado si actualmente es posible asegurar que no habr\u00e1 cierre de establecimientos, el edil manifest\u00f3 que \u00abyo lo que digo bien claro, es que estamos haciendo un estudio completo y no est\u00e1 en estos momentos todo el proyecto acabado, porque tenemos plazo hasta el 15 de noviembre, para aprobar el Padem 2014, y estamos buscando de tal manera, que no tengamos problemas con los alumnos\u00bb.<\/p>\n<p>La autoridad en todo caso, manifest\u00f3 que toda esta situaci\u00f3n pasa por un problema del pa\u00eds, explicando que \u00abnosotros como sistema recibimos una subvenci\u00f3n por asistencia del alumno, el problema es que el costo general del establecimiento, es el mismo, independientemente de que el ni\u00f1o vaya o no a clases, en las escuelas rurales, a veces a los ni\u00f1os les cuesta llegar, la asistencia es baja por un mont\u00f3n de factores, pero lamentablemente aqu\u00ed hay un copago que nosotros no tenemos. Entonces tenemos un desequilibrio muy grande\u00bb, precis\u00f3 la autoridad.<\/p>\n<p>A\u00f1adi\u00f3 que el municipio aporta mil millones anuales al sistema educativo, y si las corporaciones edilicias recibieran la misma cifra de recursos que el sistema particular subvencionado con el copago incluido, tendr\u00edan la mejor educaci\u00f3n.<\/p>\n<p>\u00abLos municipios manejan espectacularmente bien la educaci\u00f3n, incluso, en la Simce tienen mejores resultados que muchos particulares subvencionados\u00bb, acot\u00f3 el alcalde.<\/p>\n<p>Freire manifest\u00f3 finalmente que el municipio est\u00e1 haciendo sus m\u00e1ximos esfuerzos por mejorar la calidad de la educaci\u00f3n municipal, recalcando que en el caso del Programa de Integraci\u00f3n Escolar, cuentan con 70 profesionales que en definitiva, contribuyan a nivelar el sistema, recalcando que la administraci\u00f3n municipal es una de las mejores en la parte educativa.<\/p>\n<p>&nbsp;<\/p>\n","protected":false},"excerpt":{"rendered":"<p>El Alcalde de San Felipe, Patricio Freire, fue enf\u00e1tico en se\u00f1alar que se est\u00e1 realizando un estudio acabado de la realidad educacional de San Felipe, con miras a lograr el fortalecimiento de&#8230;<\/p>\n","protected":false},"author":482,"featured_media":39079,"comment_status":"open","ping_status":"closed","sticky":false,"template":"","format":"standard","meta":{"advanced_seo_description":"","jetpack_seo_html_title":"","jetpack_seo_noindex":false,"_jetpack_memberships_contains_paid_content":false,"footnotes":""},"categories":[1],"tags":[],"class_list":["post-39078","post","type-post","status-publish","format-standard","has-post-thumbnail","hentry","category-cronica"],"jetpack_featured_media_url":"https:\/\/i0.wp.com\/eltrabajo.cl\/portal\/wp-content\/uploads\/2013\/10\/alcalde-freire-2.jpg?fit=529%2C492&ssl=1","jetpack_sharing_enabled":true,"jetpack_likes_enabled":true,"jetpack-related-posts":[],"_links":{"self":[{"href":"https:\/\/eltrabajo.cl\/portal\/wp-json\/wp\/v2\/posts\/39078","targetHints":{"allow":["GET"]}}],"collection":[{"href":"https:\/\/eltrabajo.cl\/portal\/wp-json\/wp\/v2\/posts"}],"about":[{"href":"https:\/\/eltrabajo.cl\/portal\/wp-json\/wp\/v2\/types\/post"}],"author":[{"embeddable":true,"href":"https:\/\/eltrabajo.cl\/portal\/wp-json\/wp\/v2\/users\/482"}],"replies":[{"embeddable":true,"href":"https:\/\/eltrabajo.cl\/portal\/wp-json\/wp\/v2\/comments?post=39078"}],"version-history":[{"count":0,"href":"https:\/\/eltrabajo.cl\/portal\/wp-json\/wp\/v2\/posts\/39078\/revisions"}],"wp:featuredmedia":[{"embeddable":true,"href":"https:\/\/eltrabajo.cl\/portal\/wp-json\/wp\/v2\/media\/39079"}],"wp:attachment":[{"href":"https:\/\/eltrabajo.cl\/portal\/wp-json\/wp\/v2\/media?parent=39078"}],"wp:term":[{"taxonomy":"category","embeddable":true,"href":"https:\/\/eltrabajo.cl\/portal\/wp-json\/wp\/v2\/categories?post=39078"},{"taxonomy":"post_tag","embeddable":true,"href":"https:\/\/eltrabajo.cl\/portal\/wp-json\/wp\/v2\/tags?post=39078"}],"curies":[{"name":"wp","href":"https:\/\/api.w.org\/{rel}","templated":true}]}}