{"id":39104,"date":"2013-10-29T10:03:24","date_gmt":"2013-10-29T13:03:24","guid":{"rendered":"http:\/\/www.eltrabajo.cl\/portal\/?p=39104"},"modified":"2013-10-29T10:03:24","modified_gmt":"2013-10-29T13:03:24","slug":"docentes-rechazan-mesa-de-trabajo-propuesta-por-municipio-y-continuan-paro","status":"publish","type":"post","link":"https:\/\/eltrabajo.cl\/portal\/docentes-rechazan-mesa-de-trabajo-propuesta-por-municipio-y-continuan-paro\/","title":{"rendered":"Docentes rechazan mesa de trabajo propuesta por municipio y contin\u00faan paro"},"content":{"rendered":"<figure id=\"attachment_39105\" aria-describedby=\"caption-attachment-39105\" style=\"width: 529px\" class=\"wp-caption alignnone\"><a href=\"https:\/\/i0.wp.com\/www.eltrabajo.cl\/portal\/wp-content\/uploads\/2013\/10\/alcalde-profes3.jpg\"><img data-recalc-dims=\"1\" loading=\"lazy\" decoding=\"async\" class=\"size-full wp-image-39105\" title=\"Se complica el t\u00e9rmino del a\u00f1o escolar en los colegios p\u00fablicos de la ciudad luego que la Asamblea Docente rechazara la mesa de trabajo propuesta por el municipio.\" alt=\"Se complica el t\u00e9rmino del a\u00f1o escolar en los colegios p\u00fablicos de la ciudad luego que la Asamblea Docente rechazara la mesa de trabajo propuesta por el municipio.\" src=\"https:\/\/i0.wp.com\/www.eltrabajo.cl\/portal\/wp-content\/uploads\/2013\/10\/alcalde-profes3.jpg?resize=529%2C353\" width=\"529\" height=\"353\" srcset=\"https:\/\/i0.wp.com\/eltrabajo.cl\/portal\/wp-content\/uploads\/2013\/10\/alcalde-profes3.jpg?w=529&amp;ssl=1 529w, https:\/\/i0.wp.com\/eltrabajo.cl\/portal\/wp-content\/uploads\/2013\/10\/alcalde-profes3.jpg?resize=200%2C133&amp;ssl=1 200w, https:\/\/i0.wp.com\/eltrabajo.cl\/portal\/wp-content\/uploads\/2013\/10\/alcalde-profes3.jpg?resize=300%2C200&amp;ssl=1 300w, https:\/\/i0.wp.com\/eltrabajo.cl\/portal\/wp-content\/uploads\/2013\/10\/alcalde-profes3.jpg?resize=150%2C100&amp;ssl=1 150w, https:\/\/i0.wp.com\/eltrabajo.cl\/portal\/wp-content\/uploads\/2013\/10\/alcalde-profes3.jpg?resize=400%2C266&amp;ssl=1 400w\" sizes=\"auto, (max-width: 529px) 100vw, 529px\" \/><\/a><figcaption id=\"caption-attachment-39105\" class=\"wp-caption-text\">Se complica el t\u00e9rmino del a\u00f1o escolar en los colegios p\u00fablicos de la ciudad luego que la Asamblea Docente rechazara la mesa de trabajo propuesta por el municipio.<\/figcaption><\/figure>\n<p><strong>LOS ANDES<\/strong>.- La asamblea de profesores de Los Andes, por amplia mayor\u00eda, decidi\u00f3 rechazar el acuerdo alcanzado con el municipio para la constituci\u00f3n de una mesa de trabajo que permita cancelar las deudas docentes.<\/p>\n<p>Al respecto, el Presidente provincial del Colegio de Profesores, Alexis Cuevas, sostuvo que los profesores determinaron seguir la movilizaci\u00f3n hasta que las propuestas hechas por el municipio sean protocolizadas y firmadas por el alcalde, \u201cya que la gente no est\u00e1 dispuesta a bajarse por propuestas que no tienen ning\u00fan respaldo legal, por lo tanto el paro contin\u00faa\u201d.<\/p>\n<p>Cuevas llam\u00f3 a los colegios que no se encuentran en paro a que se movilicen y que acaten la resoluci\u00f3n de la mayor\u00eda, \u201centonces este martes vamos a ver qu\u00e9 sucede con lo que va a firmar el alcalde con los respectivos decretos, ya que nadie quiere bajar el paro si no hay una firma del protocolo del alcalde y un compromiso de pago de los temas pendientes\u201d.<\/p>\n<p>El dirigente dijo que el paro seguir\u00e1 por lo menos hasta el pr\u00f3ximo martes 5 de noviembre, cuando se va a discutir el documento firmado por el alcalde, \u201c y por mientras como colegio vamos a analizar la propuesta del alcalde\u201d.<\/p>\n<p>Record\u00f3 que la propuesta del municipio contemplaba el no descuento de los d\u00edas no trabajados, fin a las persecuciones, ingresar las deudas con los profesores al presupuesto municipal de 2014 y el an\u00e1lisis del Padem con los consejos gremiales de cada establecimiento, \u201cpero si mientras esto no est\u00e9 firmado los profesores no se bajan de la movilizaci\u00f3n\u201d.<\/p>\n<p>&nbsp;<\/p>\n","protected":false},"excerpt":{"rendered":"<p>LOS ANDES.- La asamblea de profesores de Los Andes, por amplia mayor\u00eda, decidi\u00f3 rechazar el acuerdo alcanzado con el municipio para la constituci\u00f3n de una mesa de trabajo que permita cancelar las&#8230;<\/p>\n","protected":false},"author":482,"featured_media":39105,"comment_status":"open","ping_status":"closed","sticky":false,"template":"","format":"standard","meta":{"advanced_seo_description":"","jetpack_seo_html_title":"","jetpack_seo_noindex":false,"_jetpack_memberships_contains_paid_content":false,"footnotes":""},"categories":[15],"tags":[],"class_list":["post-39104","post","type-post","status-publish","format-standard","has-post-thumbnail","hentry","category-comunidad"],"jetpack_featured_media_url":"https:\/\/i0.wp.com\/eltrabajo.cl\/portal\/wp-content\/uploads\/2013\/10\/alcalde-profes3.jpg?fit=529%2C353&ssl=1","jetpack_sharing_enabled":true,"jetpack_likes_enabled":true,"jetpack-related-posts":[],"_links":{"self":[{"href":"https:\/\/eltrabajo.cl\/portal\/wp-json\/wp\/v2\/posts\/39104","targetHints":{"allow":["GET"]}}],"collection":[{"href":"https:\/\/eltrabajo.cl\/portal\/wp-json\/wp\/v2\/posts"}],"about":[{"href":"https:\/\/eltrabajo.cl\/portal\/wp-json\/wp\/v2\/types\/post"}],"author":[{"embeddable":true,"href":"https:\/\/eltrabajo.cl\/portal\/wp-json\/wp\/v2\/users\/482"}],"replies":[{"embeddable":true,"href":"https:\/\/eltrabajo.cl\/portal\/wp-json\/wp\/v2\/comments?post=39104"}],"version-history":[{"count":0,"href":"https:\/\/eltrabajo.cl\/portal\/wp-json\/wp\/v2\/posts\/39104\/revisions"}],"wp:featuredmedia":[{"embeddable":true,"href":"https:\/\/eltrabajo.cl\/portal\/wp-json\/wp\/v2\/media\/39105"}],"wp:attachment":[{"href":"https:\/\/eltrabajo.cl\/portal\/wp-json\/wp\/v2\/media?parent=39104"}],"wp:term":[{"taxonomy":"category","embeddable":true,"href":"https:\/\/eltrabajo.cl\/portal\/wp-json\/wp\/v2\/categories?post=39104"},{"taxonomy":"post_tag","embeddable":true,"href":"https:\/\/eltrabajo.cl\/portal\/wp-json\/wp\/v2\/tags?post=39104"}],"curies":[{"name":"wp","href":"https:\/\/api.w.org\/{rel}","templated":true}]}}