{"id":39110,"date":"2013-10-29T10:06:17","date_gmt":"2013-10-29T13:06:17","guid":{"rendered":"http:\/\/www.eltrabajo.cl\/portal\/?p=39110"},"modified":"2013-10-29T10:06:17","modified_gmt":"2013-10-29T13:06:17","slug":"profes-y-apoderados-fueron-ninos-otra-vez-en-encuentro-taller-escolar","status":"publish","type":"post","link":"https:\/\/eltrabajo.cl\/portal\/profes-y-apoderados-fueron-ninos-otra-vez-en-encuentro-taller-escolar\/","title":{"rendered":"Profes y apoderados fueron ni\u00f1os otra vez en encuentro-taller escolar"},"content":{"rendered":"<figure id=\"attachment_39111\" aria-describedby=\"caption-attachment-39111\" style=\"width: 529px\" class=\"wp-caption alignnone\"><a href=\"https:\/\/i0.wp.com\/www.eltrabajo.cl\/portal\/wp-content\/uploads\/2013\/10\/apoderados5.jpg\"><img data-recalc-dims=\"1\" loading=\"lazy\" decoding=\"async\" class=\"size-full wp-image-39111\" title=\"Como si fuera Ayer, los padres fueron ahora quienes lo pasaron chancho dibujando y recordando sus a\u00f1os escolares en este encuentro-taller familiar en la 21 de Mayo.\" alt=\"Como si fuera Ayer, los padres fueron ahora quienes lo pasaron chancho dibujando y recordando sus a\u00f1os escolares en este encuentro-taller familiar en la 21 de Mayo.\" src=\"https:\/\/i0.wp.com\/www.eltrabajo.cl\/portal\/wp-content\/uploads\/2013\/10\/apoderados5.jpg?resize=529%2C393\" width=\"529\" height=\"393\" srcset=\"https:\/\/i0.wp.com\/eltrabajo.cl\/portal\/wp-content\/uploads\/2013\/10\/apoderados5.jpg?w=529&amp;ssl=1 529w, https:\/\/i0.wp.com\/eltrabajo.cl\/portal\/wp-content\/uploads\/2013\/10\/apoderados5.jpg?resize=200%2C148&amp;ssl=1 200w, https:\/\/i0.wp.com\/eltrabajo.cl\/portal\/wp-content\/uploads\/2013\/10\/apoderados5.jpg?resize=300%2C222&amp;ssl=1 300w, https:\/\/i0.wp.com\/eltrabajo.cl\/portal\/wp-content\/uploads\/2013\/10\/apoderados5.jpg?resize=150%2C111&amp;ssl=1 150w, https:\/\/i0.wp.com\/eltrabajo.cl\/portal\/wp-content\/uploads\/2013\/10\/apoderados5.jpg?resize=400%2C297&amp;ssl=1 400w\" sizes=\"auto, (max-width: 529px) 100vw, 529px\" \/><\/a><figcaption id=\"caption-attachment-39111\" class=\"wp-caption-text\">Como si fuera Ayer, los padres fueron ahora quienes lo pasaron chancho dibujando y recordando sus a\u00f1os escolares en este encuentro-taller familiar en la 21 de Mayo.<\/figcaption><\/figure>\n<p>Decenas de apoderados de la Escuela 21 de Mayo volvieron a ser ni\u00f1os y con ello, lograron regresar a sus aulas de clases para dibujar sus anhelos del ayer, ellos tambi\u00e9n corrieron tras una bola e hicieron trampa en el juego, todo esto gracias al Taller Encuentro Familiar que el Departamento de Integraci\u00f3n Escolar realiz\u00f3 la ma\u00f1ana de este s\u00e1bado en esa casa de estudios.<\/p>\n<p>En la jornada participaron alumnos, padres, asistentes de educaci\u00f3n y profesores de la escuela.<\/p>\n<p>Las c\u00e1maras de Diario El Trabajo estuvieron presentes en la actividad y tomar registro de cada una de las din\u00e1micas ejecutadas por los participantes. Algunos dibujaron trenes; otros pintaron animales y tambi\u00e9n hubo quienes dibujaran la escuela en la que estudiaron cuando ni\u00f1os. Hubo tambi\u00e9n un partido de b\u00e1squet y otra clase de competencias y juegos.<\/p>\n<p>Nuestro medio habl\u00f3 con Jos\u00e9 Luis Montenegro, psicopedagogo y Coordinador del Programa PIE de la Escuela 21 de Mayo.<\/p>\n<p><strong>&#8211; \u00bfQui\u00e9nes participan en este encuentro-taller?<\/strong><\/p>\n<p>&#8211; \u00abComo proyecto de integraci\u00f3n en nuestra escuela, decidimos trabajar tambi\u00e9n con los apoderados, ya que realizamos una jornada con los padres y el equipo disciplinario del PIE para trabajar tem\u00e1ticas del rol de la Familia con ellos, en esta din\u00e1mica trabajamos profesores, apoderados y asistentes de la educaci\u00f3n\u00bb.<\/p>\n<p><strong>&#8211; \u00bfC\u00f3mo funciona el programa?<\/strong><\/p>\n<p>&#8211; \u00abLo que hicimos fue varias terapias de relajaci\u00f3n, dibujo, juegos deportivos, charlas y videos educativos, as\u00ed como la degustaci\u00f3n de un rico almuerzo en familia, pues algunos estudiantes tambi\u00e9n participaron en este taller\u00bb.<\/p>\n<p><strong>&#8211; \u00bfCu\u00e1l es la mec\u00e1nica de hacer dibujos y jugar de nuevo?<\/strong><\/p>\n<p>&#8211; \u00abLa idea con los dibujos que hicieron los apoderados, radica en hacer una regresi\u00f3n a los padres, para ver y comparar elementos de su ni\u00f1ez y valorar as\u00ed c\u00f3mo afecta, positiva o negativamente en sus hijos en la actualidad, este es un programa Piloto y se espera muy pronto poder replicarlo en otras escuelas municipalizadas\u00bb.<\/p>\n<p>Roberto Gonz\u00e1lez Short<\/p>\n<p>rgonzalez@eltrabajo.cl<\/p>\n<p>&nbsp;<\/p>\n","protected":false},"excerpt":{"rendered":"<p>Decenas de apoderados de la Escuela 21 de Mayo volvieron a ser ni\u00f1os y con ello, lograron regresar a sus aulas de clases para dibujar sus anhelos del ayer, ellos tambi\u00e9n corrieron&#8230;<\/p>\n","protected":false},"author":482,"featured_media":39111,"comment_status":"open","ping_status":"closed","sticky":false,"template":"","format":"standard","meta":{"advanced_seo_description":"","jetpack_seo_html_title":"","jetpack_seo_noindex":false,"_jetpack_memberships_contains_paid_content":false,"footnotes":""},"categories":[15],"tags":[],"class_list":["post-39110","post","type-post","status-publish","format-standard","has-post-thumbnail","hentry","category-comunidad"],"jetpack_featured_media_url":"https:\/\/i0.wp.com\/eltrabajo.cl\/portal\/wp-content\/uploads\/2013\/10\/apoderados5.jpg?fit=529%2C393&ssl=1","jetpack_sharing_enabled":true,"jetpack_likes_enabled":true,"jetpack-related-posts":[],"_links":{"self":[{"href":"https:\/\/eltrabajo.cl\/portal\/wp-json\/wp\/v2\/posts\/39110","targetHints":{"allow":["GET"]}}],"collection":[{"href":"https:\/\/eltrabajo.cl\/portal\/wp-json\/wp\/v2\/posts"}],"about":[{"href":"https:\/\/eltrabajo.cl\/portal\/wp-json\/wp\/v2\/types\/post"}],"author":[{"embeddable":true,"href":"https:\/\/eltrabajo.cl\/portal\/wp-json\/wp\/v2\/users\/482"}],"replies":[{"embeddable":true,"href":"https:\/\/eltrabajo.cl\/portal\/wp-json\/wp\/v2\/comments?post=39110"}],"version-history":[{"count":0,"href":"https:\/\/eltrabajo.cl\/portal\/wp-json\/wp\/v2\/posts\/39110\/revisions"}],"wp:featuredmedia":[{"embeddable":true,"href":"https:\/\/eltrabajo.cl\/portal\/wp-json\/wp\/v2\/media\/39111"}],"wp:attachment":[{"href":"https:\/\/eltrabajo.cl\/portal\/wp-json\/wp\/v2\/media?parent=39110"}],"wp:term":[{"taxonomy":"category","embeddable":true,"href":"https:\/\/eltrabajo.cl\/portal\/wp-json\/wp\/v2\/categories?post=39110"},{"taxonomy":"post_tag","embeddable":true,"href":"https:\/\/eltrabajo.cl\/portal\/wp-json\/wp\/v2\/tags?post=39110"}],"curies":[{"name":"wp","href":"https:\/\/api.w.org\/{rel}","templated":true}]}}