{"id":39113,"date":"2013-10-29T10:07:38","date_gmt":"2013-10-29T13:07:38","guid":{"rendered":"http:\/\/www.eltrabajo.cl\/portal\/?p=39113"},"modified":"2013-10-29T10:07:38","modified_gmt":"2013-10-29T13:07:38","slug":"quince-colegios-cuentan-con-patrullas-de-transito-en-la-provincia","status":"publish","type":"post","link":"https:\/\/eltrabajo.cl\/portal\/quince-colegios-cuentan-con-patrullas-de-transito-en-la-provincia\/","title":{"rendered":"Quince colegios cuentan con patrullas de tr\u00e1nsito en la provincia"},"content":{"rendered":"<figure id=\"attachment_39114\" aria-describedby=\"caption-attachment-39114\" style=\"width: 529px\" class=\"wp-caption alignnone\"><a href=\"https:\/\/i0.wp.com\/www.eltrabajo.cl\/portal\/wp-content\/uploads\/2013\/10\/liceo-de-ninas.jpg\"><img data-recalc-dims=\"1\" loading=\"lazy\" decoding=\"async\" class=\"size-full wp-image-39114\" title=\"El Liceo de Ni\u00f1as Corina Urbina tambi\u00e9n cuenta con su respectiva Brigada Escolar.\" alt=\"El Liceo de Ni\u00f1as Corina Urbina tambi\u00e9n cuenta con su respectiva Brigada Escolar.\" src=\"https:\/\/i0.wp.com\/www.eltrabajo.cl\/portal\/wp-content\/uploads\/2013\/10\/liceo-de-ninas.jpg?resize=529%2C397\" width=\"529\" height=\"397\" srcset=\"https:\/\/i0.wp.com\/eltrabajo.cl\/portal\/wp-content\/uploads\/2013\/10\/liceo-de-ninas.jpg?w=529&amp;ssl=1 529w, https:\/\/i0.wp.com\/eltrabajo.cl\/portal\/wp-content\/uploads\/2013\/10\/liceo-de-ninas.jpg?resize=200%2C150&amp;ssl=1 200w, https:\/\/i0.wp.com\/eltrabajo.cl\/portal\/wp-content\/uploads\/2013\/10\/liceo-de-ninas.jpg?resize=300%2C225&amp;ssl=1 300w, https:\/\/i0.wp.com\/eltrabajo.cl\/portal\/wp-content\/uploads\/2013\/10\/liceo-de-ninas.jpg?resize=150%2C112&amp;ssl=1 150w, https:\/\/i0.wp.com\/eltrabajo.cl\/portal\/wp-content\/uploads\/2013\/10\/liceo-de-ninas.jpg?resize=400%2C300&amp;ssl=1 400w\" sizes=\"auto, (max-width: 529px) 100vw, 529px\" \/><\/a><figcaption id=\"caption-attachment-39114\" class=\"wp-caption-text\">El Liceo de Ni\u00f1as Corina Urbina tambi\u00e9n cuenta con su respectiva Brigada Escolar.<\/figcaption><\/figure>\n<p>Un total de 15 establecimientos educacionales, de las distintas comunas de la provincia de San Felipe, cuentan con patrullas de tr\u00e1nsito que colaboran con Carabineros en la tarea de educaci\u00f3n vial.<\/p>\n<p>Se trata de ni\u00f1os y ni\u00f1as, principalmente de educaci\u00f3n b\u00e1sica, que ayer participaron de la ceremonia de celebraci\u00f3n del D\u00eda del Brigadista Escolar, ocasi\u00f3n en la que desfilaron ante las autoridades, recibiendo el reconocimiento de los asistentes a la actividad.<\/p>\n<p>Seg\u00fan se\u00f1al\u00f3 el comisario (s) de Carabineros de San Felipe, capit\u00e1n Alfredo Castillo, esta iniciativa de formar patrullas escolares, da cuenta del inter\u00e9s de la instituci\u00f3n por integrar a la comunidad al trabajo de prevenci\u00f3n de accidentes de tr\u00e1nsito.<\/p>\n<p>\u201cLa idea es fortalecer el tema de la prevenci\u00f3n, ya que estos ni\u00f1os que integran las brigadas escolares contribuyen a las tareas de tr\u00e1nsito y al rol preventivo de Carabineros\u201d, se\u00f1al\u00f3 el capit\u00e1n Castillo.<\/p>\n<p>En la ocasi\u00f3n, profesores y directores de los diferentes establecimientos educacionales que cuentan con brigadas escolares, fueron reconocidos por las autoridades encabezadas por la gobernadora Patricia Boffa, el alcalde Patricio Freire y el capit\u00e1n Alfredo Castillo.<\/p>\n<p>\u201cLa idea de esta ceremonia, es difundir esta bonita iniciativa en la que participan los colegios\u201d, puntualiz\u00f3 el comisario subrogante.<\/p>\n<p>&nbsp;<\/p>\n","protected":false},"excerpt":{"rendered":"<p>Un total de 15 establecimientos educacionales, de las distintas comunas de la provincia de San Felipe, cuentan con patrullas de tr\u00e1nsito que colaboran con Carabineros en la tarea de educaci\u00f3n vial. Se&#8230;<\/p>\n","protected":false},"author":482,"featured_media":39114,"comment_status":"open","ping_status":"closed","sticky":false,"template":"","format":"standard","meta":{"advanced_seo_description":"","jetpack_seo_html_title":"","jetpack_seo_noindex":false,"_jetpack_memberships_contains_paid_content":false,"footnotes":""},"categories":[15],"tags":[],"class_list":["post-39113","post","type-post","status-publish","format-standard","has-post-thumbnail","hentry","category-comunidad"],"jetpack_featured_media_url":"https:\/\/i0.wp.com\/eltrabajo.cl\/portal\/wp-content\/uploads\/2013\/10\/liceo-de-ninas.jpg?fit=529%2C397&ssl=1","jetpack_sharing_enabled":true,"jetpack_likes_enabled":true,"jetpack-related-posts":[],"_links":{"self":[{"href":"https:\/\/eltrabajo.cl\/portal\/wp-json\/wp\/v2\/posts\/39113","targetHints":{"allow":["GET"]}}],"collection":[{"href":"https:\/\/eltrabajo.cl\/portal\/wp-json\/wp\/v2\/posts"}],"about":[{"href":"https:\/\/eltrabajo.cl\/portal\/wp-json\/wp\/v2\/types\/post"}],"author":[{"embeddable":true,"href":"https:\/\/eltrabajo.cl\/portal\/wp-json\/wp\/v2\/users\/482"}],"replies":[{"embeddable":true,"href":"https:\/\/eltrabajo.cl\/portal\/wp-json\/wp\/v2\/comments?post=39113"}],"version-history":[{"count":0,"href":"https:\/\/eltrabajo.cl\/portal\/wp-json\/wp\/v2\/posts\/39113\/revisions"}],"wp:featuredmedia":[{"embeddable":true,"href":"https:\/\/eltrabajo.cl\/portal\/wp-json\/wp\/v2\/media\/39114"}],"wp:attachment":[{"href":"https:\/\/eltrabajo.cl\/portal\/wp-json\/wp\/v2\/media?parent=39113"}],"wp:term":[{"taxonomy":"category","embeddable":true,"href":"https:\/\/eltrabajo.cl\/portal\/wp-json\/wp\/v2\/categories?post=39113"},{"taxonomy":"post_tag","embeddable":true,"href":"https:\/\/eltrabajo.cl\/portal\/wp-json\/wp\/v2\/tags?post=39113"}],"curies":[{"name":"wp","href":"https:\/\/api.w.org\/{rel}","templated":true}]}}