{"id":39124,"date":"2013-10-29T10:15:04","date_gmt":"2013-10-29T13:15:04","guid":{"rendered":"http:\/\/www.eltrabajo.cl\/portal\/?p=39124"},"modified":"2013-10-29T10:15:04","modified_gmt":"2013-10-29T13:15:04","slug":"doh-compromete-trabajos-y-mejorar-captacion-de-canales-el-pueblo-y-la-pirca","status":"publish","type":"post","link":"https:\/\/eltrabajo.cl\/portal\/doh-compromete-trabajos-y-mejorar-captacion-de-canales-el-pueblo-y-la-pirca\/","title":{"rendered":"DOH compromete trabajos y mejorar captaci\u00f3n de canales El Pueblo y La Pirca"},"content":{"rendered":"<figure id=\"attachment_39125\" aria-describedby=\"caption-attachment-39125\" style=\"width: 529px\" class=\"wp-caption alignnone\"><a href=\"https:\/\/i0.wp.com\/www.eltrabajo.cl\/portal\/wp-content\/uploads\/2013\/10\/el-pueblo-y-la-pirca-1.jpg\"><img data-recalc-dims=\"1\" loading=\"lazy\" decoding=\"async\" class=\"size-full wp-image-39125\" title=\"La Gobernadora Patricia Boffa realiz\u00f3 una visita a la ribera del Aconcagua, en compa\u00f1\u00eda de funcionarios de la DOH y los presidentes de los canales El Pueblo y La Pirca.\" alt=\"La Gobernadora Patricia Boffa realiz\u00f3 una visita a la ribera del Aconcagua, en compa\u00f1\u00eda de funcionarios de la DOH y los presidentes de los canales El Pueblo y La Pirca.\" src=\"https:\/\/i0.wp.com\/www.eltrabajo.cl\/portal\/wp-content\/uploads\/2013\/10\/el-pueblo-y-la-pirca-1.jpg?resize=529%2C353\" width=\"529\" height=\"353\" srcset=\"https:\/\/i0.wp.com\/eltrabajo.cl\/portal\/wp-content\/uploads\/2013\/10\/el-pueblo-y-la-pirca-1.jpg?w=529&amp;ssl=1 529w, https:\/\/i0.wp.com\/eltrabajo.cl\/portal\/wp-content\/uploads\/2013\/10\/el-pueblo-y-la-pirca-1.jpg?resize=200%2C133&amp;ssl=1 200w, https:\/\/i0.wp.com\/eltrabajo.cl\/portal\/wp-content\/uploads\/2013\/10\/el-pueblo-y-la-pirca-1.jpg?resize=300%2C200&amp;ssl=1 300w, https:\/\/i0.wp.com\/eltrabajo.cl\/portal\/wp-content\/uploads\/2013\/10\/el-pueblo-y-la-pirca-1.jpg?resize=150%2C100&amp;ssl=1 150w, https:\/\/i0.wp.com\/eltrabajo.cl\/portal\/wp-content\/uploads\/2013\/10\/el-pueblo-y-la-pirca-1.jpg?resize=400%2C266&amp;ssl=1 400w\" sizes=\"auto, (max-width: 529px) 100vw, 529px\" \/><\/a><figcaption id=\"caption-attachment-39125\" class=\"wp-caption-text\">La Gobernadora Patricia Boffa realiz\u00f3 una visita a la ribera del Aconcagua, en compa\u00f1\u00eda de funcionarios de la DOH y los presidentes de los canales El Pueblo y La Pirca.<\/figcaption><\/figure>\n<p>Tras los problemas registrados en la Villa Sol Naciente de San Felipe, donde hace dos semanas result\u00f3 inundada la calle Eduardo Frei debido al rebalse del canal\u00f3n por el aumento de agua a la altura de la captaci\u00f3n de los canales La Pirca y El Pueblo, la Gobernadora Patricia Boffa realiz\u00f3 una visita al lugar, en compa\u00f1\u00eda de funcionarios de la DOH y los presidentes de los mencionados canales.<\/p>\n<p>Tras un amplio recorrido por el lugar y que permiti\u00f3 conocer en terreno los problemas que originaron que el canal\u00f3n transportara agua, se acordaron una serie de acciones que pasan por una intervenci\u00f3n en obras menores, para lo cual se reunir\u00e1n con los presidentes de ambos canales y recogiendo su opini\u00f3n dejar esta captaci\u00f3n en su estado natural, esto es al estado que se encontraba cuando se inici\u00f3 la construcci\u00f3n del canal\u00f3n. Del mismo modo se efectuar\u00e1 una revisi\u00f3n al canal de descarga, ubicada a la altura de la villa Sol Naciente, con el fin de poder regular el flujo de agua y evitar futuros rebalses.<\/p>\n<p>Por su parte An\u00edbal Fernandez, presidente del canal La Pirca, afirmo que la visita de la Gobernadora Boffa junto a la DOH es muy efectiva, pues dar\u00e1 una soluci\u00f3n definitiva a este problema que puede agravarse al momento que aumentan los deshielos cordilleranos.<\/p>\n<p>\u201cNos hemos puesto de acuerdo para dar una soluci\u00f3n definitiva a este problema que se suscita en nuestra bocatoma y que queda sujeto a los caudales que van a venir en el r\u00edo, porque por decir hoy vienen 10, ma\u00f1ana pueden ser 50 \u00f3 m\u00e1s litros de agua por segundo. Ahora nuestro problema se debe que al momento de construirse el canal\u00f3n, los tubos de descarga de los excedentes de los canales, no cumpl\u00edan su funci\u00f3n\u201d.<\/p>\n<p>En tanto Mario R\u00edos, presidente del Canal El Pueblo, agradeci\u00f3 el compromiso de la Gobernadora, pues tras reunirse con ella, hubo respuesta inmediata para dar una soluci\u00f3n a este problema.<\/p>\n<p>\u201cHay una muy buena voluntad de parte de la Gobernadora, pues al conocer esta situaci\u00f3n manifest\u00f3 su inter\u00e9s de dar una soluci\u00f3n en conjunto, por lo tanto, creemos que junto a los funcionarios de la DOH, podamos llegar a buen t\u00e9rmino\u201d.<\/p>\n<p>En tanto la Gobernadora Boffa recalc\u00f3 que lo m\u00e1s importante son los compromisos de obras adquiridos tras la visita al lugar.<\/p>\n<p>\u201cConocimos en terreno lo que pasa a la altura de la captaci\u00f3n de ambos canales, las obras por la construcci\u00f3n del canal\u00f3n produjo una acci\u00f3n que cambi\u00f3 el perfil del terreno, lo que ha producido que ante el aumento de agua, el caudal excedente por gravedad cae al canal\u00f3n y tras estar cerrado el sistema de compuertas produjo este rebalse.<\/p>\n<p>Del mismo modo est\u00e1 el compromiso de parte del Director de la DOH, Christian V\u00e9liz, de instalar una malla de protecci\u00f3n en el canal\u00f3n, a la altura de la Villa Sol Naciente, con el fin de evitar alg\u00fan accidente.<\/p>\n<p>Por lo tanto, ha sido una visita muy efectiva y esperamos que en los pr\u00f3ximos d\u00edas estos problemas queden resueltos\u201d.<\/p>\n<p>&nbsp;<\/p>\n","protected":false},"excerpt":{"rendered":"<p>Tras los problemas registrados en la Villa Sol Naciente de San Felipe, donde hace dos semanas result\u00f3 inundada la calle Eduardo Frei debido al rebalse del canal\u00f3n por el aumento de agua&#8230;<\/p>\n","protected":false},"author":482,"featured_media":39125,"comment_status":"open","ping_status":"closed","sticky":false,"template":"","format":"standard","meta":{"advanced_seo_description":"","jetpack_seo_html_title":"","jetpack_seo_noindex":false,"_jetpack_memberships_contains_paid_content":false,"footnotes":""},"categories":[1],"tags":[],"class_list":["post-39124","post","type-post","status-publish","format-standard","has-post-thumbnail","hentry","category-cronica"],"jetpack_featured_media_url":"https:\/\/i0.wp.com\/eltrabajo.cl\/portal\/wp-content\/uploads\/2013\/10\/el-pueblo-y-la-pirca-1.jpg?fit=529%2C353&ssl=1","jetpack_sharing_enabled":true,"jetpack_likes_enabled":true,"jetpack-related-posts":[],"_links":{"self":[{"href":"https:\/\/eltrabajo.cl\/portal\/wp-json\/wp\/v2\/posts\/39124","targetHints":{"allow":["GET"]}}],"collection":[{"href":"https:\/\/eltrabajo.cl\/portal\/wp-json\/wp\/v2\/posts"}],"about":[{"href":"https:\/\/eltrabajo.cl\/portal\/wp-json\/wp\/v2\/types\/post"}],"author":[{"embeddable":true,"href":"https:\/\/eltrabajo.cl\/portal\/wp-json\/wp\/v2\/users\/482"}],"replies":[{"embeddable":true,"href":"https:\/\/eltrabajo.cl\/portal\/wp-json\/wp\/v2\/comments?post=39124"}],"version-history":[{"count":0,"href":"https:\/\/eltrabajo.cl\/portal\/wp-json\/wp\/v2\/posts\/39124\/revisions"}],"wp:featuredmedia":[{"embeddable":true,"href":"https:\/\/eltrabajo.cl\/portal\/wp-json\/wp\/v2\/media\/39125"}],"wp:attachment":[{"href":"https:\/\/eltrabajo.cl\/portal\/wp-json\/wp\/v2\/media?parent=39124"}],"wp:term":[{"taxonomy":"category","embeddable":true,"href":"https:\/\/eltrabajo.cl\/portal\/wp-json\/wp\/v2\/categories?post=39124"},{"taxonomy":"post_tag","embeddable":true,"href":"https:\/\/eltrabajo.cl\/portal\/wp-json\/wp\/v2\/tags?post=39124"}],"curies":[{"name":"wp","href":"https:\/\/api.w.org\/{rel}","templated":true}]}}