{"id":39130,"date":"2013-10-29T10:18:14","date_gmt":"2013-10-29T13:18:14","guid":{"rendered":"http:\/\/www.eltrabajo.cl\/portal\/?p=39130"},"modified":"2013-10-29T10:18:14","modified_gmt":"2013-10-29T13:18:14","slug":"con-tallarinata-municipales-celebran-su-dia-y-acusan-intransigencia-del-gobierno","status":"publish","type":"post","link":"https:\/\/eltrabajo.cl\/portal\/con-tallarinata-municipales-celebran-su-dia-y-acusan-intransigencia-del-gobierno\/","title":{"rendered":"Con tallarinata municipales celebran su d\u00eda y acusan intransigencia del gobierno"},"content":{"rendered":"<figure id=\"attachment_39131\" aria-describedby=\"caption-attachment-39131\" style=\"width: 529px\" class=\"wp-caption alignnone\"><a href=\"https:\/\/i0.wp.com\/www.eltrabajo.cl\/portal\/wp-content\/uploads\/2013\/10\/tallarinata-muni2.jpg\"><img data-recalc-dims=\"1\" loading=\"lazy\" decoding=\"async\" class=\"size-full wp-image-39131\" title=\"Una tallarinata y posterior misa marcaron la celebraci\u00f3n del D\u00eda del Funcionario Municipal.\" alt=\"Una tallarinata y posterior misa marcaron la celebraci\u00f3n del D\u00eda del Funcionario Municipal.\" src=\"https:\/\/i0.wp.com\/www.eltrabajo.cl\/portal\/wp-content\/uploads\/2013\/10\/tallarinata-muni2.jpg?resize=529%2C353\" width=\"529\" height=\"353\" srcset=\"https:\/\/i0.wp.com\/eltrabajo.cl\/portal\/wp-content\/uploads\/2013\/10\/tallarinata-muni2.jpg?w=529&amp;ssl=1 529w, https:\/\/i0.wp.com\/eltrabajo.cl\/portal\/wp-content\/uploads\/2013\/10\/tallarinata-muni2.jpg?resize=200%2C133&amp;ssl=1 200w, https:\/\/i0.wp.com\/eltrabajo.cl\/portal\/wp-content\/uploads\/2013\/10\/tallarinata-muni2.jpg?resize=300%2C200&amp;ssl=1 300w, https:\/\/i0.wp.com\/eltrabajo.cl\/portal\/wp-content\/uploads\/2013\/10\/tallarinata-muni2.jpg?resize=150%2C100&amp;ssl=1 150w, https:\/\/i0.wp.com\/eltrabajo.cl\/portal\/wp-content\/uploads\/2013\/10\/tallarinata-muni2.jpg?resize=400%2C266&amp;ssl=1 400w\" sizes=\"auto, (max-width: 529px) 100vw, 529px\" \/><\/a><figcaption id=\"caption-attachment-39131\" class=\"wp-caption-text\">Una tallarinata y posterior misa marcaron la celebraci\u00f3n del D\u00eda del Funcionario Municipal.<\/figcaption><\/figure>\n<p><strong>LOS ANDES.-<\/strong> Con un misa y una posterior tallarinata los funcionarios municipales de Los Andes conmemoraron su d\u00eda, el que a diferencia de a\u00f1os anteriores los sorprendi\u00f3 en medio de un paro nacional que ya se arrastra por m\u00e1s de una semana.<\/p>\n<p>El Presidente de Asemuch Los Andes, Marcelo Figueroa, lament\u00f3 la intransigencia del gobierno respecto a lo que son sus demandas y record\u00f3 que hasta el momento el ejecutivo ha presentado dos propuestas, ninguna de las cuales los satisface.<\/p>\n<p>En este sentido, consider\u00f3 como mezquina la oferta del gobierno y record\u00f3 que hasta el momento s\u00f3lo ha dado visos de soluci\u00f3n a uno de los cuatro puntos centrales de sus demandas y que tiene que ver con un aumento del 30% del bono de incentivo, al igual que el resto de los trabajadores del sector p\u00fablico.<\/p>\n<p>Agreg\u00f3 que el gobierno ofreci\u00f3 un incremento de un 5% anual para llegar a la cifra que ellos est\u00e1n pidiendo, sin embargo no se ha pronunciado respecto a los otros puntos que tienen que ver con la asignaci\u00f3n de t\u00edtulos y la readecuaci\u00f3n de las plantas municipales.<\/p>\n<p>Por ello, Figueroa sostuvo que los funcionarios seguir\u00e1n en paro de forma indefinida, manteniendo eso si algunos turnos \u00e9ticos.<\/p>\n<p>&nbsp;<\/p>\n","protected":false},"excerpt":{"rendered":"<p>LOS ANDES.- Con un misa y una posterior tallarinata los funcionarios municipales de Los Andes conmemoraron su d\u00eda, el que a diferencia de a\u00f1os anteriores los sorprendi\u00f3 en medio de un paro&#8230;<\/p>\n","protected":false},"author":482,"featured_media":39131,"comment_status":"open","ping_status":"closed","sticky":false,"template":"","format":"standard","meta":{"advanced_seo_description":"","jetpack_seo_html_title":"","jetpack_seo_noindex":false,"_jetpack_memberships_contains_paid_content":false,"footnotes":""},"categories":[15],"tags":[],"class_list":["post-39130","post","type-post","status-publish","format-standard","has-post-thumbnail","hentry","category-comunidad"],"jetpack_featured_media_url":"https:\/\/i0.wp.com\/eltrabajo.cl\/portal\/wp-content\/uploads\/2013\/10\/tallarinata-muni2.jpg?fit=529%2C353&ssl=1","jetpack_sharing_enabled":true,"jetpack_likes_enabled":true,"jetpack-related-posts":[],"_links":{"self":[{"href":"https:\/\/eltrabajo.cl\/portal\/wp-json\/wp\/v2\/posts\/39130","targetHints":{"allow":["GET"]}}],"collection":[{"href":"https:\/\/eltrabajo.cl\/portal\/wp-json\/wp\/v2\/posts"}],"about":[{"href":"https:\/\/eltrabajo.cl\/portal\/wp-json\/wp\/v2\/types\/post"}],"author":[{"embeddable":true,"href":"https:\/\/eltrabajo.cl\/portal\/wp-json\/wp\/v2\/users\/482"}],"replies":[{"embeddable":true,"href":"https:\/\/eltrabajo.cl\/portal\/wp-json\/wp\/v2\/comments?post=39130"}],"version-history":[{"count":0,"href":"https:\/\/eltrabajo.cl\/portal\/wp-json\/wp\/v2\/posts\/39130\/revisions"}],"wp:featuredmedia":[{"embeddable":true,"href":"https:\/\/eltrabajo.cl\/portal\/wp-json\/wp\/v2\/media\/39131"}],"wp:attachment":[{"href":"https:\/\/eltrabajo.cl\/portal\/wp-json\/wp\/v2\/media?parent=39130"}],"wp:term":[{"taxonomy":"category","embeddable":true,"href":"https:\/\/eltrabajo.cl\/portal\/wp-json\/wp\/v2\/categories?post=39130"},{"taxonomy":"post_tag","embeddable":true,"href":"https:\/\/eltrabajo.cl\/portal\/wp-json\/wp\/v2\/tags?post=39130"}],"curies":[{"name":"wp","href":"https:\/\/api.w.org\/{rel}","templated":true}]}}