{"id":39133,"date":"2013-10-29T10:19:26","date_gmt":"2013-10-29T13:19:26","guid":{"rendered":"http:\/\/www.eltrabajo.cl\/portal\/?p=39133"},"modified":"2013-10-29T10:19:26","modified_gmt":"2013-10-29T13:19:26","slug":"con-sus-actividades-aun-paralizadas-municipales-celebran-su-dia","status":"publish","type":"post","link":"https:\/\/eltrabajo.cl\/portal\/con-sus-actividades-aun-paralizadas-municipales-celebran-su-dia\/","title":{"rendered":"Con sus actividades a\u00fan paralizadas, municipales celebran su d\u00eda"},"content":{"rendered":"<figure id=\"attachment_39134\" aria-describedby=\"caption-attachment-39134\" style=\"width: 528px\" class=\"wp-caption alignnone\"><a href=\"https:\/\/i0.wp.com\/www.eltrabajo.cl\/portal\/wp-content\/uploads\/2013\/10\/municipales-en-misa.jpg\"><img data-recalc-dims=\"1\" loading=\"lazy\" decoding=\"async\" class=\"size-full wp-image-39134\" title=\"Gran cantidad de funcionarios lleg\u00f3 al templo cat\u00f3lico, para participar de acto ecum\u00e9nico de conmemoraci\u00f3n del D\u00eda del Funcionario Municipal.\" alt=\"Gran cantidad de funcionarios lleg\u00f3 al templo cat\u00f3lico, para participar de acto ecum\u00e9nico de conmemoraci\u00f3n del D\u00eda del Funcionario Municipal.\" src=\"https:\/\/i0.wp.com\/www.eltrabajo.cl\/portal\/wp-content\/uploads\/2013\/10\/municipales-en-misa.jpg?resize=528%2C332\" width=\"528\" height=\"332\" srcset=\"https:\/\/i0.wp.com\/eltrabajo.cl\/portal\/wp-content\/uploads\/2013\/10\/municipales-en-misa.jpg?w=528&amp;ssl=1 528w, https:\/\/i0.wp.com\/eltrabajo.cl\/portal\/wp-content\/uploads\/2013\/10\/municipales-en-misa.jpg?resize=200%2C125&amp;ssl=1 200w, https:\/\/i0.wp.com\/eltrabajo.cl\/portal\/wp-content\/uploads\/2013\/10\/municipales-en-misa.jpg?resize=300%2C188&amp;ssl=1 300w, https:\/\/i0.wp.com\/eltrabajo.cl\/portal\/wp-content\/uploads\/2013\/10\/municipales-en-misa.jpg?resize=150%2C94&amp;ssl=1 150w, https:\/\/i0.wp.com\/eltrabajo.cl\/portal\/wp-content\/uploads\/2013\/10\/municipales-en-misa.jpg?resize=400%2C251&amp;ssl=1 400w\" sizes=\"auto, (max-width: 528px) 100vw, 528px\" \/><\/a><figcaption id=\"caption-attachment-39134\" class=\"wp-caption-text\">Gran cantidad de funcionarios lleg\u00f3 al templo cat\u00f3lico, para participar de acto ecum\u00e9nico de conmemoraci\u00f3n del D\u00eda del Funcionario Municipal.<\/figcaption><\/figure>\n<p>Con una misa en la Iglesia Catedral y con sus actividades a\u00fan paralizadas, los funcionarios municipales de San Felipe celebraron su d\u00eda, cumpliendo ya seis d\u00edas de movilizaciones.<\/p>\n<p>En la misa que se realiz\u00f3 en el templo cat\u00f3lico, a la que asisti\u00f3 gran cantidad de funcionarios de la Municipalidad de San Felipe, estuvieron presentes los alcaldes de San Felipe, Patricio Freire, y de Santa Mar\u00eda, Claudio Zurita.<\/p>\n<p>En la oportunidad, el Presidente de Asemuch San Felipe, Vladimir Tapia, pidi\u00f3 por el pronto t\u00e9rmino del conflicto, as\u00ed como mayor voluntad del gobierno para resolver este tema que les aqueja y que pasa por responder a su pliego de cuatro peticiones, correspondientes a homologaci\u00f3n de la asignaci\u00f3n por PMGM; asignaci\u00f3n de desempe\u00f1o profesional, t\u00e9cnico y de responsabilidad, incremento previsional y readecuaci\u00f3n de la planta funcionaria.<\/p>\n<p>Tapia manifest\u00f3 que hasta el momento no ha existido avance en este tema, se\u00f1alando que \u201ctodo se mantiene en el mismo status Quo de espera. Porque como dije el viernes, se rechaz\u00f3 la oferta que estaba haciendo el Gobierno y la verdad es que hasta ahora no hay ning\u00fan acercamiento\u201d.<\/p>\n<p>El dirigente indic\u00f3 que a nivel nacional son m\u00e1s de 300 los municipios que est\u00e1n en paro; \u201cy por eso nos mantenemos en una posici\u00f3n firme, estamos decididos de llegar hasta las \u00faltimas consecuencias, no pretendemos levantar ninguna movilizaci\u00f3n hasta que no tengamos una respuesta satisfactoria\u201d.<\/p>\n<p>Seg\u00fan se pudo conocer, un grupo importante de funcionarios municipales de San Felipe, participar\u00e1 este martes en la gran marcha de Asemuch, que se realizar\u00e1 en Santiago y donde esperan hacer sentir la inquietud de los trabajadores, respecto de este conflicto que ya ingres\u00f3 a su segunda semana de paro, sin que al cierre de esta edici\u00f3n existiera una nueva propuesta del gobierno a sus demandas.<\/p>\n<p>&nbsp;<\/p>\n","protected":false},"excerpt":{"rendered":"<p>Con una misa en la Iglesia Catedral y con sus actividades a\u00fan paralizadas, los funcionarios municipales de San Felipe celebraron su d\u00eda, cumpliendo ya seis d\u00edas de movilizaciones. En la misa que&#8230;<\/p>\n","protected":false},"author":482,"featured_media":39134,"comment_status":"open","ping_status":"closed","sticky":false,"template":"","format":"standard","meta":{"advanced_seo_description":"","jetpack_seo_html_title":"","jetpack_seo_noindex":false,"_jetpack_memberships_contains_paid_content":false,"footnotes":""},"categories":[15],"tags":[],"class_list":["post-39133","post","type-post","status-publish","format-standard","has-post-thumbnail","hentry","category-comunidad"],"jetpack_featured_media_url":"https:\/\/i0.wp.com\/eltrabajo.cl\/portal\/wp-content\/uploads\/2013\/10\/municipales-en-misa.jpg?fit=528%2C332&ssl=1","jetpack_sharing_enabled":true,"jetpack_likes_enabled":true,"jetpack-related-posts":[],"_links":{"self":[{"href":"https:\/\/eltrabajo.cl\/portal\/wp-json\/wp\/v2\/posts\/39133","targetHints":{"allow":["GET"]}}],"collection":[{"href":"https:\/\/eltrabajo.cl\/portal\/wp-json\/wp\/v2\/posts"}],"about":[{"href":"https:\/\/eltrabajo.cl\/portal\/wp-json\/wp\/v2\/types\/post"}],"author":[{"embeddable":true,"href":"https:\/\/eltrabajo.cl\/portal\/wp-json\/wp\/v2\/users\/482"}],"replies":[{"embeddable":true,"href":"https:\/\/eltrabajo.cl\/portal\/wp-json\/wp\/v2\/comments?post=39133"}],"version-history":[{"count":0,"href":"https:\/\/eltrabajo.cl\/portal\/wp-json\/wp\/v2\/posts\/39133\/revisions"}],"wp:featuredmedia":[{"embeddable":true,"href":"https:\/\/eltrabajo.cl\/portal\/wp-json\/wp\/v2\/media\/39134"}],"wp:attachment":[{"href":"https:\/\/eltrabajo.cl\/portal\/wp-json\/wp\/v2\/media?parent=39133"}],"wp:term":[{"taxonomy":"category","embeddable":true,"href":"https:\/\/eltrabajo.cl\/portal\/wp-json\/wp\/v2\/categories?post=39133"},{"taxonomy":"post_tag","embeddable":true,"href":"https:\/\/eltrabajo.cl\/portal\/wp-json\/wp\/v2\/tags?post=39133"}],"curies":[{"name":"wp","href":"https:\/\/api.w.org\/{rel}","templated":true}]}}