{"id":39146,"date":"2013-10-30T09:47:39","date_gmt":"2013-10-30T12:47:39","guid":{"rendered":"http:\/\/www.eltrabajo.cl\/portal\/?p=39146"},"modified":"2013-10-30T09:47:39","modified_gmt":"2013-10-30T12:47:39","slug":"desmienten-division-en-directorio-del-colegio-de-profesores-de-los-andes","status":"publish","type":"post","link":"https:\/\/eltrabajo.cl\/portal\/desmienten-division-en-directorio-del-colegio-de-profesores-de-los-andes\/","title":{"rendered":"Desmienten divisi\u00f3n en Directorio del Colegio de Profesores de Los Andes"},"content":{"rendered":"<figure id=\"attachment_39147\" aria-describedby=\"caption-attachment-39147\" style=\"width: 317px\" class=\"wp-caption alignleft\"><a href=\"https:\/\/i0.wp.com\/www.eltrabajo.cl\/portal\/wp-content\/uploads\/2013\/10\/alexis-cuevas-propuesta.jpg\"><img data-recalc-dims=\"1\" loading=\"lazy\" decoding=\"async\" class=\" wp-image-39147 \" title=\"Alexis Cuevas sostuvo que el directorio est\u00e1 unido.\" alt=\"Alexis Cuevas sostuvo que el directorio est\u00e1 unido.\" src=\"https:\/\/i0.wp.com\/www.eltrabajo.cl\/portal\/wp-content\/uploads\/2013\/10\/alexis-cuevas-propuesta.jpg?resize=317%2C276\" width=\"317\" height=\"276\" srcset=\"https:\/\/i0.wp.com\/eltrabajo.cl\/portal\/wp-content\/uploads\/2013\/10\/alexis-cuevas-propuesta.jpg?w=529&amp;ssl=1 529w, https:\/\/i0.wp.com\/eltrabajo.cl\/portal\/wp-content\/uploads\/2013\/10\/alexis-cuevas-propuesta.jpg?resize=172%2C150&amp;ssl=1 172w, https:\/\/i0.wp.com\/eltrabajo.cl\/portal\/wp-content\/uploads\/2013\/10\/alexis-cuevas-propuesta.jpg?resize=300%2C260&amp;ssl=1 300w, https:\/\/i0.wp.com\/eltrabajo.cl\/portal\/wp-content\/uploads\/2013\/10\/alexis-cuevas-propuesta.jpg?resize=150%2C130&amp;ssl=1 150w, https:\/\/i0.wp.com\/eltrabajo.cl\/portal\/wp-content\/uploads\/2013\/10\/alexis-cuevas-propuesta.jpg?resize=400%2C347&amp;ssl=1 400w\" sizes=\"auto, (max-width: 317px) 100vw, 317px\" \/><\/a><figcaption id=\"caption-attachment-39147\" class=\"wp-caption-text\">Alexis Cuevas sostuvo que el directorio est\u00e1 unido.<\/figcaption><\/figure>\n<p><strong>LOS ANDES<\/strong>.- El Presidente del Colegio de Profesores de Los Andes, Alexis Cuevas, desminti\u00f3 en forma tajante que exista una divisi\u00f3n al interior de la directiva de esa organizaci\u00f3n gremial producto de las movilizaciones que han llevado adelante para exigir el pago de las deudas.<\/p>\n<p>Cuevas indic\u00f3 que el directorio en esta coyuntura que est\u00e1n viviendo, est\u00e1 completamente unido para buscar la soluci\u00f3n a los problemas de los profesores de Los Andes.<\/p>\n<p>\u00abAc\u00e1 no hay doble lectura, no hay l\u00edderes, todos somos uno, el directorio provincial m\u00e1s todo el resto de la directiva estamos completamente unidos, no hay dobles lecturas, no hay divisiones y yo quiero que eso quede totalmente claro para la comunidad\u00bb, expres\u00f3.<\/p>\n<p>Alexis Cuevas sostuvo que espera que el alcalde Navarro emita un decreto edilicio donde sus demandas sean incorporadas en el presupuesto municipal 2014, \u00abeso nosotros tenemos que analizarlo en su m\u00e9rito para ver qu\u00e9 medidas vamos a tomar, pues tenemos que tomar medidas r\u00e1pidas que pongan soluci\u00f3n a este conflicto\u00bb.<\/p>\n<p>&nbsp;<\/p>\n","protected":false},"excerpt":{"rendered":"<p>LOS ANDES.- El Presidente del Colegio de Profesores de Los Andes, Alexis Cuevas, desminti\u00f3 en forma tajante que exista una divisi\u00f3n al interior de la directiva de esa organizaci\u00f3n gremial producto de&#8230;<\/p>\n","protected":false},"author":482,"featured_media":39147,"comment_status":"open","ping_status":"closed","sticky":false,"template":"","format":"standard","meta":{"advanced_seo_description":"","jetpack_seo_html_title":"","jetpack_seo_noindex":false,"_jetpack_memberships_contains_paid_content":false,"footnotes":""},"categories":[15],"tags":[],"class_list":["post-39146","post","type-post","status-publish","format-standard","has-post-thumbnail","hentry","category-comunidad"],"jetpack_featured_media_url":"https:\/\/i0.wp.com\/eltrabajo.cl\/portal\/wp-content\/uploads\/2013\/10\/alexis-cuevas-propuesta.jpg?fit=529%2C460&ssl=1","jetpack_sharing_enabled":true,"jetpack_likes_enabled":true,"jetpack-related-posts":[],"_links":{"self":[{"href":"https:\/\/eltrabajo.cl\/portal\/wp-json\/wp\/v2\/posts\/39146","targetHints":{"allow":["GET"]}}],"collection":[{"href":"https:\/\/eltrabajo.cl\/portal\/wp-json\/wp\/v2\/posts"}],"about":[{"href":"https:\/\/eltrabajo.cl\/portal\/wp-json\/wp\/v2\/types\/post"}],"author":[{"embeddable":true,"href":"https:\/\/eltrabajo.cl\/portal\/wp-json\/wp\/v2\/users\/482"}],"replies":[{"embeddable":true,"href":"https:\/\/eltrabajo.cl\/portal\/wp-json\/wp\/v2\/comments?post=39146"}],"version-history":[{"count":0,"href":"https:\/\/eltrabajo.cl\/portal\/wp-json\/wp\/v2\/posts\/39146\/revisions"}],"wp:featuredmedia":[{"embeddable":true,"href":"https:\/\/eltrabajo.cl\/portal\/wp-json\/wp\/v2\/media\/39147"}],"wp:attachment":[{"href":"https:\/\/eltrabajo.cl\/portal\/wp-json\/wp\/v2\/media?parent=39146"}],"wp:term":[{"taxonomy":"category","embeddable":true,"href":"https:\/\/eltrabajo.cl\/portal\/wp-json\/wp\/v2\/categories?post=39146"},{"taxonomy":"post_tag","embeddable":true,"href":"https:\/\/eltrabajo.cl\/portal\/wp-json\/wp\/v2\/tags?post=39146"}],"curies":[{"name":"wp","href":"https:\/\/api.w.org\/{rel}","templated":true}]}}