{"id":39150,"date":"2013-10-30T09:48:52","date_gmt":"2013-10-30T12:48:52","guid":{"rendered":"http:\/\/www.eltrabajo.cl\/portal\/?p=39150"},"modified":"2013-10-30T09:48:52","modified_gmt":"2013-10-30T12:48:52","slug":"con-bailes-de-los-cinco-continentes-celebran-la-gala-artistica-2013","status":"publish","type":"post","link":"https:\/\/eltrabajo.cl\/portal\/con-bailes-de-los-cinco-continentes-celebran-la-gala-artistica-2013\/","title":{"rendered":"Con bailes de los cinco continentes celebran la Gala Art\u00edstica 2013"},"content":{"rendered":"<figure id=\"attachment_39151\" aria-describedby=\"caption-attachment-39151\" style=\"width: 529px\" class=\"wp-caption alignnone\"><a href=\"https:\/\/i0.wp.com\/www.eltrabajo.cl\/portal\/wp-content\/uploads\/2013\/10\/lambada2.jpg\"><img data-recalc-dims=\"1\" loading=\"lazy\" decoding=\"async\" class=\"size-full wp-image-39151\" title=\"Estos picarones bailaron espectacularmente la lambada brasile\u00f1a en el gimnasio del Dar\u00edo Salas.\" alt=\"Estos picarones bailaron espectacularmente la lambada brasile\u00f1a en el gimnasio del Dar\u00edo Salas.\" src=\"https:\/\/i0.wp.com\/www.eltrabajo.cl\/portal\/wp-content\/uploads\/2013\/10\/lambada2.jpg?resize=529%2C366\" width=\"529\" height=\"366\" srcset=\"https:\/\/i0.wp.com\/eltrabajo.cl\/portal\/wp-content\/uploads\/2013\/10\/lambada2.jpg?w=529&amp;ssl=1 529w, https:\/\/i0.wp.com\/eltrabajo.cl\/portal\/wp-content\/uploads\/2013\/10\/lambada2.jpg?resize=200%2C138&amp;ssl=1 200w, https:\/\/i0.wp.com\/eltrabajo.cl\/portal\/wp-content\/uploads\/2013\/10\/lambada2.jpg?resize=300%2C207&amp;ssl=1 300w, https:\/\/i0.wp.com\/eltrabajo.cl\/portal\/wp-content\/uploads\/2013\/10\/lambada2.jpg?resize=150%2C103&amp;ssl=1 150w, https:\/\/i0.wp.com\/eltrabajo.cl\/portal\/wp-content\/uploads\/2013\/10\/lambada2.jpg?resize=400%2C276&amp;ssl=1 400w\" sizes=\"auto, (max-width: 529px) 100vw, 529px\" \/><\/a><figcaption id=\"caption-attachment-39151\" class=\"wp-caption-text\">Estos picarones bailaron espectacularmente la lambada brasile\u00f1a en el gimnasio del Dar\u00edo Salas.<\/figcaption><\/figure>\n<p>La ma\u00f1ana de este s\u00e1bado reci\u00e9n pasado en el Liceo Dar\u00edo Salas de Santa Mar\u00eda, la m\u00fasica fue sin\u00f3nimo de libertad y alegr\u00eda en la gran Gala Art\u00edstica Bailes del Mundo 2013, una jornada en la que cientos de estudiantes tocaron sus instrumentos musicales y presentaron bailes populares de los cinco continentes de la Tierra.<\/p>\n<p>\u00abPor medio de la m\u00fasica y la danza hicimos un recorrido imaginario por todo el mundo, reuniendo culturas, costumbres, vestuarios, diferentes ritmos mel\u00f3dicos.<\/p>\n<p>\u00abFue una gala en la que Am\u00e9rica estuvo representada por el color rojo, por la sangre derramada de los ind\u00edgenas durante la Conquista\u00bb, coment\u00f3 a Diario El Trabajo el Director del Liceo Dar\u00edo Salas, Walter Arancibia.<\/p>\n<p>\u00c1frica fue representada con el color verde, por las extensas selvas de este continente; Asia por el amarillo, ya que la mayor\u00eda de las personas de Asia son de raza amarilla; Europa por el color blanco, que representa las vestiduras blancas del Papa en Roma. Y Ocean\u00eda, por el color azul, por el azul de los oc\u00e9anos que rodean las peque\u00f1as islas. Estos peque\u00f1os artistas interpretaron alegres bailes como el tango; la cueca; los paso-dobles espa\u00f1oles y ballenatos colombianos. Las c\u00e1maras de Diario El Trabajo registraron cada momento de esta Gala Art\u00edstica 2013 y hoy lo compartimos con nuestros lectores.<\/p>\n","protected":false},"excerpt":{"rendered":"<p>La ma\u00f1ana de este s\u00e1bado reci\u00e9n pasado en el Liceo Dar\u00edo Salas de Santa Mar\u00eda, la m\u00fasica fue sin\u00f3nimo de libertad y alegr\u00eda en la gran Gala Art\u00edstica Bailes del Mundo 2013,&#8230;<\/p>\n","protected":false},"author":482,"featured_media":39151,"comment_status":"open","ping_status":"closed","sticky":false,"template":"","format":"standard","meta":{"advanced_seo_description":"","jetpack_seo_html_title":"","jetpack_seo_noindex":false,"_jetpack_memberships_contains_paid_content":false,"footnotes":""},"categories":[15],"tags":[],"class_list":["post-39150","post","type-post","status-publish","format-standard","has-post-thumbnail","hentry","category-comunidad"],"jetpack_featured_media_url":"https:\/\/i0.wp.com\/eltrabajo.cl\/portal\/wp-content\/uploads\/2013\/10\/lambada2.jpg?fit=529%2C366&ssl=1","jetpack_sharing_enabled":true,"jetpack_likes_enabled":true,"jetpack-related-posts":[],"_links":{"self":[{"href":"https:\/\/eltrabajo.cl\/portal\/wp-json\/wp\/v2\/posts\/39150","targetHints":{"allow":["GET"]}}],"collection":[{"href":"https:\/\/eltrabajo.cl\/portal\/wp-json\/wp\/v2\/posts"}],"about":[{"href":"https:\/\/eltrabajo.cl\/portal\/wp-json\/wp\/v2\/types\/post"}],"author":[{"embeddable":true,"href":"https:\/\/eltrabajo.cl\/portal\/wp-json\/wp\/v2\/users\/482"}],"replies":[{"embeddable":true,"href":"https:\/\/eltrabajo.cl\/portal\/wp-json\/wp\/v2\/comments?post=39150"}],"version-history":[{"count":0,"href":"https:\/\/eltrabajo.cl\/portal\/wp-json\/wp\/v2\/posts\/39150\/revisions"}],"wp:featuredmedia":[{"embeddable":true,"href":"https:\/\/eltrabajo.cl\/portal\/wp-json\/wp\/v2\/media\/39151"}],"wp:attachment":[{"href":"https:\/\/eltrabajo.cl\/portal\/wp-json\/wp\/v2\/media?parent=39150"}],"wp:term":[{"taxonomy":"category","embeddable":true,"href":"https:\/\/eltrabajo.cl\/portal\/wp-json\/wp\/v2\/categories?post=39150"},{"taxonomy":"post_tag","embeddable":true,"href":"https:\/\/eltrabajo.cl\/portal\/wp-json\/wp\/v2\/tags?post=39150"}],"curies":[{"name":"wp","href":"https:\/\/api.w.org\/{rel}","templated":true}]}}