{"id":39154,"date":"2013-10-30T09:50:13","date_gmt":"2013-10-30T12:50:13","guid":{"rendered":"http:\/\/www.eltrabajo.cl\/portal\/?p=39154"},"modified":"2013-10-30T09:50:13","modified_gmt":"2013-10-30T12:50:13","slug":"municipio-de-panquehue-se-querella-por-abusos-sexuales-a-alumnos-de-la-pirca","status":"publish","type":"post","link":"https:\/\/eltrabajo.cl\/portal\/municipio-de-panquehue-se-querella-por-abusos-sexuales-a-alumnos-de-la-pirca\/","title":{"rendered":"Municipio de Panquehue se querella por abusos sexuales a alumnos de La Pirca"},"content":{"rendered":"<figure id=\"attachment_39155\" aria-describedby=\"caption-attachment-39155\" style=\"width: 317px\" class=\"wp-caption alignleft\"><a href=\"https:\/\/i0.wp.com\/www.eltrabajo.cl\/portal\/wp-content\/uploads\/2013\/10\/luis-pradenas1.jpg\"><img data-recalc-dims=\"1\" loading=\"lazy\" decoding=\"async\" class=\" wp-image-39155 \" title=\"Luis Pradenas Mor\u00e1n, alcalde de Panquehue, asegur\u00f3 que va \u201ca trabajar para que (el autor) pague por lo que hizo ante la justicia\u201d.\" alt=\"Luis Pradenas Mor\u00e1n, alcalde de Panquehue, asegur\u00f3 que va \u201ca trabajar para que (el autor) pague por lo que hizo ante la justicia\u201d.\" src=\"https:\/\/i0.wp.com\/www.eltrabajo.cl\/portal\/wp-content\/uploads\/2013\/10\/luis-pradenas1.jpg?resize=317%2C238\" width=\"317\" height=\"238\" srcset=\"https:\/\/i0.wp.com\/eltrabajo.cl\/portal\/wp-content\/uploads\/2013\/10\/luis-pradenas1.jpg?w=528&amp;ssl=1 528w, https:\/\/i0.wp.com\/eltrabajo.cl\/portal\/wp-content\/uploads\/2013\/10\/luis-pradenas1.jpg?resize=200%2C150&amp;ssl=1 200w, https:\/\/i0.wp.com\/eltrabajo.cl\/portal\/wp-content\/uploads\/2013\/10\/luis-pradenas1.jpg?resize=300%2C225&amp;ssl=1 300w, https:\/\/i0.wp.com\/eltrabajo.cl\/portal\/wp-content\/uploads\/2013\/10\/luis-pradenas1.jpg?resize=150%2C112&amp;ssl=1 150w, https:\/\/i0.wp.com\/eltrabajo.cl\/portal\/wp-content\/uploads\/2013\/10\/luis-pradenas1.jpg?resize=400%2C300&amp;ssl=1 400w\" sizes=\"auto, (max-width: 317px) 100vw, 317px\" \/><\/a><figcaption id=\"caption-attachment-39155\" class=\"wp-caption-text\">Luis Pradenas Mor\u00e1n, alcalde de Panquehue, asegur\u00f3 que va \u201ca trabajar para que (el autor) pague por lo que hizo ante la justicia\u201d.<\/figcaption><\/figure>\n<p>Ayer aparecieron rayados en las afueras de la Escuela Independencia, acusando de querer bajarle el perfil al delicado caso. Los alumnos en tanto, siguen asistiendo a la escuela, recibiendo apoyo psicosocial de parte de profesionales municipales.<\/p>\n<p>El Alcalde de Panquehue, Luis Pradenas, confirm\u00f3 la presentaci\u00f3n de una querella ante el Tribunal de Garant\u00eda contra quien o quienes resulten responsables de los abusos sexuales sufridos por tres alumnos de tercer a\u00f1o b\u00e1sico de la Escuela Independencia del sector La Pirca.<\/p>\n<p>La informaci\u00f3n la entreg\u00f3 la autoridad comunal, luego que en la ma\u00f1ana de ayer, la fachada de la escuela amaneciera con rayados donde se condenan estos hechos il\u00edcitos, a la vez que se acusa a las autoridades de bajarle el perfil a este caso.<\/p>\n<p>El alcalde Pradenas manifest\u00f3 que \u00e9l fue el primero en hacer p\u00fablico este caso, sin embargo no ha querido referirse nuevamente al tema con la finalidad de no hurgar m\u00e1s en el dolor de las familias de los menores involucrados, quienes inform\u00f3 que siguen acudiendo a la escuela, donde est\u00e1n recibiendo apoyo psicosocial para superar estos traum\u00e1ticos episodios de violencia sexual.<\/p>\n<p>\u201cEste es un hecho tremendamente grave y por lo tanto, las autoridades debemos tener la calma para realizar las acciones que sean necesarias, tratando el tema de tal manera de no seguir causando da\u00f1o a las familias afectadas\u201d, asever\u00f3 el jefe comunal.<\/p>\n<p>Respecto de las medidas que se han adoptado en este \u00e1mbito, dijo que junto con la denuncia a la polic\u00eda, se ha instruido un sumario que permita establecer si hay responsabilidades administrativas, as\u00ed como tambi\u00e9n se han realizado reuniones (una de ellas ayer) con apoderados para abordar junto a ellos los pasos que se est\u00e1n siguiendo y las acciones que se adoptar\u00e1n para prevenir la ocurrencia de nuevos episodios. A eso se suma la querella ante los Tribunales que presentar\u00e1 el abogado del municipio, Juan Ocampo.<\/p>\n<p>\u201cNo me gusta dar a conocer todo esto, lo hago porque reconozco que la comunidad debe estar informada. Pero la comunidad debe estar tranquila porque se han tomado los cursos de acci\u00f3n. Yo no puedo acusar a nadie todav\u00eda, de eso se encargar\u00e1 la justicia. No puedo decir si hay responsabilidades comprometidas, porque eso me lo va a dar el sumario administrativo\u201d, se\u00f1al\u00f3 Pradenas.<\/p>\n<p>A\u00f1adi\u00f3 que \u201cla comunidad escolar y la comunidad de Panquehue debe tener la tranquilidad, porque voy a aplicar todo el rigor, ya sea administrativo, y voy a aportar y ayudar a los familiares de los afectados, cuando se descubra al autor de los hechos, para que pague como corresponde, por intermedio de la justicia\u201d.<\/p>\n<p>&nbsp;<\/p>\n<p><strong>RAYADOS<\/strong><\/p>\n<p>En cuanto a los rayados que aparecieron en las afueras de la escuela, y que r\u00e1pidamente fueron borrados, el alcalde insisti\u00f3 en que la comunidad debe permanecer tranquila, explicando que maneja informaci\u00f3n del car\u00e1cter pol\u00edtico que se pretende dar a este tema.<\/p>\n<p>\u201cPretenden sacar un provecho pol\u00edtico, porque as\u00ed me lo han hecho saber muchos vecinos, pero yo llamo a no seguir en esto, porque solo aumentamos el da\u00f1o a las personas afectadas, y en eso creo que debemos tener el respeto a las familias de los ni\u00f1os como del autor, que tambi\u00e9n lo est\u00e1 pasando muy mal\u201d, manifest\u00f3.<\/p>\n<p>El Alcalde Pradenas precis\u00f3 que ha mantenido permanente contacto con las familias, de v\u00edctimas y presunto victimario, explicando que en el caso de \u00e9ste \u00faltimo, le hizo ver a sus padres que si se confirma su participaci\u00f3n en los hechos, \u201cyo voy a trabajar para que pague por lo que hizo ante la justicia\u201d.<\/p>\n<p>En el caso de los peque\u00f1os v\u00edctimas, indic\u00f3 que \u201cse les est\u00e1 entregando toda la ayuda necesaria, para aliviar el dolor que est\u00e1n sufriendo\u201d.<\/p>\n<p>Luis Pradenas pidi\u00f3 a aquellas personas que son testigos de los hechos, colaboren con la investigaci\u00f3n, recalcando que de lo contrario se convierten en c\u00f3mplices de estos episodios tan graves que ocurrieron en el colegio, para que no vuelvan a suceder y en definitiva se haga justicia.<\/p>\n<p>&nbsp;<\/p>\n","protected":false},"excerpt":{"rendered":"<p>Ayer aparecieron rayados en las afueras de la Escuela Independencia, acusando de querer bajarle el perfil al delicado caso. Los alumnos en tanto, siguen asistiendo a la escuela, recibiendo apoyo psicosocial de&#8230;<\/p>\n","protected":false},"author":482,"featured_media":39155,"comment_status":"open","ping_status":"closed","sticky":false,"template":"","format":"standard","meta":{"advanced_seo_description":"","jetpack_seo_html_title":"","jetpack_seo_noindex":false,"_jetpack_memberships_contains_paid_content":false,"footnotes":""},"categories":[1],"tags":[],"class_list":["post-39154","post","type-post","status-publish","format-standard","has-post-thumbnail","hentry","category-cronica"],"jetpack_featured_media_url":"https:\/\/i0.wp.com\/eltrabajo.cl\/portal\/wp-content\/uploads\/2013\/10\/luis-pradenas1.jpg?fit=528%2C396&ssl=1","jetpack_sharing_enabled":true,"jetpack_likes_enabled":true,"jetpack-related-posts":[],"_links":{"self":[{"href":"https:\/\/eltrabajo.cl\/portal\/wp-json\/wp\/v2\/posts\/39154","targetHints":{"allow":["GET"]}}],"collection":[{"href":"https:\/\/eltrabajo.cl\/portal\/wp-json\/wp\/v2\/posts"}],"about":[{"href":"https:\/\/eltrabajo.cl\/portal\/wp-json\/wp\/v2\/types\/post"}],"author":[{"embeddable":true,"href":"https:\/\/eltrabajo.cl\/portal\/wp-json\/wp\/v2\/users\/482"}],"replies":[{"embeddable":true,"href":"https:\/\/eltrabajo.cl\/portal\/wp-json\/wp\/v2\/comments?post=39154"}],"version-history":[{"count":0,"href":"https:\/\/eltrabajo.cl\/portal\/wp-json\/wp\/v2\/posts\/39154\/revisions"}],"wp:featuredmedia":[{"embeddable":true,"href":"https:\/\/eltrabajo.cl\/portal\/wp-json\/wp\/v2\/media\/39155"}],"wp:attachment":[{"href":"https:\/\/eltrabajo.cl\/portal\/wp-json\/wp\/v2\/media?parent=39154"}],"wp:term":[{"taxonomy":"category","embeddable":true,"href":"https:\/\/eltrabajo.cl\/portal\/wp-json\/wp\/v2\/categories?post=39154"},{"taxonomy":"post_tag","embeddable":true,"href":"https:\/\/eltrabajo.cl\/portal\/wp-json\/wp\/v2\/tags?post=39154"}],"curies":[{"name":"wp","href":"https:\/\/api.w.org\/{rel}","templated":true}]}}