{"id":39160,"date":"2013-10-30T09:52:56","date_gmt":"2013-10-30T12:52:56","guid":{"rendered":"http:\/\/www.eltrabajo.cl\/portal\/?p=39160"},"modified":"2013-10-30T09:52:56","modified_gmt":"2013-10-30T12:52:56","slug":"misa-de-luz-y-en-memoria-de-todos-los-santos-en-cementerio-municipal","status":"publish","type":"post","link":"https:\/\/eltrabajo.cl\/portal\/misa-de-luz-y-en-memoria-de-todos-los-santos-en-cementerio-municipal\/","title":{"rendered":"\u2018Misa de Luz\u2019 y en memoria de \u2018Todos los Santos\u2019 en Cementerio Municipal"},"content":{"rendered":"<figure id=\"attachment_39161\" aria-describedby=\"caption-attachment-39161\" style=\"width: 529px\" class=\"wp-caption alignnone\"><a href=\"https:\/\/i0.wp.com\/www.eltrabajo.cl\/portal\/wp-content\/uploads\/2013\/10\/cementerio1.jpg\"><img data-recalc-dims=\"1\" loading=\"lazy\" decoding=\"async\" class=\"size-full wp-image-39161\" title=\"El Cementerio Municipal de Almendral ya est\u00e1 listo y dispuesto para la masiva concurrencia de visitantes en el largo fin de semana.\" alt=\"El Cementerio Municipal de Almendral ya est\u00e1 listo y dispuesto para la masiva concurrencia de visitantes en el largo fin de semana.\" src=\"https:\/\/i0.wp.com\/www.eltrabajo.cl\/portal\/wp-content\/uploads\/2013\/10\/cementerio1.jpg?resize=529%2C309\" width=\"529\" height=\"309\" srcset=\"https:\/\/i0.wp.com\/eltrabajo.cl\/portal\/wp-content\/uploads\/2013\/10\/cementerio1.jpg?w=529&amp;ssl=1 529w, https:\/\/i0.wp.com\/eltrabajo.cl\/portal\/wp-content\/uploads\/2013\/10\/cementerio1.jpg?resize=200%2C116&amp;ssl=1 200w, https:\/\/i0.wp.com\/eltrabajo.cl\/portal\/wp-content\/uploads\/2013\/10\/cementerio1.jpg?resize=300%2C175&amp;ssl=1 300w, https:\/\/i0.wp.com\/eltrabajo.cl\/portal\/wp-content\/uploads\/2013\/10\/cementerio1.jpg?resize=150%2C87&amp;ssl=1 150w, https:\/\/i0.wp.com\/eltrabajo.cl\/portal\/wp-content\/uploads\/2013\/10\/cementerio1.jpg?resize=400%2C233&amp;ssl=1 400w\" sizes=\"auto, (max-width: 529px) 100vw, 529px\" \/><\/a><figcaption id=\"caption-attachment-39161\" class=\"wp-caption-text\">El Cementerio Municipal de Almendral ya est\u00e1 listo y dispuesto para la masiva concurrencia de visitantes en el largo fin de semana.<\/figcaption><\/figure>\n<p>Con el objetivo de recordar a los familiares que ya han partido, el Cementerio Municipal \u2018El Almendral\u2019 de San Felipe mantendr\u00e1 sus puertas abiertas desde las primeras horas de la ma\u00f1ana del pr\u00f3ximo jueves 31 de octubre, d\u00eda en que se celebrar\u00e1 adem\u00e1s la tradicional \u2018Misa de la Luz\u2019.<\/p>\n<p>Ese d\u00eda la administraci\u00f3n del cementerio abrir\u00e1 sus puertas a las 8 de la ma\u00f1ana y se instalar\u00e1n vallas papales en la calzada, las que se ubicar\u00e1n desde el inicio de los puestos de flores con la idea de permitir el libre tr\u00e1nsito de los peatones que lleguen al campo santo. Adem\u00e1s no se permitir\u00e1 el uso de estacionamiento para veh\u00edculos particulares en el frontis del cementerio.<\/p>\n<p>Ese d\u00eda se mantendr\u00e1 abierto el cementerio hasta las 19 horas, y sus puertas se volver\u00e1n a abrir a las 20:45 horas, momento en que se realizar\u00e1 la \u2018Misa de la Luz\u2019, la que ser\u00e1 oficiada por el padre Eugenio Duque, en el acceso principal, la que se extender\u00e1 hasta las 22:30 horas aproximadamente.<\/p>\n<p>El d\u00eda viernes 1 de noviembre el cementerio volver\u00e1 a abrir sus puertas a las 8 de la ma\u00f1ana y cerrar\u00e1 a las 20 horas. Ese d\u00eda, el Padre Obispo Cristi\u00e1n Contreras oficiar\u00e1 una misa en la plazuela del Cementerio, en memoria de Todos los Santos.<\/p>\n<p>En tanto los d\u00edas 2 y 3 de noviembre, el horario para visitar a los familiares que ya partieron ser\u00e1 entre las 8 y las 19 horas, mientras que la oficina de la administraci\u00f3n atender\u00e1 entre las 10 y las 13 horas.<\/p>\n<p>&nbsp;<\/p>\n","protected":false},"excerpt":{"rendered":"<p>Con el objetivo de recordar a los familiares que ya han partido, el Cementerio Municipal \u2018El Almendral\u2019 de San Felipe mantendr\u00e1 sus puertas abiertas desde las primeras horas de la ma\u00f1ana del&#8230;<\/p>\n","protected":false},"author":482,"featured_media":39161,"comment_status":"open","ping_status":"closed","sticky":false,"template":"","format":"standard","meta":{"advanced_seo_description":"","jetpack_seo_html_title":"","jetpack_seo_noindex":false,"_jetpack_memberships_contains_paid_content":false,"footnotes":""},"categories":[1],"tags":[],"class_list":["post-39160","post","type-post","status-publish","format-standard","has-post-thumbnail","hentry","category-cronica"],"jetpack_featured_media_url":"https:\/\/i0.wp.com\/eltrabajo.cl\/portal\/wp-content\/uploads\/2013\/10\/cementerio1.jpg?fit=529%2C309&ssl=1","jetpack_sharing_enabled":true,"jetpack_likes_enabled":true,"jetpack-related-posts":[],"_links":{"self":[{"href":"https:\/\/eltrabajo.cl\/portal\/wp-json\/wp\/v2\/posts\/39160","targetHints":{"allow":["GET"]}}],"collection":[{"href":"https:\/\/eltrabajo.cl\/portal\/wp-json\/wp\/v2\/posts"}],"about":[{"href":"https:\/\/eltrabajo.cl\/portal\/wp-json\/wp\/v2\/types\/post"}],"author":[{"embeddable":true,"href":"https:\/\/eltrabajo.cl\/portal\/wp-json\/wp\/v2\/users\/482"}],"replies":[{"embeddable":true,"href":"https:\/\/eltrabajo.cl\/portal\/wp-json\/wp\/v2\/comments?post=39160"}],"version-history":[{"count":0,"href":"https:\/\/eltrabajo.cl\/portal\/wp-json\/wp\/v2\/posts\/39160\/revisions"}],"wp:featuredmedia":[{"embeddable":true,"href":"https:\/\/eltrabajo.cl\/portal\/wp-json\/wp\/v2\/media\/39161"}],"wp:attachment":[{"href":"https:\/\/eltrabajo.cl\/portal\/wp-json\/wp\/v2\/media?parent=39160"}],"wp:term":[{"taxonomy":"category","embeddable":true,"href":"https:\/\/eltrabajo.cl\/portal\/wp-json\/wp\/v2\/categories?post=39160"},{"taxonomy":"post_tag","embeddable":true,"href":"https:\/\/eltrabajo.cl\/portal\/wp-json\/wp\/v2\/tags?post=39160"}],"curies":[{"name":"wp","href":"https:\/\/api.w.org\/{rel}","templated":true}]}}