{"id":39163,"date":"2013-10-30T09:54:05","date_gmt":"2013-10-30T12:54:05","guid":{"rendered":"http:\/\/www.eltrabajo.cl\/portal\/?p=39163"},"modified":"2013-10-30T09:54:05","modified_gmt":"2013-10-30T12:54:05","slug":"freire-entrego-premios-a-ninos-por-concurso-fiestas-patrias-en-mi-hospital","status":"publish","type":"post","link":"https:\/\/eltrabajo.cl\/portal\/freire-entrego-premios-a-ninos-por-concurso-fiestas-patrias-en-mi-hospital\/","title":{"rendered":"Freire entreg\u00f3 premios a ni\u00f1os por concurso Fiestas Patrias en mi Hospital"},"content":{"rendered":"<figure id=\"attachment_39164\" aria-describedby=\"caption-attachment-39164\" style=\"width: 528px\" class=\"wp-caption alignnone\"><a href=\"https:\/\/i0.wp.com\/www.eltrabajo.cl\/portal\/wp-content\/uploads\/2013\/10\/premiacion-hospital.jpg\"><img data-recalc-dims=\"1\" loading=\"lazy\" decoding=\"async\" class=\"size-full wp-image-39164\" title=\"La iniciativa es parte del programa Chile Crece Contigo y participaron peque\u00f1os que estuvieron hospitalizados en Fiestas Patrias.\" alt=\"La iniciativa es parte del programa Chile Crece Contigo y participaron peque\u00f1os que estuvieron hospitalizados en Fiestas Patrias.\" src=\"https:\/\/i0.wp.com\/www.eltrabajo.cl\/portal\/wp-content\/uploads\/2013\/10\/premiacion-hospital.jpg?resize=528%2C389\" width=\"528\" height=\"389\" srcset=\"https:\/\/i0.wp.com\/eltrabajo.cl\/portal\/wp-content\/uploads\/2013\/10\/premiacion-hospital.jpg?w=528&amp;ssl=1 528w, https:\/\/i0.wp.com\/eltrabajo.cl\/portal\/wp-content\/uploads\/2013\/10\/premiacion-hospital.jpg?resize=200%2C147&amp;ssl=1 200w, https:\/\/i0.wp.com\/eltrabajo.cl\/portal\/wp-content\/uploads\/2013\/10\/premiacion-hospital.jpg?resize=300%2C221&amp;ssl=1 300w, https:\/\/i0.wp.com\/eltrabajo.cl\/portal\/wp-content\/uploads\/2013\/10\/premiacion-hospital.jpg?resize=150%2C110&amp;ssl=1 150w, https:\/\/i0.wp.com\/eltrabajo.cl\/portal\/wp-content\/uploads\/2013\/10\/premiacion-hospital.jpg?resize=400%2C294&amp;ssl=1 400w\" sizes=\"auto, (max-width: 528px) 100vw, 528px\" \/><\/a><figcaption id=\"caption-attachment-39164\" class=\"wp-caption-text\">La iniciativa es parte del programa Chile Crece Contigo y participaron peque\u00f1os que estuvieron hospitalizados en Fiestas Patrias.<\/figcaption><\/figure>\n<p>Diez ni\u00f1os que durante las Fiestas Patrias estuvieron internados en el hospital San Camilo y que participaron en el Concurso \u2018Fiestas Patrias en mi hospital\u2019, recibieron este martes un premio por su entusiasmo en participar, el que fue entregado por el Alcalde Patricio Freire y el Subdirector m\u00e9dico del Hospital San Camilo, N\u00e9stor Iribarra.<\/p>\n<p>Esta es la primera vez que se realiza el concurso y ten\u00eda como objetivo dar un espacio de entretenci\u00f3n a los ni\u00f1os m\u00e1s peque\u00f1os que se encontraban hospitalizados para esa fecha.<\/p>\n<p>Seg\u00fan explic\u00f3 el coordinador comunal de Chile Crece Contigo, Claudio Chamorro, hubo tanto inter\u00e9s de los ni\u00f1os por participar, que la idea es volver a realizar esta actividad en diciembre para Navidad.<\/p>\n<p>\u201cMuchos ni\u00f1os est\u00e1n hospitalizados para Navidad y A\u00f1o Nuevo y queremos ir haciendo esta actividad cada vez que haya una fecha importante y mientras nosotros sepamos que tenemos ni\u00f1os, para poder participar junto a sus familias dentro del hospital\u201d.<\/p>\n<p>Los peque\u00f1os estaban muy entusiasmados y varios de los ni\u00f1os que estaban hospitalizados supieron del concurso y que se fueron de alta antes de la actividad, de todas maneras quer\u00edan participar y pintar.<\/p>\n<p>El coordinador del programa destac\u00f3 el apoyo que la iniciativa recibi\u00f3 del Alcalde Patricio Freire, quien adem\u00e1s hizo entrega de una pantalla magn\u00e9tica, que ser\u00e1 utilizada en la sala de estimulaci\u00f3n del centro asistencial.<\/p>\n<p>\u201cEsta es una actividad muy importante, cuando se trata de ni\u00f1os, igual que con los adultos mayores, uno llega a esta actividad muy contento de participar. Y ver esta instancia en que los ni\u00f1os estuvieron en el tiempo de las Fiestas Patrias dibujando, cuando hab\u00edan otros ni\u00f1os que estaban jugando y ellos estaban ac\u00e1 hospitalizados por alg\u00fan problema, es muy importante, sin duda este programa ayuda a la infancia\u201d, sostuvo el Alcalde Freire.<\/p>\n<p>Esta es una de las actividades que realiza a nivel comunal el programa Chile Crece Contigo, en relaci\u00f3n a la primera infancia, dando un espacio de recreaci\u00f3n cuando los peque\u00f1os est\u00e1n pasando un momento complejo, como una hospitalizaci\u00f3n.<\/p>\n<p>&nbsp;<\/p>\n","protected":false},"excerpt":{"rendered":"<p>Diez ni\u00f1os que durante las Fiestas Patrias estuvieron internados en el hospital San Camilo y que participaron en el Concurso \u2018Fiestas Patrias en mi hospital\u2019, recibieron este martes un premio por su&#8230;<\/p>\n","protected":false},"author":482,"featured_media":39164,"comment_status":"open","ping_status":"closed","sticky":false,"template":"","format":"standard","meta":{"advanced_seo_description":"","jetpack_seo_html_title":"","jetpack_seo_noindex":false,"_jetpack_memberships_contains_paid_content":false,"footnotes":""},"categories":[1],"tags":[],"class_list":["post-39163","post","type-post","status-publish","format-standard","has-post-thumbnail","hentry","category-cronica"],"jetpack_featured_media_url":"https:\/\/i0.wp.com\/eltrabajo.cl\/portal\/wp-content\/uploads\/2013\/10\/premiacion-hospital.jpg?fit=528%2C389&ssl=1","jetpack_sharing_enabled":true,"jetpack_likes_enabled":true,"jetpack-related-posts":[],"_links":{"self":[{"href":"https:\/\/eltrabajo.cl\/portal\/wp-json\/wp\/v2\/posts\/39163","targetHints":{"allow":["GET"]}}],"collection":[{"href":"https:\/\/eltrabajo.cl\/portal\/wp-json\/wp\/v2\/posts"}],"about":[{"href":"https:\/\/eltrabajo.cl\/portal\/wp-json\/wp\/v2\/types\/post"}],"author":[{"embeddable":true,"href":"https:\/\/eltrabajo.cl\/portal\/wp-json\/wp\/v2\/users\/482"}],"replies":[{"embeddable":true,"href":"https:\/\/eltrabajo.cl\/portal\/wp-json\/wp\/v2\/comments?post=39163"}],"version-history":[{"count":0,"href":"https:\/\/eltrabajo.cl\/portal\/wp-json\/wp\/v2\/posts\/39163\/revisions"}],"wp:featuredmedia":[{"embeddable":true,"href":"https:\/\/eltrabajo.cl\/portal\/wp-json\/wp\/v2\/media\/39164"}],"wp:attachment":[{"href":"https:\/\/eltrabajo.cl\/portal\/wp-json\/wp\/v2\/media?parent=39163"}],"wp:term":[{"taxonomy":"category","embeddable":true,"href":"https:\/\/eltrabajo.cl\/portal\/wp-json\/wp\/v2\/categories?post=39163"},{"taxonomy":"post_tag","embeddable":true,"href":"https:\/\/eltrabajo.cl\/portal\/wp-json\/wp\/v2\/tags?post=39163"}],"curies":[{"name":"wp","href":"https:\/\/api.w.org\/{rel}","templated":true}]}}