{"id":39166,"date":"2013-10-30T09:56:39","date_gmt":"2013-10-30T12:56:39","guid":{"rendered":"http:\/\/www.eltrabajo.cl\/portal\/?p=39166"},"modified":"2013-10-30T09:56:39","modified_gmt":"2013-10-30T12:56:39","slug":"joven-padre-aclara-episodio-en-que-fue-detenido-y-acusado-de-robo","status":"publish","type":"post","link":"https:\/\/eltrabajo.cl\/portal\/joven-padre-aclara-episodio-en-que-fue-detenido-y-acusado-de-robo\/","title":{"rendered":"Joven padre aclara episodio en que fue detenido y acusado de robo"},"content":{"rendered":"<figure id=\"attachment_39167\" aria-describedby=\"caption-attachment-39167\" style=\"width: 317px\" class=\"wp-caption alignleft\"><a href=\"https:\/\/i0.wp.com\/www.eltrabajo.cl\/portal\/wp-content\/uploads\/2013\/10\/jonathan-zamora.jpg\"><img data-recalc-dims=\"1\" loading=\"lazy\" decoding=\"async\" class=\" wp-image-39167 \" title=\"Jonathan Zamora muestra su hoja de antecedentes, obtenida ayer al mediod\u00eda en el Registro Civil, la que da cuenta de su honorabilidad, ya que est\u00e1 limpia.\" alt=\"Jonathan Zamora muestra su hoja de antecedentes, obtenida ayer al mediod\u00eda en el Registro Civil, la que da cuenta de su honorabilidad, ya que est\u00e1 limpia.\" src=\"https:\/\/i0.wp.com\/www.eltrabajo.cl\/portal\/wp-content\/uploads\/2013\/10\/jonathan-zamora.jpg?resize=317%2C238\" width=\"317\" height=\"238\" srcset=\"https:\/\/i0.wp.com\/eltrabajo.cl\/portal\/wp-content\/uploads\/2013\/10\/jonathan-zamora.jpg?w=528&amp;ssl=1 528w, https:\/\/i0.wp.com\/eltrabajo.cl\/portal\/wp-content\/uploads\/2013\/10\/jonathan-zamora.jpg?resize=200%2C150&amp;ssl=1 200w, https:\/\/i0.wp.com\/eltrabajo.cl\/portal\/wp-content\/uploads\/2013\/10\/jonathan-zamora.jpg?resize=300%2C225&amp;ssl=1 300w, https:\/\/i0.wp.com\/eltrabajo.cl\/portal\/wp-content\/uploads\/2013\/10\/jonathan-zamora.jpg?resize=150%2C112&amp;ssl=1 150w, https:\/\/i0.wp.com\/eltrabajo.cl\/portal\/wp-content\/uploads\/2013\/10\/jonathan-zamora.jpg?resize=400%2C300&amp;ssl=1 400w\" sizes=\"auto, (max-width: 317px) 100vw, 317px\" \/><\/a><figcaption id=\"caption-attachment-39167\" class=\"wp-caption-text\">Jonathan Zamora muestra su hoja de antecedentes, obtenida ayer al mediod\u00eda en el Registro Civil, la que da cuenta de su honorabilidad, ya que est\u00e1 limpia.<\/figcaption><\/figure>\n<ul>\n<li><strong>Reconoce que estaba ebrio, pero su intenci\u00f3n jam\u00e1s fue la de robar, aclar\u00f3 en entrevista a Diario El Trabajo.<\/strong><\/li>\n<\/ul>\n<p>Mostrando su hoja de antecedentes limpia, sin observaciones y bastante apesadumbrado, fue posible encontrar a Jonathan Bernardo Zamora Arancibia, un joven padre y trabajador de la comuna de San Felipe, que la semana pasada fue detenido por Carabineros, porque supuestamente hab\u00eda ingresado a robar a una vivienda.<\/p>\n<p>Si bien la informaci\u00f3n entregada por Carabineros indicaba que Jonathan hab\u00eda sido sorprendido cuando ingresaba a una vivienda donde pretend\u00eda robar, dando como explicaci\u00f3n que la propiedad era de su madre, lo cierto es que nunca fue la intenci\u00f3n de este joven la de sustraer especies, nos precis\u00f3.<\/p>\n<p>Acompa\u00f1ado de su madre, relat\u00f3 a Diario El Trabajo el episodio registrado la madrugada del 23 de octubre, aseverando que horas antes de la detenci\u00f3n, \u00e9l estuvo bebiendo alcohol con unos amigos en una plazoleta, siendo incluso controlado por personal policial, sin que se detectara ninguna situaci\u00f3n irregular.<\/p>\n<p>\u201c\u00c9ramos seis amigos que est\u00e1bamos tomando, y despu\u00e9s que nos controlaron, yo me fui ebrio a dejar a un amigo a la Avenida Chile. De vuelta, me encuentro con Carabineros y mi reacci\u00f3n, para que no me llevaran por estar bajo los efectos del alcohol, fue la de tirarme hacia una casa, para esconderme y me met\u00ed a un antejard\u00edn. Ah\u00ed me pillaron ellos\u201d, relat\u00f3 Jonathan Zamora.<\/p>\n<p>Reconoci\u00f3 en ese sentido que en primera instancia, cuando fue consultado por Carabineros, dijo que estaba en la casa de su mam\u00e1 y que hab\u00eda perdido las llaves, pero asegura que \u201ceso fue porque quer\u00eda que no me llevaran detenido por estar ebrio\u201d.<\/p>\n<p>Sin embargo, el joven afirma que \u201cen ning\u00fan momento ingres\u00e9 a la casa, ni mucho menos sustraje especies como se dijo. Tampoco forc\u00e9 una ventana como dijo Carabineros\u201d.<\/p>\n<p>Jonathan est\u00e1 muy angustiado y reconoce que lamentablemente, la informaci\u00f3n entregada por Carabineros solo ha significado situaciones muy delicadas para \u00e9l y su familia, como es perder el trabajo por esta causa y que su hijo de solo 10 a\u00f1os, est\u00e9 siendo v\u00edctima de violencia escolar, precisamente a prop\u00f3sito de este episodio.<\/p>\n<p>Jonathan fue puesto a disposici\u00f3n del Tribunal de Garant\u00eda y precisamente, debido a la inexistencia de argumentos que sustentaran su participaci\u00f3n en el delito de robo, finalmente fue formalizado por violaci\u00f3n de morada, que es efectivamente el error que cometi\u00f3.<\/p>\n<p>\u201cA m\u00ed me dej\u00f3 p\u00e9simo Carabineros. Yo tengo hijos, tengo familia y nunca he robado, no tengo necesidad porque trabajo, aunque claro, ahora me despidieron. Pero esto me tiene devastado\u201d, se\u00f1al\u00f3 a Diario El Trabajo.<\/p>\n<p>En la entrevista con nuestro medio, el joven exhibi\u00f3 su hoja de antecedentes, que da cuenta que est\u00e1 limpio, lo que demuestra que efectivamente es un trabajador intachable, que cometi\u00f3 el error de ingresar a una propiedad que no era la suya, para evitar que lo infraccionaran por estar ebrio.<\/p>\n<p>&nbsp;<\/p>\n","protected":false},"excerpt":{"rendered":"<p>Reconoce que estaba ebrio, pero su intenci\u00f3n jam\u00e1s fue la de robar, aclar\u00f3 en entrevista a Diario El Trabajo. Mostrando su hoja de antecedentes limpia, sin observaciones y bastante apesadumbrado, fue posible&#8230;<\/p>\n","protected":false},"author":482,"featured_media":39167,"comment_status":"open","ping_status":"closed","sticky":false,"template":"","format":"standard","meta":{"advanced_seo_description":"","jetpack_seo_html_title":"","jetpack_seo_noindex":false,"_jetpack_memberships_contains_paid_content":false,"footnotes":""},"categories":[15],"tags":[],"class_list":["post-39166","post","type-post","status-publish","format-standard","has-post-thumbnail","hentry","category-comunidad"],"jetpack_featured_media_url":"https:\/\/i0.wp.com\/eltrabajo.cl\/portal\/wp-content\/uploads\/2013\/10\/jonathan-zamora.jpg?fit=528%2C396&ssl=1","jetpack_sharing_enabled":true,"jetpack_likes_enabled":true,"jetpack-related-posts":[],"_links":{"self":[{"href":"https:\/\/eltrabajo.cl\/portal\/wp-json\/wp\/v2\/posts\/39166","targetHints":{"allow":["GET"]}}],"collection":[{"href":"https:\/\/eltrabajo.cl\/portal\/wp-json\/wp\/v2\/posts"}],"about":[{"href":"https:\/\/eltrabajo.cl\/portal\/wp-json\/wp\/v2\/types\/post"}],"author":[{"embeddable":true,"href":"https:\/\/eltrabajo.cl\/portal\/wp-json\/wp\/v2\/users\/482"}],"replies":[{"embeddable":true,"href":"https:\/\/eltrabajo.cl\/portal\/wp-json\/wp\/v2\/comments?post=39166"}],"version-history":[{"count":0,"href":"https:\/\/eltrabajo.cl\/portal\/wp-json\/wp\/v2\/posts\/39166\/revisions"}],"wp:featuredmedia":[{"embeddable":true,"href":"https:\/\/eltrabajo.cl\/portal\/wp-json\/wp\/v2\/media\/39167"}],"wp:attachment":[{"href":"https:\/\/eltrabajo.cl\/portal\/wp-json\/wp\/v2\/media?parent=39166"}],"wp:term":[{"taxonomy":"category","embeddable":true,"href":"https:\/\/eltrabajo.cl\/portal\/wp-json\/wp\/v2\/categories?post=39166"},{"taxonomy":"post_tag","embeddable":true,"href":"https:\/\/eltrabajo.cl\/portal\/wp-json\/wp\/v2\/tags?post=39166"}],"curies":[{"name":"wp","href":"https:\/\/api.w.org\/{rel}","templated":true}]}}