{"id":39194,"date":"2013-11-04T09:57:09","date_gmt":"2013-11-04T12:57:09","guid":{"rendered":"http:\/\/www.eltrabajo.cl\/portal\/?p=39194"},"modified":"2013-11-04T09:57:09","modified_gmt":"2013-11-04T12:57:09","slug":"sanfelipenos-visitaron-a-sus-seres-queridos-durante-fechas-especiales","status":"publish","type":"post","link":"https:\/\/eltrabajo.cl\/portal\/sanfelipenos-visitaron-a-sus-seres-queridos-durante-fechas-especiales\/","title":{"rendered":"Sanfelipe\u00f1os visitaron a sus seres queridos durante fechas especiales"},"content":{"rendered":"<figure id=\"attachment_39195\" aria-describedby=\"caption-attachment-39195\" style=\"width: 528px\" class=\"wp-caption alignnone\"><a href=\"https:\/\/i0.wp.com\/www.eltrabajo.cl\/portal\/wp-content\/uploads\/2013\/11\/foto-1.jpg\"><img data-recalc-dims=\"1\" loading=\"lazy\" decoding=\"async\" class=\"size-full wp-image-39195\" title=\"Los peque\u00f1os tambi\u00e9n llegaron al cementerio para recordar a sus seres queridos. En la imagen, la peque\u00f1a Sof\u00eda deposita flores en la sepultura de su abuelo Marcelino Fuentes Gallardo.\" alt=\"Los peque\u00f1os tambi\u00e9n llegaron al cementerio para recordar a sus seres queridos. En la imagen, la peque\u00f1a Sof\u00eda deposita flores en la sepultura de su abuelo Marcelino Fuentes Gallardo.\" src=\"https:\/\/i0.wp.com\/www.eltrabajo.cl\/portal\/wp-content\/uploads\/2013\/11\/foto-1.jpg?resize=528%2C395\" width=\"528\" height=\"395\" srcset=\"https:\/\/i0.wp.com\/eltrabajo.cl\/portal\/wp-content\/uploads\/2013\/11\/foto-1.jpg?w=528&amp;ssl=1 528w, https:\/\/i0.wp.com\/eltrabajo.cl\/portal\/wp-content\/uploads\/2013\/11\/foto-1.jpg?resize=200%2C150&amp;ssl=1 200w, https:\/\/i0.wp.com\/eltrabajo.cl\/portal\/wp-content\/uploads\/2013\/11\/foto-1.jpg?resize=300%2C224&amp;ssl=1 300w, https:\/\/i0.wp.com\/eltrabajo.cl\/portal\/wp-content\/uploads\/2013\/11\/foto-1.jpg?resize=150%2C112&amp;ssl=1 150w, https:\/\/i0.wp.com\/eltrabajo.cl\/portal\/wp-content\/uploads\/2013\/11\/foto-1.jpg?resize=400%2C299&amp;ssl=1 400w\" sizes=\"auto, (max-width: 528px) 100vw, 528px\" \/><\/a><figcaption id=\"caption-attachment-39195\" class=\"wp-caption-text\">Los peque\u00f1os tambi\u00e9n llegaron al cementerio para recordar a sus seres queridos. En la imagen, la peque\u00f1a Sof\u00eda deposita flores en la sepultura de su abuelo Marcelino Fuentes Gallardo.<\/figcaption><\/figure>\n<p>Gran cantidad de personas, eso s\u00ed, en menos cantidad que otros a\u00f1os, fue posible registrar en los distintos cementerios de la zona y especialmente en el Cementerio Municipal de Almendral. Al parecer, la gran cantidad de d\u00edas festivos signific\u00f3 que el p\u00fablico en los cementerios se dividiera, por lo que el d\u00eda 1\u00ba de noviembre, aunque hab\u00eda un n\u00famero importante de sanfelipe\u00f1os en el Cementerio Municipal, era menos significativo que el a\u00f1o pasado, lo que no signific\u00f3 al parecer una merma o desinter\u00e9s, ya que la mayor\u00eda de las sepulturas evidenciaba visitas, al presentar la mayor\u00eda gran cantidad de flores para sus seres queridos que han fallecido.<\/p>\n<p>Mientras en la noche del d\u00eda 31, el Cementerio Municipal de San Felipe abri\u00f3 sus puertas para la realizaci\u00f3n de la Misa de la Luz, encabezada por el p\u00e1rroco de Almendral, Padre Eugenio Duque, el d\u00eda 1\u00ba de noviembre por la ma\u00f1ana se realiz\u00f3 la Eucarist\u00eda presidida por el obispo de Aconcagua, Monse\u00f1or Cristian Contreras.<\/p>\n<p>A ambas actividades religiosas concurri\u00f3 gran cantidad de fieles, quienes oraron por sus seres queridos que ya han partido. En todo caso, durante todo el fin de semana largo fue posible apreciar movimiento de p\u00fablico en \u00e9ste como en todos los cementerios de la zona, lo que da cuenta de la importancia que tiene para los aconcag\u00fcinos, estas fechas que recuerdan a Todos los Santos, el d\u00eda 1\u00ba; y a los Difuntos el d\u00eda 2 de noviembre.<\/p>\n<p>&nbsp;<\/p>\n","protected":false},"excerpt":{"rendered":"<p>Gran cantidad de personas, eso s\u00ed, en menos cantidad que otros a\u00f1os, fue posible registrar en los distintos cementerios de la zona y especialmente en el Cementerio Municipal de Almendral. Al parecer,&#8230;<\/p>\n","protected":false},"author":482,"featured_media":39195,"comment_status":"open","ping_status":"closed","sticky":false,"template":"","format":"standard","meta":{"advanced_seo_description":"","jetpack_seo_html_title":"","jetpack_seo_noindex":false,"_jetpack_memberships_contains_paid_content":false,"footnotes":""},"categories":[15],"tags":[],"class_list":["post-39194","post","type-post","status-publish","format-standard","has-post-thumbnail","hentry","category-comunidad"],"jetpack_featured_media_url":"https:\/\/i0.wp.com\/eltrabajo.cl\/portal\/wp-content\/uploads\/2013\/11\/foto-1.jpg?fit=528%2C395&ssl=1","jetpack_sharing_enabled":true,"jetpack_likes_enabled":true,"jetpack-related-posts":[],"_links":{"self":[{"href":"https:\/\/eltrabajo.cl\/portal\/wp-json\/wp\/v2\/posts\/39194","targetHints":{"allow":["GET"]}}],"collection":[{"href":"https:\/\/eltrabajo.cl\/portal\/wp-json\/wp\/v2\/posts"}],"about":[{"href":"https:\/\/eltrabajo.cl\/portal\/wp-json\/wp\/v2\/types\/post"}],"author":[{"embeddable":true,"href":"https:\/\/eltrabajo.cl\/portal\/wp-json\/wp\/v2\/users\/482"}],"replies":[{"embeddable":true,"href":"https:\/\/eltrabajo.cl\/portal\/wp-json\/wp\/v2\/comments?post=39194"}],"version-history":[{"count":0,"href":"https:\/\/eltrabajo.cl\/portal\/wp-json\/wp\/v2\/posts\/39194\/revisions"}],"wp:featuredmedia":[{"embeddable":true,"href":"https:\/\/eltrabajo.cl\/portal\/wp-json\/wp\/v2\/media\/39195"}],"wp:attachment":[{"href":"https:\/\/eltrabajo.cl\/portal\/wp-json\/wp\/v2\/media?parent=39194"}],"wp:term":[{"taxonomy":"category","embeddable":true,"href":"https:\/\/eltrabajo.cl\/portal\/wp-json\/wp\/v2\/categories?post=39194"},{"taxonomy":"post_tag","embeddable":true,"href":"https:\/\/eltrabajo.cl\/portal\/wp-json\/wp\/v2\/tags?post=39194"}],"curies":[{"name":"wp","href":"https:\/\/api.w.org\/{rel}","templated":true}]}}