{"id":39197,"date":"2013-11-04T09:59:18","date_gmt":"2013-11-04T12:59:18","guid":{"rendered":"http:\/\/www.eltrabajo.cl\/portal\/?p=39197"},"modified":"2013-11-04T09:59:18","modified_gmt":"2013-11-04T12:59:18","slug":"liceo-panquehue-realizo-actividad-puertas-abiertas","status":"publish","type":"post","link":"https:\/\/eltrabajo.cl\/portal\/liceo-panquehue-realizo-actividad-puertas-abiertas\/","title":{"rendered":"Liceo Panquehue realiz\u00f3 actividad \u2018Puertas Abiertas\u2019"},"content":{"rendered":"<figure id=\"attachment_39198\" aria-describedby=\"caption-attachment-39198\" style=\"width: 529px\" class=\"wp-caption alignnone\"><a href=\"https:\/\/i0.wp.com\/www.eltrabajo.cl\/portal\/wp-content\/uploads\/2013\/11\/visita1.jpg\"><img data-recalc-dims=\"1\" loading=\"lazy\" decoding=\"async\" class=\"size-full wp-image-39198\" title=\"Los peques de varios establecimientos educativos de nuestra provincia disfrutaron cada momento de estas Puertas Abiertas en el Liceo Panquehue.\" alt=\"Los peques de varios establecimientos educativos de nuestra provincia disfrutaron cada momento de estas Puertas Abiertas en el Liceo Panquehue.\" src=\"https:\/\/i0.wp.com\/www.eltrabajo.cl\/portal\/wp-content\/uploads\/2013\/11\/visita1.jpg?resize=529%2C487\" width=\"529\" height=\"487\" srcset=\"https:\/\/i0.wp.com\/eltrabajo.cl\/portal\/wp-content\/uploads\/2013\/11\/visita1.jpg?w=529&amp;ssl=1 529w, https:\/\/i0.wp.com\/eltrabajo.cl\/portal\/wp-content\/uploads\/2013\/11\/visita1.jpg?resize=162%2C150&amp;ssl=1 162w, https:\/\/i0.wp.com\/eltrabajo.cl\/portal\/wp-content\/uploads\/2013\/11\/visita1.jpg?resize=300%2C276&amp;ssl=1 300w, https:\/\/i0.wp.com\/eltrabajo.cl\/portal\/wp-content\/uploads\/2013\/11\/visita1.jpg?resize=150%2C138&amp;ssl=1 150w, https:\/\/i0.wp.com\/eltrabajo.cl\/portal\/wp-content\/uploads\/2013\/11\/visita1.jpg?resize=400%2C368&amp;ssl=1 400w\" sizes=\"auto, (max-width: 529px) 100vw, 529px\" \/><\/a><figcaption id=\"caption-attachment-39198\" class=\"wp-caption-text\">Los peques de varios establecimientos educativos de nuestra provincia disfrutaron cada momento de estas Puertas Abiertas en el Liceo Panquehue.<\/figcaption><\/figure>\n<p>Con la finalidad de mostrar las actividades pedag\u00f3gicas y extra curriculares del establecimiento, es que el mi\u00e9rcoles se realiz\u00f3 el tradicional Puertas Abiertas del Colegio Panquehue. Muestra que fue visitada por alumnos de sexto y octavos b\u00e1sicos de los diferentes establecimientos educacionales de la comuna. En la actividad los alumnos visitaron el Colegio Panquehue y fueron recibidos por el director del establecimiento, equipo de gesti\u00f3n, profesores y alumnos, posteriormente se mostraron actividades pedag\u00f3gicas y extra curriculares del establecimiento.<\/p>\n<p>\u00abEste a\u00f1o los alumnos y alumnas fueron recibidos con un desayuno y se les entreg\u00f3 un obsequio de parte del Departamento de Educaci\u00f3n de Panquehue y posteriormente hubo una muestra de danza contempor\u00e1nea, quienes entregaron su arte a los alumnos invitados. Estamos contentos porque as\u00ed mostramos nuestro liceo, para captar un n\u00famero mayor de matr\u00edculas\u00bb, expres\u00f3 el Alcalde Luis Pradenas Mor\u00e1n.<\/p>\n<p>Los alumnos de las escuelas de la comuna, acompa\u00f1ados por sus profesores, fueron escoltados por alumnos del Colegio Panquehue que realizaron una visita por el establecimiento, recorriendo sus dependencias y mostrando experiencias pedag\u00f3gicas realizadas, ya sea en el laboratorio de ciencias, biblioteca y sala de computaci\u00f3n. Adem\u00e1s, este a\u00f1o se mostr\u00f3 en el colegio una muestra de escultores nacionales, proyecto financiado por el Consejo Nacional de la Cultura de las Artes.<\/p>\n<p>&nbsp;<\/p>\n","protected":false},"excerpt":{"rendered":"<p>Con la finalidad de mostrar las actividades pedag\u00f3gicas y extra curriculares del establecimiento, es que el mi\u00e9rcoles se realiz\u00f3 el tradicional Puertas Abiertas del Colegio Panquehue. Muestra que fue visitada por alumnos&#8230;<\/p>\n","protected":false},"author":482,"featured_media":39198,"comment_status":"open","ping_status":"closed","sticky":false,"template":"","format":"standard","meta":{"advanced_seo_description":"","jetpack_seo_html_title":"","jetpack_seo_noindex":false,"_jetpack_memberships_contains_paid_content":false,"footnotes":""},"categories":[15],"tags":[],"class_list":["post-39197","post","type-post","status-publish","format-standard","has-post-thumbnail","hentry","category-comunidad"],"jetpack_featured_media_url":"https:\/\/i0.wp.com\/eltrabajo.cl\/portal\/wp-content\/uploads\/2013\/11\/visita1.jpg?fit=529%2C487&ssl=1","jetpack_sharing_enabled":true,"jetpack_likes_enabled":true,"jetpack-related-posts":[],"_links":{"self":[{"href":"https:\/\/eltrabajo.cl\/portal\/wp-json\/wp\/v2\/posts\/39197","targetHints":{"allow":["GET"]}}],"collection":[{"href":"https:\/\/eltrabajo.cl\/portal\/wp-json\/wp\/v2\/posts"}],"about":[{"href":"https:\/\/eltrabajo.cl\/portal\/wp-json\/wp\/v2\/types\/post"}],"author":[{"embeddable":true,"href":"https:\/\/eltrabajo.cl\/portal\/wp-json\/wp\/v2\/users\/482"}],"replies":[{"embeddable":true,"href":"https:\/\/eltrabajo.cl\/portal\/wp-json\/wp\/v2\/comments?post=39197"}],"version-history":[{"count":0,"href":"https:\/\/eltrabajo.cl\/portal\/wp-json\/wp\/v2\/posts\/39197\/revisions"}],"wp:featuredmedia":[{"embeddable":true,"href":"https:\/\/eltrabajo.cl\/portal\/wp-json\/wp\/v2\/media\/39198"}],"wp:attachment":[{"href":"https:\/\/eltrabajo.cl\/portal\/wp-json\/wp\/v2\/media?parent=39197"}],"wp:term":[{"taxonomy":"category","embeddable":true,"href":"https:\/\/eltrabajo.cl\/portal\/wp-json\/wp\/v2\/categories?post=39197"},{"taxonomy":"post_tag","embeddable":true,"href":"https:\/\/eltrabajo.cl\/portal\/wp-json\/wp\/v2\/tags?post=39197"}],"curies":[{"name":"wp","href":"https:\/\/api.w.org\/{rel}","templated":true}]}}