{"id":39206,"date":"2013-11-04T10:05:11","date_gmt":"2013-11-04T13:05:11","guid":{"rendered":"http:\/\/www.eltrabajo.cl\/portal\/?p=39206"},"modified":"2013-11-04T10:05:11","modified_gmt":"2013-11-04T13:05:11","slug":"mujer-asegura-que-caja-18-no-respondio-tras-muerte-de-su-anciano-padre","status":"publish","type":"post","link":"https:\/\/eltrabajo.cl\/portal\/mujer-asegura-que-caja-18-no-respondio-tras-muerte-de-su-anciano-padre\/","title":{"rendered":"Mujer asegura que Caja 18 no respondi\u00f3 tras muerte de su anciano padre"},"content":{"rendered":"<figure id=\"attachment_39207\" aria-describedby=\"caption-attachment-39207\" style=\"width: 423px\" class=\"wp-caption alignleft\"><a href=\"https:\/\/i0.wp.com\/www.eltrabajo.cl\/portal\/wp-content\/uploads\/2013\/11\/portada1-isabel-baez.jpg\"><img data-recalc-dims=\"1\" loading=\"lazy\" decoding=\"async\" class=\" wp-image-39207 \" title=\"Isabel B\u00e1ez \u00d3rdenes muestra a Diario El Trabajo las cotizaciones del mes de abril, documentos que demuestran que desde hace varios meses Caja 18 ten\u00eda como Usuario al hoy fallecido.\" alt=\"Isabel B\u00e1ez \u00d3rdenes muestra a Diario El Trabajo las cotizaciones del mes de abril, documentos que demuestran que desde hace varios meses Caja 18 ten\u00eda como Usuario al hoy fallecido.\" src=\"https:\/\/i0.wp.com\/www.eltrabajo.cl\/portal\/wp-content\/uploads\/2013\/11\/portada1-isabel-baez.jpg?resize=423%2C318\" width=\"423\" height=\"318\" srcset=\"https:\/\/i0.wp.com\/eltrabajo.cl\/portal\/wp-content\/uploads\/2013\/11\/portada1-isabel-baez.jpg?w=529&amp;ssl=1 529w, https:\/\/i0.wp.com\/eltrabajo.cl\/portal\/wp-content\/uploads\/2013\/11\/portada1-isabel-baez.jpg?resize=200%2C150&amp;ssl=1 200w, https:\/\/i0.wp.com\/eltrabajo.cl\/portal\/wp-content\/uploads\/2013\/11\/portada1-isabel-baez.jpg?resize=300%2C225&amp;ssl=1 300w, https:\/\/i0.wp.com\/eltrabajo.cl\/portal\/wp-content\/uploads\/2013\/11\/portada1-isabel-baez.jpg?resize=150%2C112&amp;ssl=1 150w, https:\/\/i0.wp.com\/eltrabajo.cl\/portal\/wp-content\/uploads\/2013\/11\/portada1-isabel-baez.jpg?resize=400%2C300&amp;ssl=1 400w\" sizes=\"auto, (max-width: 423px) 100vw, 423px\" \/><\/a><figcaption id=\"caption-attachment-39207\" class=\"wp-caption-text\">Isabel B\u00e1ez \u00d3rdenes muestra a Diario El Trabajo las cotizaciones del mes de abril, documentos que demuestran que desde hace varios meses Caja 18 ten\u00eda como Usuario al hoy fallecido.<\/figcaption><\/figure>\n<p>Asegurando se siente \u2018pasada a llevar\u2019 por Caja 18 de Septiembre de San Felipe, visit\u00f3 nuestra Sala de Redacci\u00f3n la se\u00f1ora Mar\u00eda Isabel B\u00e1ez, vecina del sector El Tambo. Seg\u00fan esta sanfelipe\u00f1a, su padre Hugo B\u00e1ez S\u00e1ez, de 91 a\u00f1os y quien falleciera en septiembre, \u2018apareci\u00f3\u2019 inexplicablemente afiliado a Caja 18, sin que ella, quien le manejaba las cosas a su pap\u00e1, lo supiera o lo hubiese aprobado.<\/p>\n<p>La denuncia que esta mujer hace la sustenta en el hecho que se\u00f1ala que, aunque ya hab\u00edan pasado seis meses de estar afiliado a Caja 18, \u00e9sta no respondi\u00f3 como se esperaba, argumentando que hay dos meses en el \u2018Limbo\u2019, de tr\u00e1mite de traspaso, y que marzo y abril no contar\u00edan para el desvalido abuelo, situaci\u00f3n que en Diario El Trabajo estamos investigando.<\/p>\n<p>&nbsp;<\/p>\n<p><strong>\u00abESTAMOS\u00a0MUY OFENDIDOS\u00bb<\/strong><\/p>\n<p>Diario El Trabajo habl\u00f3 con la mujer para conocer los detalles de su molestia.<\/p>\n<p><strong>&#8211; \u00bfQu\u00e9 es lo que pas\u00f3 con su pap\u00e1 antes de morir en Caja 18?<\/strong><\/p>\n<p>&#8211; \u00abYo cobraba -luego que a mi pap\u00e1 le afect\u00f3 la demencia senil- su pensi\u00f3n en la Caja Los Andes. Resulta que me informaron de pronto que mi pap\u00e1 ahora estaba con la Caja 18 de Septiembre, lo cual no puede ser, pues mi padre no pudo firmar ese traslado, a\u00fan as\u00ed me informaron que \u00e9l se hab\u00eda cambiado desde el 27 de febrero\u00bb.<\/p>\n<p><strong>&#8211; \u00bfQui\u00e9n le ayud\u00f3 con los gastos entonces de su padre?<\/strong><\/p>\n<p>&#8211; \u00abCuando pap\u00e1 muere hace una semanas, s\u00f3lo Vice Vida le dio un dinerito, pero Caja 18 nada, pues aseguran que \u00e9l no tiene derecho a nada, pues no tiene a\u00fan los seis meses que la ley pide de filiaci\u00f3n en esa entidad, lo que me parece muy injusto, quiero saber y que me comprueben, que \u00e9l hizo realmente ese cambio de Caja\u00bb.<\/p>\n<p><strong>&#8211; \u00bfQu\u00e9 dicen en Caja Los Andes?<\/strong><\/p>\n<p>&#8211; \u00abA m\u00ed en Caja Los Andes me dicen que ellos ya nada tienen que ver con este caso, yo no es que est\u00e9 reclamando s\u00f3lo una suma de dinero, de lo que pido explicaciones el sobre c\u00f3mo en Caja Los Andes pasaron a mi pap\u00e1 a Caja 18 sin que \u00e9l tuviera documentos, pues en un incendio \u00e9l perdi\u00f3 su Rut el 22 de febrero, y el 27 del mismo mes, a \u00e9l lo pasan a la Caja 18\u00bb.<\/p>\n<p><strong>&#8211; \u00bfEn Caja 18 le mostraron la firma de su padre en el traslado?<\/strong><\/p>\n<p>&#8211; \u00abMe mostraron unos documentos en Caja 18 de Septiembre, pero fue muy r\u00e1pido y no pude ver si ten\u00eda firma o no de mi pap\u00e1, existen documentos que declaran que mi pap\u00e1 no estaba facultado para firmar papeles de esta clase, en nuestra familia nos sentimos muy ofendidos por esta situaci\u00f3n con la Caja 18\u00bb.<\/p>\n<p>&nbsp;<\/p>\n<p><strong>RESPONDE CAJA 18<\/strong><\/p>\n<p>Diario El Trabajo busc\u00f3 explicaciones en Caja 18 de Septiembre, sucursal San Felipe, pero fuimos remitidos a Valeria Fern\u00e1ndez Almonacid, Jefe de Comunicaciones de la Subgerencia de Marketing, quien respondi\u00f3 a nuestras preguntas asegurando que \u00ab\u2026Hasta el momento no hemos recibido ning\u00fan reclamo formal respecto a la situaci\u00f3n informada, por lo que no contamos con mayores antecedentes. A su vez es importante se\u00f1alar que Caja 18 cumple con todas las normativas para el proceso de afiliaci\u00f3n reguladas por la Superintendencia de Seguridad Social, as\u00ed como tambi\u00e9n con el reglamento que se\u00f1ala que el Bono de Defunci\u00f3n est\u00e1 sujeto a un m\u00ednimo de 6 meses de antig\u00fcedad del afiliado y\/o pensionado. Una vez recibida la solicitud formal para dar seguimiento el caso, procederemos a entregar una respuesta a los familiares del pensionado\u00bb.<\/p>\n<p>&nbsp;<\/p>\n<p><strong>SILENCIO EN\u00a0CAJA LOS ANDES<\/strong><\/p>\n<p>Por parte de Caja Los Andes y luego que el periodista Alejandro Silva ofreciera total transparencia en este caso, y adem\u00e1s de haber solicitado a nuestro medio que \u2018h\u00e1ganos las preguntas que sean sobre este caso, pues nada tenemos que esconder\u2019, finalmente respondi\u00f3 a las siguientes preguntas:<\/p>\n<p><strong>\u00bfQu\u00e9 documentos present\u00f3 a Caja Los Andes los funcionarios de Caja 18, para \u2018reclamar\u2019 como suyo, al cliente en cuesti\u00f3n?<\/strong><\/p>\n<p><strong>\u00bfCu\u00e1ndo se realiz\u00f3 ese traslado a la otra Caja?<\/strong><\/p>\n<p><strong>\u00bfQui\u00e9n tramit\u00f3 dicho traslado, el abuelo o la hija de \u00e9l?<\/strong><\/p>\n<p><strong>\u00bfCu\u00e1l es la postura de Caja Los Andes sobre este caso en particular?<\/strong>, preguntas a las cuales s\u00f3lo se nos respondi\u00f3 textualmente que \u00ab\u2026<strong>este tema debe ser aclarado por Caja 18 en vista de los datos que nos han proporcionado\u2026\u00bb<\/strong><\/p>\n<p>Roberto Gonz\u00e1lez Short<\/p>\n<p>rgonzalez@eltrabajo.cl<\/p>\n<p>&nbsp;<\/p>\n","protected":false},"excerpt":{"rendered":"<p>Asegurando se siente \u2018pasada a llevar\u2019 por Caja 18 de Septiembre de San Felipe, visit\u00f3 nuestra Sala de Redacci\u00f3n la se\u00f1ora Mar\u00eda Isabel B\u00e1ez, vecina del sector El Tambo. Seg\u00fan esta sanfelipe\u00f1a,&#8230;<\/p>\n","protected":false},"author":482,"featured_media":39207,"comment_status":"open","ping_status":"closed","sticky":false,"template":"","format":"standard","meta":{"advanced_seo_description":"","jetpack_seo_html_title":"","jetpack_seo_noindex":false,"_jetpack_memberships_contains_paid_content":false,"footnotes":""},"categories":[15],"tags":[],"class_list":["post-39206","post","type-post","status-publish","format-standard","has-post-thumbnail","hentry","category-comunidad"],"jetpack_featured_media_url":"https:\/\/i0.wp.com\/eltrabajo.cl\/portal\/wp-content\/uploads\/2013\/11\/portada1-isabel-baez.jpg?fit=529%2C397&ssl=1","jetpack_sharing_enabled":true,"jetpack_likes_enabled":true,"jetpack-related-posts":[],"_links":{"self":[{"href":"https:\/\/eltrabajo.cl\/portal\/wp-json\/wp\/v2\/posts\/39206","targetHints":{"allow":["GET"]}}],"collection":[{"href":"https:\/\/eltrabajo.cl\/portal\/wp-json\/wp\/v2\/posts"}],"about":[{"href":"https:\/\/eltrabajo.cl\/portal\/wp-json\/wp\/v2\/types\/post"}],"author":[{"embeddable":true,"href":"https:\/\/eltrabajo.cl\/portal\/wp-json\/wp\/v2\/users\/482"}],"replies":[{"embeddable":true,"href":"https:\/\/eltrabajo.cl\/portal\/wp-json\/wp\/v2\/comments?post=39206"}],"version-history":[{"count":0,"href":"https:\/\/eltrabajo.cl\/portal\/wp-json\/wp\/v2\/posts\/39206\/revisions"}],"wp:featuredmedia":[{"embeddable":true,"href":"https:\/\/eltrabajo.cl\/portal\/wp-json\/wp\/v2\/media\/39207"}],"wp:attachment":[{"href":"https:\/\/eltrabajo.cl\/portal\/wp-json\/wp\/v2\/media?parent=39206"}],"wp:term":[{"taxonomy":"category","embeddable":true,"href":"https:\/\/eltrabajo.cl\/portal\/wp-json\/wp\/v2\/categories?post=39206"},{"taxonomy":"post_tag","embeddable":true,"href":"https:\/\/eltrabajo.cl\/portal\/wp-json\/wp\/v2\/tags?post=39206"}],"curies":[{"name":"wp","href":"https:\/\/api.w.org\/{rel}","templated":true}]}}