{"id":39243,"date":"2013-11-05T09:54:50","date_gmt":"2013-11-05T12:54:50","guid":{"rendered":"http:\/\/www.eltrabajo.cl\/portal\/?p=39243"},"modified":"2013-11-05T09:54:50","modified_gmt":"2013-11-05T12:54:50","slug":"escuelita-de-el-asiento-celebro-su-107o-aniversario","status":"publish","type":"post","link":"https:\/\/eltrabajo.cl\/portal\/escuelita-de-el-asiento-celebro-su-107o-aniversario\/","title":{"rendered":"Escuelita de El Asiento celebr\u00f3 su 107\u00ba aniversario"},"content":{"rendered":"<figure id=\"attachment_39244\" aria-describedby=\"caption-attachment-39244\" style=\"width: 528px\" class=\"wp-caption alignnone\"><a href=\"https:\/\/i0.wp.com\/www.eltrabajo.cl\/portal\/wp-content\/uploads\/2013\/11\/asiento2.jpg\"><img data-recalc-dims=\"1\" loading=\"lazy\" decoding=\"async\" class=\"size-full wp-image-39244\" title=\"Aqu\u00ed tenemos a los m\u00e1s regalones, estos peque\u00f1ines estaban impacientes por salir al escenario e hipnotizar al p\u00fablico presente.\" alt=\"Aqu\u00ed tenemos a los m\u00e1s regalones, estos peque\u00f1ines estaban impacientes por salir al escenario e hipnotizar al p\u00fablico presente.\" src=\"https:\/\/i0.wp.com\/www.eltrabajo.cl\/portal\/wp-content\/uploads\/2013\/11\/asiento2.jpg?resize=528%2C372\" width=\"528\" height=\"372\" srcset=\"https:\/\/i0.wp.com\/eltrabajo.cl\/portal\/wp-content\/uploads\/2013\/11\/asiento2.jpg?w=528&amp;ssl=1 528w, https:\/\/i0.wp.com\/eltrabajo.cl\/portal\/wp-content\/uploads\/2013\/11\/asiento2.jpg?resize=200%2C140&amp;ssl=1 200w, https:\/\/i0.wp.com\/eltrabajo.cl\/portal\/wp-content\/uploads\/2013\/11\/asiento2.jpg?resize=300%2C211&amp;ssl=1 300w, https:\/\/i0.wp.com\/eltrabajo.cl\/portal\/wp-content\/uploads\/2013\/11\/asiento2.jpg?resize=150%2C105&amp;ssl=1 150w, https:\/\/i0.wp.com\/eltrabajo.cl\/portal\/wp-content\/uploads\/2013\/11\/asiento2.jpg?resize=400%2C281&amp;ssl=1 400w\" sizes=\"auto, (max-width: 528px) 100vw, 528px\" \/><\/a><figcaption id=\"caption-attachment-39244\" class=\"wp-caption-text\">Aqu\u00ed tenemos a los m\u00e1s regalones, estos peque\u00f1ines estaban impacientes por salir al escenario e hipnotizar al p\u00fablico presente.<\/figcaption><\/figure>\n<p>Ciento siete a\u00f1os de existencia cumpli\u00f3 recientemente la Escuela Jos\u00e9 Bernardo Su\u00e1rez de El Asiento, y la fecha la celebr\u00f3 la comunidad educativa con un acto art\u00edstico en el que estuvieron presentes el Alcalde Patricio Freire, el Consejero Regional Iv\u00e1n Reyes, directores de establecimientos de San Felipe, docentes, padres y apoderados.<\/p>\n<p>Durante todos estos a\u00f1os, el establecimiento ha formado a muchas generaciones, potenciando la educaci\u00f3n rural de San Felipe, un aspecto que fue destacado por la directora de la escuela, Sandra Lucero, quien se\u00f1al\u00f3 que el sello de esta escuela es entregar ni\u00f1os muy bien preparados y con buenos resultados acad\u00e9micos para la educaci\u00f3n media municipal de la comuna.<\/p>\n<p>\u00abLa idea es dar un hito, un sello de distinci\u00f3n, de valores y conocimientos a los alumnos que estudian en este establecimiento, esto nos ha permitido trabajar con harto \u00e1nimo, porque la comunidad en general se est\u00e1 proyectando con nosotros como establecimiento educacional, y ha cre\u00eddo en nuestro trabajo, por lo tanto es mucha responsabilidad la que tenemos de entregarles a los alumnos y a los padres, lo que sus hijos merecen en esta escuela\u00da\u00bb, dijo Lucero.<\/p>\n<p>La directora asumi\u00f3 el cargo este a\u00f1o, momento en que la escuela contaba con alrededor de 40 alumnos, logrando subir la matr\u00edcula durante el a\u00f1o a 73 alumnos, mientras que ya para el 2014 esperan comenzar el a\u00f1o con 100 alumnos, de acuerdo al inter\u00e9s mostrado por padres del sector de matricular en este establecimiento a sus hijos.<\/p>\n<p>Mantener los valores que se ense\u00f1an en este establecimiento, los buenos resultados acad\u00e9micos y el trabajo en conjunto con los padres y apoderados, son algunos de los desaf\u00edos de su directora y para eso contin\u00faan trabajando d\u00eda a d\u00eda. El Alcalde Patricio Freire destac\u00f3 este nuevo aniversario del establecimiento, se\u00f1alando el buen nivel que existe en la educaci\u00f3n municipal a nivel rural, un trabajo que el municipio continuar\u00e1 apoyando, a trav\u00e9s de distintas iniciativas, junto a los docentes, directivos, padres y apoderados.<\/p>\n<p>\u00abEstamos apoyando el trabajo que se realiza en los establecimientos rurales de nuestra comuna, porque sabemos que son la base de nuestra educaci\u00f3n municipal\u00bb, dijo el Alcalde Freire.<\/p>\n<p>&nbsp;<\/p>\n","protected":false},"excerpt":{"rendered":"<p>Ciento siete a\u00f1os de existencia cumpli\u00f3 recientemente la Escuela Jos\u00e9 Bernardo Su\u00e1rez de El Asiento, y la fecha la celebr\u00f3 la comunidad educativa con un acto art\u00edstico en el que estuvieron presentes&#8230;<\/p>\n","protected":false},"author":482,"featured_media":39244,"comment_status":"open","ping_status":"closed","sticky":false,"template":"","format":"standard","meta":{"advanced_seo_description":"","jetpack_seo_html_title":"","jetpack_seo_noindex":false,"_jetpack_memberships_contains_paid_content":false,"footnotes":""},"categories":[15],"tags":[],"class_list":["post-39243","post","type-post","status-publish","format-standard","has-post-thumbnail","hentry","category-comunidad"],"jetpack_featured_media_url":"https:\/\/i0.wp.com\/eltrabajo.cl\/portal\/wp-content\/uploads\/2013\/11\/asiento2.jpg?fit=528%2C372&ssl=1","jetpack_sharing_enabled":true,"jetpack_likes_enabled":true,"jetpack-related-posts":[],"_links":{"self":[{"href":"https:\/\/eltrabajo.cl\/portal\/wp-json\/wp\/v2\/posts\/39243","targetHints":{"allow":["GET"]}}],"collection":[{"href":"https:\/\/eltrabajo.cl\/portal\/wp-json\/wp\/v2\/posts"}],"about":[{"href":"https:\/\/eltrabajo.cl\/portal\/wp-json\/wp\/v2\/types\/post"}],"author":[{"embeddable":true,"href":"https:\/\/eltrabajo.cl\/portal\/wp-json\/wp\/v2\/users\/482"}],"replies":[{"embeddable":true,"href":"https:\/\/eltrabajo.cl\/portal\/wp-json\/wp\/v2\/comments?post=39243"}],"version-history":[{"count":0,"href":"https:\/\/eltrabajo.cl\/portal\/wp-json\/wp\/v2\/posts\/39243\/revisions"}],"wp:featuredmedia":[{"embeddable":true,"href":"https:\/\/eltrabajo.cl\/portal\/wp-json\/wp\/v2\/media\/39244"}],"wp:attachment":[{"href":"https:\/\/eltrabajo.cl\/portal\/wp-json\/wp\/v2\/media?parent=39243"}],"wp:term":[{"taxonomy":"category","embeddable":true,"href":"https:\/\/eltrabajo.cl\/portal\/wp-json\/wp\/v2\/categories?post=39243"},{"taxonomy":"post_tag","embeddable":true,"href":"https:\/\/eltrabajo.cl\/portal\/wp-json\/wp\/v2\/tags?post=39243"}],"curies":[{"name":"wp","href":"https:\/\/api.w.org\/{rel}","templated":true}]}}