{"id":39246,"date":"2013-11-05T09:56:18","date_gmt":"2013-11-05T12:56:18","guid":{"rendered":"http:\/\/www.eltrabajo.cl\/portal\/?p=39246"},"modified":"2013-11-05T09:56:18","modified_gmt":"2013-11-05T12:56:18","slug":"municipales-advierten-que-no-habilitaran-locales-de-votacion","status":"publish","type":"post","link":"https:\/\/eltrabajo.cl\/portal\/municipales-advierten-que-no-habilitaran-locales-de-votacion\/","title":{"rendered":"Municipales advierten que no habilitar\u00e1n locales de votaci\u00f3n"},"content":{"rendered":"<figure id=\"attachment_39247\" aria-describedby=\"caption-attachment-39247\" style=\"width: 528px\" class=\"wp-caption alignnone\"><a href=\"https:\/\/i0.wp.com\/www.eltrabajo.cl\/portal\/wp-content\/uploads\/2013\/11\/asamblea-municipales.jpg\"><img data-recalc-dims=\"1\" loading=\"lazy\" decoding=\"async\" class=\"size-full wp-image-39247\" title=\"En el sal\u00f3n de honor se realiz\u00f3 la asamblea de los municipales, quienes se mantienen firmes con el paro.\" alt=\"En el sal\u00f3n de honor se realiz\u00f3 la asamblea de los municipales, quienes se mantienen firmes con el paro.\" src=\"https:\/\/i0.wp.com\/www.eltrabajo.cl\/portal\/wp-content\/uploads\/2013\/11\/asamblea-municipales.jpg?resize=528%2C304\" width=\"528\" height=\"304\" srcset=\"https:\/\/i0.wp.com\/eltrabajo.cl\/portal\/wp-content\/uploads\/2013\/11\/asamblea-municipales.jpg?w=528&amp;ssl=1 528w, https:\/\/i0.wp.com\/eltrabajo.cl\/portal\/wp-content\/uploads\/2013\/11\/asamblea-municipales.jpg?resize=200%2C115&amp;ssl=1 200w, https:\/\/i0.wp.com\/eltrabajo.cl\/portal\/wp-content\/uploads\/2013\/11\/asamblea-municipales.jpg?resize=300%2C172&amp;ssl=1 300w, https:\/\/i0.wp.com\/eltrabajo.cl\/portal\/wp-content\/uploads\/2013\/11\/asamblea-municipales.jpg?resize=150%2C86&amp;ssl=1 150w, https:\/\/i0.wp.com\/eltrabajo.cl\/portal\/wp-content\/uploads\/2013\/11\/asamblea-municipales.jpg?resize=400%2C230&amp;ssl=1 400w\" sizes=\"auto, (max-width: 528px) 100vw, 528px\" \/><\/a><figcaption id=\"caption-attachment-39247\" class=\"wp-caption-text\">En el sal\u00f3n de honor se realiz\u00f3 la asamblea de los municipales, quienes se mantienen firmes con el paro.<\/figcaption><\/figure>\n<p>Ad portas de las elecciones del pr\u00f3ximo 17 de noviembre, el presidente de Asemuch San Felipe, Vladimir Tapia, advirti\u00f3 que los funcionarios municipales no apoyar\u00e1n la log\u00edstica de las elecciones, esto es, habilitar locales y construir urnas, de no haber una respuesta satisfactoria del gobierno a sus demandas.<\/p>\n<p>Los funcionarios cumplieron m\u00e1s de dos semanas de paralizaci\u00f3n de sus actividades, disponiendo solo de turnos \u00e9ticos para el reparto de agua en sectores como Tres Esquinas y la entrega de licencias de conducir que hab\u00edan sido tramitadas previo al movimiento.<\/p>\n<p>Al mediod\u00eda de ayer, unos sesenta municipales se reunieron en el sal\u00f3n de honor de la municipalidad de San Felipe, con la finalidad de conocer de sus dirigentes, los pasos a seguir en esta movilizaci\u00f3n, oportunidad en la que se les dijo que estaban a la espera de las negociaciones que realiza la dirigencia nacional, en tanto el paro continuaba.<\/p>\n<p>A estas alturas, en que existe una importante demanda de p\u00fablico que desea hacer tr\u00e1mites de renovaci\u00f3n y obtenci\u00f3n de licencias de conducir, pago de contribuciones, actualizaci\u00f3n de ficha social y registro en la Bolsa Nacional de Empleo a trav\u00e9s de la Omil, el presidente de Asemuch, Vladimir Tapia, pidi\u00f3 comprensi\u00f3n a la comunidad, explicando que a pesar de los inconvenientes, ellos se mantienen firmes en su postura de movilizaci\u00f3n.<\/p>\n<p>Precis\u00f3 que a menos de dos semanas de las elecciones, los municipales est\u00e1n decididos a no apoyar en los preparativos para el proceso de votaciones, donde son ellos los que normalmente se encargan de la habilitaci\u00f3n de locales, instalaci\u00f3n de se\u00f1al\u00e9tica y por estos d\u00edas, de construcci\u00f3n de urnas para los sufragios.<\/p>\n<p>\u201cNosotros no vamos a entregar ninguna urna para las elecciones, mientras no se nos entregue una respuesta formal y satisfactoria a nuestras peticiones. Los municipios son parte importante en la log\u00edstica de las elecciones, pero nosotros estamos firmes y a nivel nacional, hemos definido no trabajar ni entregar facilidades para que se lleve a cabo este proceso\u201d, manifest\u00f3 Vladimir Tapia.<\/p>\n<p>A\u00f1adi\u00f3 Tapia que \u201ceste movimiento se mantiene con la misma fortaleza que iniciamos el proceso, toda vez que estamos convencidos de que nuestras demandas son leg\u00edtimas\u201d.<\/p>\n<p>A juicio del dirigente de Asemuch, el gobierno desea manejar este conflicto de la misma forma como se hizo con el Registro Civil. \u201cEs decir, dilatar al m\u00e1ximo, tratando de que los funcionarios municipales se vayan cansando y de alguna manera, vayan dejando la movilizaci\u00f3n, lo que es un error, porque esta situaci\u00f3n nos mantiene con m\u00e1s fuerzas\u201d, precis\u00f3.<\/p>\n<p>Cabe consignar que en la asamblea de ayer, los municipales esperaban la concurrencia del diputado Marco Antonio N\u00fa\u00f1ez, quien estar\u00eda apoyando el movimiento, sin embargo a \u00faltima hora se le inform\u00f3 a Vladimir Tapia que el parlamentario no concurrir\u00eda a la actividad.<\/p>\n<p>&nbsp;<\/p>\n","protected":false},"excerpt":{"rendered":"<p>Ad portas de las elecciones del pr\u00f3ximo 17 de noviembre, el presidente de Asemuch San Felipe, Vladimir Tapia, advirti\u00f3 que los funcionarios municipales no apoyar\u00e1n la log\u00edstica de las elecciones, esto es,&#8230;<\/p>\n","protected":false},"author":482,"featured_media":39247,"comment_status":"open","ping_status":"closed","sticky":false,"template":"","format":"standard","meta":{"advanced_seo_description":"","jetpack_seo_html_title":"","jetpack_seo_noindex":false,"_jetpack_memberships_contains_paid_content":false,"footnotes":""},"categories":[15],"tags":[],"class_list":["post-39246","post","type-post","status-publish","format-standard","has-post-thumbnail","hentry","category-comunidad"],"jetpack_featured_media_url":"https:\/\/i0.wp.com\/eltrabajo.cl\/portal\/wp-content\/uploads\/2013\/11\/asamblea-municipales.jpg?fit=528%2C304&ssl=1","jetpack_sharing_enabled":true,"jetpack_likes_enabled":true,"jetpack-related-posts":[],"_links":{"self":[{"href":"https:\/\/eltrabajo.cl\/portal\/wp-json\/wp\/v2\/posts\/39246","targetHints":{"allow":["GET"]}}],"collection":[{"href":"https:\/\/eltrabajo.cl\/portal\/wp-json\/wp\/v2\/posts"}],"about":[{"href":"https:\/\/eltrabajo.cl\/portal\/wp-json\/wp\/v2\/types\/post"}],"author":[{"embeddable":true,"href":"https:\/\/eltrabajo.cl\/portal\/wp-json\/wp\/v2\/users\/482"}],"replies":[{"embeddable":true,"href":"https:\/\/eltrabajo.cl\/portal\/wp-json\/wp\/v2\/comments?post=39246"}],"version-history":[{"count":0,"href":"https:\/\/eltrabajo.cl\/portal\/wp-json\/wp\/v2\/posts\/39246\/revisions"}],"wp:featuredmedia":[{"embeddable":true,"href":"https:\/\/eltrabajo.cl\/portal\/wp-json\/wp\/v2\/media\/39247"}],"wp:attachment":[{"href":"https:\/\/eltrabajo.cl\/portal\/wp-json\/wp\/v2\/media?parent=39246"}],"wp:term":[{"taxonomy":"category","embeddable":true,"href":"https:\/\/eltrabajo.cl\/portal\/wp-json\/wp\/v2\/categories?post=39246"},{"taxonomy":"post_tag","embeddable":true,"href":"https:\/\/eltrabajo.cl\/portal\/wp-json\/wp\/v2\/tags?post=39246"}],"curies":[{"name":"wp","href":"https:\/\/api.w.org\/{rel}","templated":true}]}}