{"id":39256,"date":"2013-11-05T10:01:03","date_gmt":"2013-11-05T13:01:03","guid":{"rendered":"http:\/\/www.eltrabajo.cl\/portal\/?p=39256"},"modified":"2013-11-05T10:01:03","modified_gmt":"2013-11-05T13:01:03","slug":"conocido-matrimonio-de-suplementeros-se-retira-por-motivos-de-salud","status":"publish","type":"post","link":"https:\/\/eltrabajo.cl\/portal\/conocido-matrimonio-de-suplementeros-se-retira-por-motivos-de-salud\/","title":{"rendered":"Conocido matrimonio de suplementeros se retira por motivos de salud"},"content":{"rendered":"<figure id=\"attachment_39257\" aria-describedby=\"caption-attachment-39257\" style=\"width: 370px\" class=\"wp-caption alignleft\"><a href=\"https:\/\/i0.wp.com\/www.eltrabajo.cl\/portal\/wp-content\/uploads\/2013\/11\/hugo-vera.jpg\"><img data-recalc-dims=\"1\" loading=\"lazy\" decoding=\"async\" class=\" wp-image-39257 \" title=\"Hugo Vera, fiel y orgulloso militante del Partido Comunista, se encuentra afectado de salud.\" alt=\"Hugo Vera, fiel y orgulloso militante del Partido Comunista, se encuentra afectado de salud.\" src=\"https:\/\/i0.wp.com\/www.eltrabajo.cl\/portal\/wp-content\/uploads\/2013\/11\/hugo-vera.jpg?resize=370%2C407\" width=\"370\" height=\"407\" srcset=\"https:\/\/i0.wp.com\/eltrabajo.cl\/portal\/wp-content\/uploads\/2013\/11\/hugo-vera.jpg?w=529&amp;ssl=1 529w, https:\/\/i0.wp.com\/eltrabajo.cl\/portal\/wp-content\/uploads\/2013\/11\/hugo-vera.jpg?resize=136%2C150&amp;ssl=1 136w, https:\/\/i0.wp.com\/eltrabajo.cl\/portal\/wp-content\/uploads\/2013\/11\/hugo-vera.jpg?resize=272%2C300&amp;ssl=1 272w, https:\/\/i0.wp.com\/eltrabajo.cl\/portal\/wp-content\/uploads\/2013\/11\/hugo-vera.jpg?resize=400%2C440&amp;ssl=1 400w\" sizes=\"auto, (max-width: 370px) 100vw, 370px\" \/><\/a><figcaption id=\"caption-attachment-39257\" class=\"wp-caption-text\">Hugo Vera, fiel y orgulloso militante del Partido Comunista, se encuentra afectado de salud.<\/figcaption><\/figure>\n<p><strong>PUTAENDO<\/strong>.- La se\u00f1ora Mar\u00eda Ibacache Huerta y don Hugo Vera C\u00e1rdenas, conocidos suplementeros que durante m\u00e1s de 33 a\u00f1os se dedicaron a este importante oficio en la comuna de Putaendo, debieron retirarse por graves problemas de salud despu\u00e9s de una vida de trabajo y sacrificio.<\/p>\n<p>Desde hace algunos d\u00edas el kiosco \u2018Por Fin\u2019 ubicado en la plaza de Putaendo, es atendido por la se\u00f1ora Hogla Acosta P\u00e9rez, hija de otro antiguo suplementero, ya fallecido, como fue don Ernesto Acosta, quien se dedic\u00f3 a esta importante actividad hasta el a\u00f1o 1979 aproximadamente y que por esas casualidades de la vida contratara en aquellos a\u00f1os a don Hugo Vera como su ayudante, quien finalmente continu\u00f3 con la venta de diarios y revistas hasta la actualidad.<\/p>\n<p>Hogla Acosta dijo que al enterarse que don Hugo vend\u00eda el kiosco debido a problemas de salud, no dud\u00f3 en comprarlo con el apoyo de su familia para mantener viva la tradici\u00f3n de su padre, pues asegura que desde peque\u00f1a se cri\u00f3 entre diarios y revistas y asegura que hoy con muchas ganas pretende llevar adelante el legado de su padre y el trabajo de la se\u00f1ora Mar\u00eda y de don Hugo.<\/p>\n<p>En la intimidad de su hogar, la se\u00f1ora Mar\u00eda y don Hugo nos recibieron para contarnos los motivos que tuvieron para vender definitivamente el kiosco \u2018Por Fin\u2019, comprobando que la se\u00f1ora Mar\u00eda lamentablemente nunca se pudo recuperar de una grave fractura que sufri\u00f3 en una de sus piernas y que en el \u00faltimo a\u00f1o pr\u00e1cticamente la llev\u00f3 a no poder trabajar. En tanto, don Hugo, desde hace aproximadamente un mes comenz\u00f3 a sentirse bastante mal y hoy se encuentra internado en el Hospital San Antonio de Putaendo, y solo durante este fin de semana reci\u00e9n pasado le dieron permiso para estar con su familia.<\/p>\n<p>Este hombre, orgulloso militante del Partido Comunista y que fue candidato a concejal, que ha sido reconocido como vecino destacado de Putaendo, miembro del Centro 21 de Mayo y fundador del Club de Rehabilitados Alcoh\u00f3licos \u2018Familia Unida\u2019, no pudo evitar emocionarse al reconocer que hoy su estado de salud es delicado y que sumado a la enfermedad de su inseparable compa\u00f1era, les hace imposible continuar con su trabajo, por lo que en conjunto tomaron la decisi\u00f3n de vender el kiosco, pero no a cualquier persona, pues haberle vendido el local a la se\u00f1ora Hogla Acosta es, seg\u00fan don Hugo, de alguna forma, devolverle la mano a su recordado y gran amigo Ernesto Acosta, que fue quien lo inici\u00f3 como suplementero.<\/p>\n<p>Los recuerdos brotan por s\u00ed solos, don Hugo nos cuenta sus primeros pasos como ambulante, luego en bicicleta y despu\u00e9s su primera citroneta en la que sal\u00eda a vender el diario. No hay pausa para recordar inolvidables momentos junto a la se\u00f1ora Mar\u00eda, an\u00e9cdotas y momentos especiales, pues como ellos mismos nos indicaban, su jornada comenzaba a las seis de la ma\u00f1ana, de lunes a domingo y solo descansaban dos d\u00edas en el a\u00f1o, y antes de tener su kiosco pasaban todo el d\u00eda en la calle, lo que les permit\u00eda enterarse de todo lo que pasaba en Putaendo y de tener grandes amigos.<\/p>\n<p>Don Hugo Vera, hoy de 65 a\u00f1os, y la se\u00f1ora Mar\u00eda Ibacache, de 58 a\u00f1os, tuvieron palabras de agradecimiento para toda su clientela y nos pidieron encarecidamente dar las gracias a todos quienes durante muchos a\u00f1os compraron sus diarios y revistas y tambi\u00e9n les brindaron su cari\u00f1o y amistad.<\/p>\n<p>El kiosco \u2018Por Fin\u2019, que fue una lucha de toda una vida para trabajar en un lugar digno y no mojarse en el invierno, es un sue\u00f1o que aseguran, lleg\u00f3 ca\u00eddo del cielo y solo lo pudieron disfrutar durante casi tres a\u00f1os, pero aseguran emocionados que ha quedado en las mejores manos.<\/p>\n<p>Hoy, la se\u00f1ora Mar\u00eda y don Hugo est\u00e1n m\u00e1s unidos que nunca para enfrentar la enfermedad de \u00e9l, y seguramente con el cari\u00f1o y, por qu\u00e9 no decirlo, apoyo de la comunidad, saldr\u00e1n adelante, pues su sacrificado trabajo, muchas veces incomprendido y para muchos hasta inadvertido, nos permit\u00eda todos los d\u00edas estar informados y poder recibir el diario en nuestras casas, con una sonrisa y con la simpat\u00eda que siempre les caracteriz\u00f3, pero como tantas personas, tambi\u00e9n hoy deben enfrentarse a la enfermedad que de todas maneras les permite estar tan unidos como siempre.<\/p>\n<p>A nombre de Diario El Trabajo y de muchos vecinos de la comuna, queremos darles las gracias por su empuje y coraje en su importante trabajo y estamos seguros que don Hugo superar\u00e1 este dif\u00edcil momento con el incondicional apoyo de su esposa y su gran amiga, la se\u00f1ora Mar\u00eda.<\/p>\n<p>Patricio Gallardo M.<\/p>\n<p>&nbsp;<\/p>\n","protected":false},"excerpt":{"rendered":"<p>PUTAENDO.- La se\u00f1ora Mar\u00eda Ibacache Huerta y don Hugo Vera C\u00e1rdenas, conocidos suplementeros que durante m\u00e1s de 33 a\u00f1os se dedicaron a este importante oficio en la comuna de Putaendo, debieron retirarse&#8230;<\/p>\n","protected":false},"author":482,"featured_media":39257,"comment_status":"open","ping_status":"closed","sticky":false,"template":"","format":"standard","meta":{"advanced_seo_description":"","jetpack_seo_html_title":"","jetpack_seo_noindex":false,"_jetpack_memberships_contains_paid_content":false,"footnotes":""},"categories":[15],"tags":[],"class_list":["post-39256","post","type-post","status-publish","format-standard","has-post-thumbnail","hentry","category-comunidad"],"jetpack_featured_media_url":"https:\/\/i0.wp.com\/eltrabajo.cl\/portal\/wp-content\/uploads\/2013\/11\/hugo-vera.jpg?fit=529%2C582&ssl=1","jetpack_sharing_enabled":true,"jetpack_likes_enabled":true,"jetpack-related-posts":[],"_links":{"self":[{"href":"https:\/\/eltrabajo.cl\/portal\/wp-json\/wp\/v2\/posts\/39256","targetHints":{"allow":["GET"]}}],"collection":[{"href":"https:\/\/eltrabajo.cl\/portal\/wp-json\/wp\/v2\/posts"}],"about":[{"href":"https:\/\/eltrabajo.cl\/portal\/wp-json\/wp\/v2\/types\/post"}],"author":[{"embeddable":true,"href":"https:\/\/eltrabajo.cl\/portal\/wp-json\/wp\/v2\/users\/482"}],"replies":[{"embeddable":true,"href":"https:\/\/eltrabajo.cl\/portal\/wp-json\/wp\/v2\/comments?post=39256"}],"version-history":[{"count":0,"href":"https:\/\/eltrabajo.cl\/portal\/wp-json\/wp\/v2\/posts\/39256\/revisions"}],"wp:featuredmedia":[{"embeddable":true,"href":"https:\/\/eltrabajo.cl\/portal\/wp-json\/wp\/v2\/media\/39257"}],"wp:attachment":[{"href":"https:\/\/eltrabajo.cl\/portal\/wp-json\/wp\/v2\/media?parent=39256"}],"wp:term":[{"taxonomy":"category","embeddable":true,"href":"https:\/\/eltrabajo.cl\/portal\/wp-json\/wp\/v2\/categories?post=39256"},{"taxonomy":"post_tag","embeddable":true,"href":"https:\/\/eltrabajo.cl\/portal\/wp-json\/wp\/v2\/tags?post=39256"}],"curies":[{"name":"wp","href":"https:\/\/api.w.org\/{rel}","templated":true}]}}