{"id":39295,"date":"2013-11-06T09:49:16","date_gmt":"2013-11-06T12:49:16","guid":{"rendered":"http:\/\/www.eltrabajo.cl\/portal\/?p=39295"},"modified":"2013-11-06T09:49:16","modified_gmt":"2013-11-06T12:49:16","slug":"nuevamente-corre-abundante-agua-en-el-canalon-de-la-verguenza","status":"publish","type":"post","link":"https:\/\/eltrabajo.cl\/portal\/nuevamente-corre-abundante-agua-en-el-canalon-de-la-verguenza\/","title":{"rendered":"Nuevamente corre abundante agua en \u2018el canal\u00f3n de la verg\u00fcenza\u2019"},"content":{"rendered":"<figure id=\"attachment_39296\" aria-describedby=\"caption-attachment-39296\" style=\"width: 529px\" class=\"wp-caption alignnone\"><a href=\"https:\/\/i0.wp.com\/www.eltrabajo.cl\/portal\/wp-content\/uploads\/2013\/11\/canalon.jpg\"><img data-recalc-dims=\"1\" loading=\"lazy\" decoding=\"async\" class=\"size-full wp-image-39296\" title=\"Aunque al arribo de Diario El Trabajo a la Villa 250 A\u00f1os, el canal\u00f3n ten\u00eda poco caudal, los vecinos aseguran que durante la madrugada el tema fue preocupante.\" alt=\"Aunque al arribo de Diario El Trabajo a la Villa 250 A\u00f1os, el canal\u00f3n ten\u00eda poco caudal, los vecinos aseguran que durante la madrugada el tema fue preocupante.\" src=\"https:\/\/i0.wp.com\/www.eltrabajo.cl\/portal\/wp-content\/uploads\/2013\/11\/canalon.jpg?resize=529%2C706\" width=\"529\" height=\"706\" srcset=\"https:\/\/i0.wp.com\/eltrabajo.cl\/portal\/wp-content\/uploads\/2013\/11\/canalon.jpg?w=529&amp;ssl=1 529w, https:\/\/i0.wp.com\/eltrabajo.cl\/portal\/wp-content\/uploads\/2013\/11\/canalon.jpg?resize=112%2C150&amp;ssl=1 112w, https:\/\/i0.wp.com\/eltrabajo.cl\/portal\/wp-content\/uploads\/2013\/11\/canalon.jpg?resize=224%2C300&amp;ssl=1 224w, https:\/\/i0.wp.com\/eltrabajo.cl\/portal\/wp-content\/uploads\/2013\/11\/canalon.jpg?resize=400%2C533&amp;ssl=1 400w\" sizes=\"auto, (max-width: 529px) 100vw, 529px\" \/><\/a><figcaption id=\"caption-attachment-39296\" class=\"wp-caption-text\">Aunque al arribo de Diario El Trabajo a la Villa 250 A\u00f1os, el canal\u00f3n ten\u00eda poco caudal, los vecinos aseguran que durante la madrugada el tema fue preocupante.<\/figcaption><\/figure>\n<p>Preocupaci\u00f3n existe entre los vecinos de la Villa 250 A\u00f1os de San Felipe, por cuanto desde la madrugada de ayer comenz\u00f3 a correr agua por el canal\u00f3n, lo que se deber\u00eda a los deshielos generados por las altas temperaturas que de paso, han derivado en el aumento del caudal en el R\u00edo Aconcagua.<\/p>\n<p>La inquietud de los vecinos pasa principalmente por la posibilidad de que, al haber agua en el canal\u00f3n, los ni\u00f1os del sector acudan a ba\u00f1arse a \u00e9ste a ra\u00edz del calor reinante, con el consiguiente riesgo de accidentes, como ca\u00eddas o ahogamiento.<\/p>\n<p>Se trata de una situaci\u00f3n comprensible, dado que hace algunas semanas, cuando se alert\u00f3 sobre la presencia de caudal en el canal\u00f3n, muchos ni\u00f1os acudieron a ba\u00f1arse, por lo que las familias de este sector exigen que cuanto antes se implementen las medidas que se hab\u00edan anunciado, en cuanto a instalar mallas o rejas protectoras.<\/p>\n<p>Pamela Palma, dirigente de la Villa 250 A\u00f1os, manifest\u00f3 que hace dos semanas, cuando se produjo una emergencia a prop\u00f3sito del desborde del canal, las autoridades comprometieron una serie de medidas, de las cuales a\u00fan no se ha implementado ninguna.<\/p>\n<p>Si bien a la llegada de Diario El Trabajo, el canal\u00f3n llevaba poco caudal, la dirigente manifest\u00f3 que \u201cdurante la noche nos asustamos mucho, porque tra\u00eda mucha agua y pensamos que pod\u00eda producirse nuevamente el anegamiento de las calles.<\/p>\n<p>\u201cSupuestamente las autoridades mandar\u00edan a colocar protecci\u00f3n a este canal\u00f3n, a ponerle mallas, pero hasta ahora no se ha cumplido nada de lo que han prometido. Dijeron que lo har\u00edan lo antes posible, pero hasta aqu\u00ed solo han venido a soldar la compuerta y nada m\u00e1s. Yo veo que aqu\u00ed estamos esperando que ocurra una desgracia para hacer algo\u201d, manifest\u00f3 Pamela Palma.<\/p>\n<p>En este sentido, Palma se\u00f1al\u00f3 que \u201cme siento pasada a llevar, porque prometen y no cumplen, y eso da rabia, porque est\u00e1n esperando que se ahogue un cabro chico para hacer algo\u201d.<\/p>\n<p>En horas de la tarde, tras la salida de clases de los ni\u00f1os, los adultos de la Villa 250 A\u00f1os se mantuvieron atentos para que no se fuesen a ba\u00f1ar al canal\u00f3n, ya que si bien el caudal merm\u00f3, de igual manera constituye una tentaci\u00f3n para los peque\u00f1os.<\/p>\n<p>Consultada la dirigente por el terrapl\u00e9n que supuestamente se elevar\u00eda en el sector, para impedir que en caso de desborde, el agua pasara hacia la Villa, Pamela Palma manifest\u00f3 que \u201caqu\u00ed lo que vinieron a hacer fue a amontonar un poco de tierra, pero nada m\u00e1s\u201d.<\/p>\n<p>&nbsp;<\/p>\n<p>GOBERNADORA SALE AL PASO<\/p>\n<p>En tanto, al ser consultada la gobernadora provincial de San Felipe, Patricia Boffa, por los compromisos suscritos con los vecinos de la Villa 250 A\u00f1os, asegur\u00f3 que se han implementado las medidas y prueba de ello, era la presencia de m\u00e1quinas de la Direcci\u00f3n de Obras Hidr\u00e1ulicas que estaban trabajando en la bocatoma del canal El Pueblo y canal La Pirca.<\/p>\n<p>\u201cSe est\u00e1 trabajando en conjunto con los presidentes de ambos canales, en tanto que en la ma\u00f1ana, cuando supimos que ven\u00eda agua por el canal\u00f3n, nos hicimos presentes en el lugar, informando de ello al nivel central\u201d, asever\u00f3 la autoridad.<\/p>\n<p>A\u00f1adi\u00f3 que las obras de protecci\u00f3n del canal\u00f3n \u201cse realizar\u00e1n en los pr\u00f3ximos d\u00edas\u201d, sin especificar la autoridad para cu\u00e1ndo est\u00e1n programadas estas labores.<\/p>\n<p>Patricia Boffa explic\u00f3 que el agua que corre por el canal\u00f3n corresponde al rebalse que se produce en los canales La Pirca y El Pueblo, situaci\u00f3n que se ve favorecida al estar estos cursos de agua a la misma altura del canal\u00f3n.<\/p>\n<p>La autoridad finalmente reiter\u00f3 el compromiso de las autoridades de gobierno para con los vecinos de la Villa 250 A\u00f1os, en el sentido que en el breve plazo se realizar\u00e1n los trabajos de protecci\u00f3n del canal\u00f3n, que son lo que m\u00e1s demandan los pobladores, para seguridad de sus hijos.<\/p>\n<p>&nbsp;<\/p>\n","protected":false},"excerpt":{"rendered":"<p>Preocupaci\u00f3n existe entre los vecinos de la Villa 250 A\u00f1os de San Felipe, por cuanto desde la madrugada de ayer comenz\u00f3 a correr agua por el canal\u00f3n, lo que se deber\u00eda a&#8230;<\/p>\n","protected":false},"author":482,"featured_media":39296,"comment_status":"open","ping_status":"closed","sticky":false,"template":"","format":"standard","meta":{"advanced_seo_description":"","jetpack_seo_html_title":"","jetpack_seo_noindex":false,"_jetpack_memberships_contains_paid_content":false,"footnotes":""},"categories":[15],"tags":[],"class_list":["post-39295","post","type-post","status-publish","format-standard","has-post-thumbnail","hentry","category-comunidad"],"jetpack_featured_media_url":"https:\/\/i0.wp.com\/eltrabajo.cl\/portal\/wp-content\/uploads\/2013\/11\/canalon.jpg?fit=529%2C706&ssl=1","jetpack_sharing_enabled":true,"jetpack_likes_enabled":true,"jetpack-related-posts":[],"_links":{"self":[{"href":"https:\/\/eltrabajo.cl\/portal\/wp-json\/wp\/v2\/posts\/39295","targetHints":{"allow":["GET"]}}],"collection":[{"href":"https:\/\/eltrabajo.cl\/portal\/wp-json\/wp\/v2\/posts"}],"about":[{"href":"https:\/\/eltrabajo.cl\/portal\/wp-json\/wp\/v2\/types\/post"}],"author":[{"embeddable":true,"href":"https:\/\/eltrabajo.cl\/portal\/wp-json\/wp\/v2\/users\/482"}],"replies":[{"embeddable":true,"href":"https:\/\/eltrabajo.cl\/portal\/wp-json\/wp\/v2\/comments?post=39295"}],"version-history":[{"count":0,"href":"https:\/\/eltrabajo.cl\/portal\/wp-json\/wp\/v2\/posts\/39295\/revisions"}],"wp:featuredmedia":[{"embeddable":true,"href":"https:\/\/eltrabajo.cl\/portal\/wp-json\/wp\/v2\/media\/39296"}],"wp:attachment":[{"href":"https:\/\/eltrabajo.cl\/portal\/wp-json\/wp\/v2\/media?parent=39295"}],"wp:term":[{"taxonomy":"category","embeddable":true,"href":"https:\/\/eltrabajo.cl\/portal\/wp-json\/wp\/v2\/categories?post=39295"},{"taxonomy":"post_tag","embeddable":true,"href":"https:\/\/eltrabajo.cl\/portal\/wp-json\/wp\/v2\/tags?post=39295"}],"curies":[{"name":"wp","href":"https:\/\/api.w.org\/{rel}","templated":true}]}}