{"id":39298,"date":"2013-11-06T09:52:11","date_gmt":"2013-11-06T12:52:11","guid":{"rendered":"http:\/\/www.eltrabajo.cl\/portal\/?p=39298"},"modified":"2013-11-06T09:52:11","modified_gmt":"2013-11-06T12:52:11","slug":"municipales-de-los-andes-cortaron-por-mas-de-una-hora-la-ruta-internacional","status":"publish","type":"post","link":"https:\/\/eltrabajo.cl\/portal\/municipales-de-los-andes-cortaron-por-mas-de-una-hora-la-ruta-internacional\/","title":{"rendered":"Municipales de Los Andes cortaron por m\u00e1s de una hora la ruta internacional"},"content":{"rendered":"<figure id=\"attachment_39299\" aria-describedby=\"caption-attachment-39299\" style=\"width: 529px\" class=\"wp-caption alignnone\"><a href=\"https:\/\/i0.wp.com\/www.eltrabajo.cl\/portal\/wp-content\/uploads\/2013\/11\/municipales-barri.jpg\"><img data-recalc-dims=\"1\" loading=\"lazy\" decoding=\"async\" class=\"size-full wp-image-39299\" title=\"Los funcionarios colocaron barricadas interrumpiendo el tr\u00e1nsito de veh\u00edculos en la ruta internacional.\" alt=\"Los funcionarios colocaron barricadas interrumpiendo el tr\u00e1nsito de veh\u00edculos en la ruta internacional.\" src=\"https:\/\/i0.wp.com\/www.eltrabajo.cl\/portal\/wp-content\/uploads\/2013\/11\/municipales-barri.jpg?resize=529%2C372\" width=\"529\" height=\"372\" srcset=\"https:\/\/i0.wp.com\/eltrabajo.cl\/portal\/wp-content\/uploads\/2013\/11\/municipales-barri.jpg?w=529&amp;ssl=1 529w, https:\/\/i0.wp.com\/eltrabajo.cl\/portal\/wp-content\/uploads\/2013\/11\/municipales-barri.jpg?resize=200%2C140&amp;ssl=1 200w, https:\/\/i0.wp.com\/eltrabajo.cl\/portal\/wp-content\/uploads\/2013\/11\/municipales-barri.jpg?resize=300%2C210&amp;ssl=1 300w, https:\/\/i0.wp.com\/eltrabajo.cl\/portal\/wp-content\/uploads\/2013\/11\/municipales-barri.jpg?resize=150%2C105&amp;ssl=1 150w, https:\/\/i0.wp.com\/eltrabajo.cl\/portal\/wp-content\/uploads\/2013\/11\/municipales-barri.jpg?resize=400%2C281&amp;ssl=1 400w\" sizes=\"auto, (max-width: 529px) 100vw, 529px\" \/><\/a><figcaption id=\"caption-attachment-39299\" class=\"wp-caption-text\">Los funcionarios colocaron barricadas interrumpiendo el tr\u00e1nsito de veh\u00edculos en la ruta internacional.<\/figcaption><\/figure>\n<ul>\n<li><strong>Presidente de Asemuch dijo que radicalizar\u00e1n sus acciones si no hay respuesta del gobierno.<\/strong><\/li>\n<\/ul>\n<p><strong>LOS ANDE<\/strong>S.- Por m\u00e1s de una hora funcionarios Municipales de Los Andes bloquearon con barricadas y fogatas la ruta internacional en protesta porque sus demandas no han sido escuchadas por el Gobierno.<\/p>\n<p>A eso de las 9:20 horas, cerca de una cincuentena de funcionarios se apostaron en el sector de Puntilla del Viento colocando piedras de gran tama\u00f1o y encendiendo fogatas para impedir la normal circulaci\u00f3n de veh\u00edculos.<\/p>\n<p>Ello motiv\u00f3 el desplazamiento de un importante contingente de fuerzas policiales, aun cuando no se produjo ning\u00fan tipo de enfrentamiento.<\/p>\n<p>Tras casi una hora de protesta, que gener\u00f3 largas colas de veh\u00edculos que esperaban seguir su camino tanto hacia Los Andes como a la cordillera, los funcionarios permitieron el paso a trav\u00e9s de una pista y luego ambas fueron despejadas por los propios Carabineros.<\/p>\n<p>El Presidente de la Asociaci\u00f3n de Funcionarios Municipales de Los Andes, Marcelo Figueroa V\u00e1squez, se\u00f1al\u00f3 que se vieron en la necesidad de radicalizar las movilizaciones por las nulas respuestas del Gobierno a sus peticiones, \u201cya que lo \u00fanico que estamos pidiendo son condiciones igualitarias respecto al resto de los trabajadores del sector p\u00fablico\u201d.<\/p>\n<p>El dirigente advirti\u00f3 que continuar\u00e1n con las movilizaciones si no hay respuestas concretas y advirti\u00f3 que incluso podr\u00edan llevar adelante acciones m\u00e1s temerarias.<\/p>\n<p>&nbsp;<\/p>\n","protected":false},"excerpt":{"rendered":"<p>Presidente de Asemuch dijo que radicalizar\u00e1n sus acciones si no hay respuesta del gobierno. LOS ANDES.- Por m\u00e1s de una hora funcionarios Municipales de Los Andes bloquearon con barricadas y fogatas la&#8230;<\/p>\n","protected":false},"author":482,"featured_media":39299,"comment_status":"open","ping_status":"closed","sticky":false,"template":"","format":"standard","meta":{"advanced_seo_description":"","jetpack_seo_html_title":"","jetpack_seo_noindex":false,"_jetpack_memberships_contains_paid_content":false,"footnotes":""},"categories":[15],"tags":[],"class_list":["post-39298","post","type-post","status-publish","format-standard","has-post-thumbnail","hentry","category-comunidad"],"jetpack_featured_media_url":"https:\/\/i0.wp.com\/eltrabajo.cl\/portal\/wp-content\/uploads\/2013\/11\/municipales-barri.jpg?fit=529%2C372&ssl=1","jetpack_sharing_enabled":true,"jetpack_likes_enabled":true,"jetpack-related-posts":[],"_links":{"self":[{"href":"https:\/\/eltrabajo.cl\/portal\/wp-json\/wp\/v2\/posts\/39298","targetHints":{"allow":["GET"]}}],"collection":[{"href":"https:\/\/eltrabajo.cl\/portal\/wp-json\/wp\/v2\/posts"}],"about":[{"href":"https:\/\/eltrabajo.cl\/portal\/wp-json\/wp\/v2\/types\/post"}],"author":[{"embeddable":true,"href":"https:\/\/eltrabajo.cl\/portal\/wp-json\/wp\/v2\/users\/482"}],"replies":[{"embeddable":true,"href":"https:\/\/eltrabajo.cl\/portal\/wp-json\/wp\/v2\/comments?post=39298"}],"version-history":[{"count":0,"href":"https:\/\/eltrabajo.cl\/portal\/wp-json\/wp\/v2\/posts\/39298\/revisions"}],"wp:featuredmedia":[{"embeddable":true,"href":"https:\/\/eltrabajo.cl\/portal\/wp-json\/wp\/v2\/media\/39299"}],"wp:attachment":[{"href":"https:\/\/eltrabajo.cl\/portal\/wp-json\/wp\/v2\/media?parent=39298"}],"wp:term":[{"taxonomy":"category","embeddable":true,"href":"https:\/\/eltrabajo.cl\/portal\/wp-json\/wp\/v2\/categories?post=39298"},{"taxonomy":"post_tag","embeddable":true,"href":"https:\/\/eltrabajo.cl\/portal\/wp-json\/wp\/v2\/tags?post=39298"}],"curies":[{"name":"wp","href":"https:\/\/api.w.org\/{rel}","templated":true}]}}