{"id":39301,"date":"2013-11-06T09:53:36","date_gmt":"2013-11-06T12:53:36","guid":{"rendered":"http:\/\/www.eltrabajo.cl\/portal\/?p=39301"},"modified":"2013-11-06T09:53:36","modified_gmt":"2013-11-06T12:53:36","slug":"funcionarios-municipales-se-toman-salinas-y-evaluan-eliminar-turnos-eticos","status":"publish","type":"post","link":"https:\/\/eltrabajo.cl\/portal\/funcionarios-municipales-se-toman-salinas-y-evaluan-eliminar-turnos-eticos\/","title":{"rendered":"Funcionarios Municipales se toman Salinas y eval\u00faan eliminar turnos \u00e9ticos"},"content":{"rendered":"<figure id=\"attachment_39302\" aria-describedby=\"caption-attachment-39302\" style=\"width: 529px\" class=\"wp-caption alignnone\"><a href=\"https:\/\/i0.wp.com\/www.eltrabajo.cl\/portal\/wp-content\/uploads\/2013\/11\/toma-calle-salinas-1.jpg\"><img data-recalc-dims=\"1\" loading=\"lazy\" decoding=\"async\" class=\"size-full wp-image-39302\" title=\"Los funcionarios realizaron una ruidosa protesta en las afueras del municipio.\" alt=\"Los funcionarios realizaron una ruidosa protesta en las afueras del municipio.\" src=\"https:\/\/i0.wp.com\/www.eltrabajo.cl\/portal\/wp-content\/uploads\/2013\/11\/toma-calle-salinas-1.jpg?resize=529%2C329\" width=\"529\" height=\"329\" srcset=\"https:\/\/i0.wp.com\/eltrabajo.cl\/portal\/wp-content\/uploads\/2013\/11\/toma-calle-salinas-1.jpg?w=529&amp;ssl=1 529w, https:\/\/i0.wp.com\/eltrabajo.cl\/portal\/wp-content\/uploads\/2013\/11\/toma-calle-salinas-1.jpg?resize=200%2C124&amp;ssl=1 200w, https:\/\/i0.wp.com\/eltrabajo.cl\/portal\/wp-content\/uploads\/2013\/11\/toma-calle-salinas-1.jpg?resize=300%2C186&amp;ssl=1 300w, https:\/\/i0.wp.com\/eltrabajo.cl\/portal\/wp-content\/uploads\/2013\/11\/toma-calle-salinas-1.jpg?resize=150%2C93&amp;ssl=1 150w, https:\/\/i0.wp.com\/eltrabajo.cl\/portal\/wp-content\/uploads\/2013\/11\/toma-calle-salinas-1.jpg?resize=400%2C248&amp;ssl=1 400w\" sizes=\"auto, (max-width: 529px) 100vw, 529px\" \/><\/a><figcaption id=\"caption-attachment-39302\" class=\"wp-caption-text\">Los funcionarios realizaron una ruidosa protesta en las afueras del municipio.<\/figcaption><\/figure>\n<p>Molestia gener\u00f3 entre los automovilistas en la ma\u00f1ana de ayer, la toma de la calle Salinas, en la esquina de Arturo Prat, por parte de funcionarios municipales que se encuentran en paro desde hace ya 15 d\u00edas.<\/p>\n<p>Minutos antes de las 10.00 horas, los municipales instalaron vallas papales en la intersecci\u00f3n de las mencionadas calles, reuni\u00e9ndose en la v\u00eda p\u00fablica unos cuarenta funcionarios que, con pancartas y pitos, comenzaron a protestar y hacer presente su molestia por la negativa del gobierno a resolver el conflicto que los mantiene movilizados.<\/p>\n<p>Vladimir Tapia, presidente de Asemuch San Felipe, manifest\u00f3 su profundo rechazo a los dichos de la vocera de Gobierno, Cecilia P\u00e9rez, quien calific\u00f3 de ilegal el paro de los municipales.<\/p>\n<p>Junto con reiterar el llamado a la comprensi\u00f3n de la comunidad, sobre todo de aquellas personas que requieren hacer tr\u00e1mites en los municipios, Vladimir Tapia manifest\u00f3 que est\u00e1n evaluando eliminar los turnos \u00e9ticos de reparto de agua y entrega de licencias de conducir, como una manera de presionar al gobierno y en el contexto de los anuncios que ellos han hecho de radicalizar el movimiento.<\/p>\n<p>\u201cNosotros estamos evaluando este tema. Pero inicialmente estamos con la toma de calle Salinas, luego nos reunimos con la gobernadora provincial Patricia Boffa y posteriormente recorrimos algunos servicios p\u00fablicos con el objeto de socializar nuestras demandas con los funcionarios de esas reparticiones y lograr tambi\u00e9n su respaldo\u201d, se\u00f1al\u00f3 el dirigente.<\/p>\n<p>Vladimir Tapia formul\u00f3 un llamado a la poblaci\u00f3n, \u201cpara que entienda cu\u00e1l es nuestra situaci\u00f3n, porque somos trabajadores como todo el mundo, tenemos familias, tenemos hijos, por lo tanto es justicia tener un mejor trato salarial\u201d.<\/p>\n<p>A\u00f1adi\u00f3 que no descartan emprender acciones de protesta m\u00e1s radicales, a la vez que solidariz\u00f3 con los funcionarios de la municipalidad de Los Andes, que ayer por la ma\u00f1ana se tomaron la ruta internacional.<\/p>\n<p>\u201cSolidarizamos con ellos y no descartamos tambi\u00e9n tomar ese mismo tipo de medidas\u201d, puntualiz\u00f3.<\/p>\n<p>Cabe consignar que unos veinte minutos despu\u00e9s de iniciada la toma de la calle Salinas, se hizo presente Carabineros que retir\u00f3 las vallas, a la vez que solicit\u00f3 a los funcionarios manifestarse en la Plaza C\u00edvica a fin de no entorpecer el orden de la ciudad.<\/p>\n","protected":false},"excerpt":{"rendered":"<p>Molestia gener\u00f3 entre los automovilistas en la ma\u00f1ana de ayer, la toma de la calle Salinas, en la esquina de Arturo Prat, por parte de funcionarios municipales que se encuentran en paro&#8230;<\/p>\n","protected":false},"author":482,"featured_media":39302,"comment_status":"open","ping_status":"closed","sticky":false,"template":"","format":"standard","meta":{"advanced_seo_description":"","jetpack_seo_html_title":"","jetpack_seo_noindex":false,"_jetpack_memberships_contains_paid_content":false,"footnotes":""},"categories":[15],"tags":[],"class_list":["post-39301","post","type-post","status-publish","format-standard","has-post-thumbnail","hentry","category-comunidad"],"jetpack_featured_media_url":"https:\/\/i0.wp.com\/eltrabajo.cl\/portal\/wp-content\/uploads\/2013\/11\/toma-calle-salinas-1.jpg?fit=529%2C329&ssl=1","jetpack_sharing_enabled":true,"jetpack_likes_enabled":true,"jetpack-related-posts":[],"_links":{"self":[{"href":"https:\/\/eltrabajo.cl\/portal\/wp-json\/wp\/v2\/posts\/39301","targetHints":{"allow":["GET"]}}],"collection":[{"href":"https:\/\/eltrabajo.cl\/portal\/wp-json\/wp\/v2\/posts"}],"about":[{"href":"https:\/\/eltrabajo.cl\/portal\/wp-json\/wp\/v2\/types\/post"}],"author":[{"embeddable":true,"href":"https:\/\/eltrabajo.cl\/portal\/wp-json\/wp\/v2\/users\/482"}],"replies":[{"embeddable":true,"href":"https:\/\/eltrabajo.cl\/portal\/wp-json\/wp\/v2\/comments?post=39301"}],"version-history":[{"count":0,"href":"https:\/\/eltrabajo.cl\/portal\/wp-json\/wp\/v2\/posts\/39301\/revisions"}],"wp:featuredmedia":[{"embeddable":true,"href":"https:\/\/eltrabajo.cl\/portal\/wp-json\/wp\/v2\/media\/39302"}],"wp:attachment":[{"href":"https:\/\/eltrabajo.cl\/portal\/wp-json\/wp\/v2\/media?parent=39301"}],"wp:term":[{"taxonomy":"category","embeddable":true,"href":"https:\/\/eltrabajo.cl\/portal\/wp-json\/wp\/v2\/categories?post=39301"},{"taxonomy":"post_tag","embeddable":true,"href":"https:\/\/eltrabajo.cl\/portal\/wp-json\/wp\/v2\/tags?post=39301"}],"curies":[{"name":"wp","href":"https:\/\/api.w.org\/{rel}","templated":true}]}}