{"id":39321,"date":"2013-11-07T09:41:01","date_gmt":"2013-11-07T12:41:01","guid":{"rendered":"http:\/\/www.eltrabajo.cl\/portal\/?p=39321"},"modified":"2013-11-07T09:41:01","modified_gmt":"2013-11-07T12:41:01","slug":"vecina-lleva-un-ano-esperando-que-empresa-que-dano-su-casa-la-repare","status":"publish","type":"post","link":"https:\/\/eltrabajo.cl\/portal\/vecina-lleva-un-ano-esperando-que-empresa-que-dano-su-casa-la-repare\/","title":{"rendered":"Vecina lleva un a\u00f1o esperando que empresa que da\u00f1\u00f3 su casa la repare"},"content":{"rendered":"<figure id=\"attachment_39322\" aria-describedby=\"caption-attachment-39322\" style=\"width: 529px\" class=\"wp-caption alignnone\"><a href=\"https:\/\/i0.wp.com\/www.eltrabajo.cl\/portal\/wp-content\/uploads\/2013\/11\/casas-afectadas.jpg\"><img data-recalc-dims=\"1\" loading=\"lazy\" decoding=\"async\" class=\"size-full wp-image-39322\" title=\"Estas son las viviendas afectadas por los trabajos de la empresa Monte Sur.\" alt=\"Estas son las viviendas afectadas por los trabajos de la empresa Monte Sur.\" src=\"https:\/\/i0.wp.com\/www.eltrabajo.cl\/portal\/wp-content\/uploads\/2013\/11\/casas-afectadas.jpg?resize=529%2C353\" width=\"529\" height=\"353\" srcset=\"https:\/\/i0.wp.com\/eltrabajo.cl\/portal\/wp-content\/uploads\/2013\/11\/casas-afectadas.jpg?w=529&amp;ssl=1 529w, https:\/\/i0.wp.com\/eltrabajo.cl\/portal\/wp-content\/uploads\/2013\/11\/casas-afectadas.jpg?resize=200%2C133&amp;ssl=1 200w, https:\/\/i0.wp.com\/eltrabajo.cl\/portal\/wp-content\/uploads\/2013\/11\/casas-afectadas.jpg?resize=300%2C200&amp;ssl=1 300w, https:\/\/i0.wp.com\/eltrabajo.cl\/portal\/wp-content\/uploads\/2013\/11\/casas-afectadas.jpg?resize=150%2C100&amp;ssl=1 150w, https:\/\/i0.wp.com\/eltrabajo.cl\/portal\/wp-content\/uploads\/2013\/11\/casas-afectadas.jpg?resize=400%2C266&amp;ssl=1 400w\" sizes=\"auto, (max-width: 529px) 100vw, 529px\" \/><\/a><figcaption id=\"caption-attachment-39322\" class=\"wp-caption-text\">Estas son las viviendas afectadas por los trabajos de la empresa Monte Sur.<\/figcaption><\/figure>\n<p><strong>PUTAENDO<\/strong>.- Aunque parezca incre\u00edble, una vecina de Calle Comercio lleva exactamente un a\u00f1o esperando que la empresa constructora Monte Sur le repare los da\u00f1os dejados en su vivienda y en la de su vecino.<\/p>\n<p>Recordemos que esta empresa ejecut\u00f3 los trabajos de cambio de matrices en Calle Comercio, mandatados por Esval, y en el frontis de la vivienda de la se\u00f1ora Mar\u00eda Reyes excavaron la vereda y en un hecho ins\u00f3lito la empresa removi\u00f3 una parte importante de los cimientos de ambas casas, lo que provoc\u00f3 que las gruesas murallas comenzaran a asentarse, generando que al interior de las viviendas, el resto de las murallas se agrietaran y los pisos de ambos inmuebles comenzaran a presentar da\u00f1os.<\/p>\n<p>La se\u00f1ora Mar\u00eda ha golpeado varias puertas, incluso pidi\u00f3 ayuda al Consejo de Monumentos Nacionales, entidad que le indic\u00f3 que ellos se enteraron de la situaci\u00f3n cuando se hizo la denuncia, ya que nunca recibieron el proyecto de intervenci\u00f3n que hizo la empresa contratista, y hoy, despu\u00e9s de un a\u00f1o la empresa Monte Sur le ha informado que no reparar\u00e1 su vivienda y que incluso han llegado a decirle que ella rehaga los adobes y busque los maestros para reparar su casa.<\/p>\n<p>El Concejal Carlos Gallardo junto al presidente del Frente de Protecci\u00f3n del Patrimonio, Educaci\u00f3n, Cultura y Artes de Putaendo, Joaqu\u00edn Gallardo, visitaron a la se\u00f1ora Mar\u00eda para entregarle todo su respaldo ante lo que calificaron como una sinverg\u00fcenzura y una cobard\u00eda por parte de la empresa y Esval hacia los vecinos afectados, por lo que adelantaron que insistir\u00e1n, golpeando todas las puertas que sean necesarias para que la empresa responda por los da\u00f1os ocasionados en las viviendas.<\/p>\n<p>Como dato no menor, el poste que se encuentra justo frente a la vivienda no tiene una base de concreto y solo est\u00e1 afirmado sobre la tierra, lo que demuestra la precariedad de los trabajos realizados por la empresa Monte Sur, que hoy pr\u00e1cticamente no asume su responsabilidad, y lo que es peor a\u00fan, ha ocasionado un da\u00f1o patrimonial importante e incluso como si fuesen principiantes, taparon las bajadas de agua de la vivienda y lo m\u00e1s grave a\u00fan, tienen a dos familias con el temor y el peligro que ante un fuerte movimiento tel\u00farico los muros de ambas viviendas puedan ceder definitivamente.<\/p>\n<p>Patricio Gallardo M.<\/p>\n<p>&nbsp;<\/p>\n","protected":false},"excerpt":{"rendered":"<p>PUTAENDO.- Aunque parezca incre\u00edble, una vecina de Calle Comercio lleva exactamente un a\u00f1o esperando que la empresa constructora Monte Sur le repare los da\u00f1os dejados en su vivienda y en la de&#8230;<\/p>\n","protected":false},"author":482,"featured_media":39322,"comment_status":"open","ping_status":"closed","sticky":false,"template":"","format":"standard","meta":{"advanced_seo_description":"","jetpack_seo_html_title":"","jetpack_seo_noindex":false,"_jetpack_memberships_contains_paid_content":false,"footnotes":""},"categories":[15],"tags":[],"class_list":["post-39321","post","type-post","status-publish","format-standard","has-post-thumbnail","hentry","category-comunidad"],"jetpack_featured_media_url":"https:\/\/i0.wp.com\/eltrabajo.cl\/portal\/wp-content\/uploads\/2013\/11\/casas-afectadas.jpg?fit=529%2C353&ssl=1","jetpack_sharing_enabled":true,"jetpack_likes_enabled":true,"jetpack-related-posts":[],"_links":{"self":[{"href":"https:\/\/eltrabajo.cl\/portal\/wp-json\/wp\/v2\/posts\/39321","targetHints":{"allow":["GET"]}}],"collection":[{"href":"https:\/\/eltrabajo.cl\/portal\/wp-json\/wp\/v2\/posts"}],"about":[{"href":"https:\/\/eltrabajo.cl\/portal\/wp-json\/wp\/v2\/types\/post"}],"author":[{"embeddable":true,"href":"https:\/\/eltrabajo.cl\/portal\/wp-json\/wp\/v2\/users\/482"}],"replies":[{"embeddable":true,"href":"https:\/\/eltrabajo.cl\/portal\/wp-json\/wp\/v2\/comments?post=39321"}],"version-history":[{"count":0,"href":"https:\/\/eltrabajo.cl\/portal\/wp-json\/wp\/v2\/posts\/39321\/revisions"}],"wp:featuredmedia":[{"embeddable":true,"href":"https:\/\/eltrabajo.cl\/portal\/wp-json\/wp\/v2\/media\/39322"}],"wp:attachment":[{"href":"https:\/\/eltrabajo.cl\/portal\/wp-json\/wp\/v2\/media?parent=39321"}],"wp:term":[{"taxonomy":"category","embeddable":true,"href":"https:\/\/eltrabajo.cl\/portal\/wp-json\/wp\/v2\/categories?post=39321"},{"taxonomy":"post_tag","embeddable":true,"href":"https:\/\/eltrabajo.cl\/portal\/wp-json\/wp\/v2\/tags?post=39321"}],"curies":[{"name":"wp","href":"https:\/\/api.w.org\/{rel}","templated":true}]}}