{"id":39324,"date":"2013-11-07T09:50:53","date_gmt":"2013-11-07T12:50:53","guid":{"rendered":"http:\/\/www.eltrabajo.cl\/portal\/?p=39324"},"modified":"2013-11-07T09:50:53","modified_gmt":"2013-11-07T12:50:53","slug":"patinadoras-de-estrellas-sobre-ruedas-tambien-se-destacaron-en-argentina","status":"publish","type":"post","link":"https:\/\/eltrabajo.cl\/portal\/patinadoras-de-estrellas-sobre-ruedas-tambien-se-destacaron-en-argentina\/","title":{"rendered":"Patinadoras de \u2018Estrellas sobre ruedas\u2019 tambi\u00e9n se destacaron en Argentina"},"content":{"rendered":"<figure id=\"attachment_39325\" aria-describedby=\"caption-attachment-39325\" style=\"width: 529px\" class=\"wp-caption alignnone\"><a href=\"https:\/\/i0.wp.com\/www.eltrabajo.cl\/portal\/wp-content\/uploads\/2013\/11\/estrellitas2.jpg\"><img data-recalc-dims=\"1\" loading=\"lazy\" decoding=\"async\" class=\"size-full wp-image-39325\" title=\"La Gobernadora Patricia Boffa y el Consejero Regional, Iv\u00e1n Reyes, posaron con las patinadoras para las c\u00e1maras de Diario El Trabajo minutos antes de viajar al hermano pa\u00eds.\" alt=\"La Gobernadora Patricia Boffa y el Consejero Regional, Iv\u00e1n Reyes, posaron con las patinadoras para las c\u00e1maras de Diario El Trabajo minutos antes de viajar al hermano pa\u00eds.\" src=\"https:\/\/i0.wp.com\/www.eltrabajo.cl\/portal\/wp-content\/uploads\/2013\/11\/estrellitas2.jpg?resize=529%2C347\" width=\"529\" height=\"347\" srcset=\"https:\/\/i0.wp.com\/eltrabajo.cl\/portal\/wp-content\/uploads\/2013\/11\/estrellitas2.jpg?w=529&amp;ssl=1 529w, https:\/\/i0.wp.com\/eltrabajo.cl\/portal\/wp-content\/uploads\/2013\/11\/estrellitas2.jpg?resize=200%2C131&amp;ssl=1 200w, https:\/\/i0.wp.com\/eltrabajo.cl\/portal\/wp-content\/uploads\/2013\/11\/estrellitas2.jpg?resize=300%2C196&amp;ssl=1 300w, https:\/\/i0.wp.com\/eltrabajo.cl\/portal\/wp-content\/uploads\/2013\/11\/estrellitas2.jpg?resize=150%2C98&amp;ssl=1 150w, https:\/\/i0.wp.com\/eltrabajo.cl\/portal\/wp-content\/uploads\/2013\/11\/estrellitas2.jpg?resize=400%2C262&amp;ssl=1 400w\" sizes=\"auto, (max-width: 529px) 100vw, 529px\" \/><\/a><figcaption id=\"caption-attachment-39325\" class=\"wp-caption-text\">La Gobernadora Patricia Boffa y el Consejero Regional, Iv\u00e1n Reyes, posaron con las patinadoras para las c\u00e1maras de Diario El Trabajo minutos antes de viajar al hermano pa\u00eds.<\/figcaption><\/figure>\n<p>Siguen gener\u00e1ndose s\u00f3lo buenas noticias en relaci\u00f3n al gran campeonato internacional de patinaje realizado en Mendoza, Argentina, y en el que brillaron decenas de peque\u00f1itas amantes al patinaje. Esta vez hablamos de las nenitas del \u2018Club Estrellas sobre ruedas\u2019 de San Felipe, agrupaci\u00f3n que naci\u00f3 hace unos seis a\u00f1os y en el que participan 22 menores entre 3 y 17 a\u00f1os.<\/p>\n<p>El torneo se realiz\u00f3 en el Gimnasio YPF de Godoy Cruz, ocasi\u00f3n en la cual la obtenci\u00f3n de 1\u00ba, 2\u00ba y 3\u00ba lugares en sus respectivas categor\u00edas, fueron obtenidos por estas alegres estrellitas del patinaje. El compa\u00f1erismo, cari\u00f1o, respeto, superaci\u00f3n, esfuerzo, perseverancia y el amor por lo que hacen, es lo que las ha llevado a trabajar en equipo y mostrar en la cancha lo que tanto quieren. Los trofeos que se han ganado en esta ocasi\u00f3n y en todas las anteriores, demuestra cada vez m\u00e1s que la familia es el apoyo fundamental en todo tipo de actividad. Este proyecto sali\u00f3 adelante tambi\u00e9n gracias al $1.500.000 que entreg\u00f3 el Consejero Regional Iv\u00e1n Reyes por medio del Gobierno Regional, y a fondos de Codelco Buen Vecino, quien aport\u00f3 $450.000 para la compra de bolsos deportivos para las ni\u00f1as. Entre los \u2018padrinos\u2019 de este club de patinaje, que son varios, podemos mencionar a Roberto Barraza y esposa, de la empresa Indumac, Felipe Cuevas, Manuel Carvallo de la Escuela de Conductores, tambi\u00e9n por el aporte de Colaciones.<\/p>\n<p>&nbsp;<\/p>\n","protected":false},"excerpt":{"rendered":"<p>Siguen gener\u00e1ndose s\u00f3lo buenas noticias en relaci\u00f3n al gran campeonato internacional de patinaje realizado en Mendoza, Argentina, y en el que brillaron decenas de peque\u00f1itas amantes al patinaje. Esta vez hablamos de&#8230;<\/p>\n","protected":false},"author":482,"featured_media":39325,"comment_status":"open","ping_status":"closed","sticky":false,"template":"","format":"standard","meta":{"advanced_seo_description":"","jetpack_seo_html_title":"","jetpack_seo_noindex":false,"_jetpack_memberships_contains_paid_content":false,"footnotes":""},"categories":[15],"tags":[],"class_list":["post-39324","post","type-post","status-publish","format-standard","has-post-thumbnail","hentry","category-comunidad"],"jetpack_featured_media_url":"https:\/\/i0.wp.com\/eltrabajo.cl\/portal\/wp-content\/uploads\/2013\/11\/estrellitas2.jpg?fit=529%2C347&ssl=1","jetpack_sharing_enabled":true,"jetpack_likes_enabled":true,"jetpack-related-posts":[],"_links":{"self":[{"href":"https:\/\/eltrabajo.cl\/portal\/wp-json\/wp\/v2\/posts\/39324","targetHints":{"allow":["GET"]}}],"collection":[{"href":"https:\/\/eltrabajo.cl\/portal\/wp-json\/wp\/v2\/posts"}],"about":[{"href":"https:\/\/eltrabajo.cl\/portal\/wp-json\/wp\/v2\/types\/post"}],"author":[{"embeddable":true,"href":"https:\/\/eltrabajo.cl\/portal\/wp-json\/wp\/v2\/users\/482"}],"replies":[{"embeddable":true,"href":"https:\/\/eltrabajo.cl\/portal\/wp-json\/wp\/v2\/comments?post=39324"}],"version-history":[{"count":0,"href":"https:\/\/eltrabajo.cl\/portal\/wp-json\/wp\/v2\/posts\/39324\/revisions"}],"wp:featuredmedia":[{"embeddable":true,"href":"https:\/\/eltrabajo.cl\/portal\/wp-json\/wp\/v2\/media\/39325"}],"wp:attachment":[{"href":"https:\/\/eltrabajo.cl\/portal\/wp-json\/wp\/v2\/media?parent=39324"}],"wp:term":[{"taxonomy":"category","embeddable":true,"href":"https:\/\/eltrabajo.cl\/portal\/wp-json\/wp\/v2\/categories?post=39324"},{"taxonomy":"post_tag","embeddable":true,"href":"https:\/\/eltrabajo.cl\/portal\/wp-json\/wp\/v2\/tags?post=39324"}],"curies":[{"name":"wp","href":"https:\/\/api.w.org\/{rel}","templated":true}]}}