{"id":39333,"date":"2013-11-07T09:56:33","date_gmt":"2013-11-07T12:56:33","guid":{"rendered":"http:\/\/www.eltrabajo.cl\/portal\/?p=39333"},"modified":"2013-11-07T09:56:33","modified_gmt":"2013-11-07T12:56:33","slug":"funcionarios-de-servicios-publicos-paralizan-hoy-sus-actividades","status":"publish","type":"post","link":"https:\/\/eltrabajo.cl\/portal\/funcionarios-de-servicios-publicos-paralizan-hoy-sus-actividades\/","title":{"rendered":"Funcionarios de servicios p\u00fablicos paralizan hoy sus actividades"},"content":{"rendered":"<figure id=\"attachment_39334\" aria-describedby=\"caption-attachment-39334\" style=\"width: 529px\" class=\"wp-caption alignnone\"><a href=\"https:\/\/i0.wp.com\/www.eltrabajo.cl\/portal\/wp-content\/uploads\/2013\/11\/paro-empleados-publicos-marcha.jpg\"><img data-recalc-dims=\"1\" loading=\"lazy\" decoding=\"async\" class=\"size-full wp-image-39334\" title=\"Mientras hoy los funcionarios p\u00fablicos paralizar\u00e1n sus actividades, ma\u00f1ana se espera la realizaci\u00f3n de manifestaciones.\" alt=\"Mientras hoy los funcionarios p\u00fablicos paralizar\u00e1n sus actividades, ma\u00f1ana se espera la realizaci\u00f3n de manifestaciones.\" src=\"https:\/\/i0.wp.com\/www.eltrabajo.cl\/portal\/wp-content\/uploads\/2013\/11\/paro-empleados-publicos-marcha.jpg?resize=529%2C304\" width=\"529\" height=\"304\" srcset=\"https:\/\/i0.wp.com\/eltrabajo.cl\/portal\/wp-content\/uploads\/2013\/11\/paro-empleados-publicos-marcha.jpg?w=529&amp;ssl=1 529w, https:\/\/i0.wp.com\/eltrabajo.cl\/portal\/wp-content\/uploads\/2013\/11\/paro-empleados-publicos-marcha.jpg?resize=200%2C114&amp;ssl=1 200w, https:\/\/i0.wp.com\/eltrabajo.cl\/portal\/wp-content\/uploads\/2013\/11\/paro-empleados-publicos-marcha.jpg?resize=300%2C172&amp;ssl=1 300w, https:\/\/i0.wp.com\/eltrabajo.cl\/portal\/wp-content\/uploads\/2013\/11\/paro-empleados-publicos-marcha.jpg?resize=150%2C86&amp;ssl=1 150w, https:\/\/i0.wp.com\/eltrabajo.cl\/portal\/wp-content\/uploads\/2013\/11\/paro-empleados-publicos-marcha.jpg?resize=400%2C229&amp;ssl=1 400w\" sizes=\"auto, (max-width: 529px) 100vw, 529px\" \/><\/a><figcaption id=\"caption-attachment-39334\" class=\"wp-caption-text\">Mientras hoy los funcionarios p\u00fablicos paralizar\u00e1n sus actividades, ma\u00f1ana se espera la realizaci\u00f3n de manifestaciones.<\/figcaption><\/figure>\n<p>Un paro de 24 horas para hoy jueves, seguido de manifestaciones p\u00fablicas el viernes, son las acciones de protesta que ha definido la mesa del sector p\u00fablico que preside la CUT, para rechazar la postura del gobierno, de no negociar antes de las elecciones el reajuste a los empleados p\u00fablicos.<\/p>\n<p>As\u00ed lo confirm\u00f3 el presidente de la CUT Provincial San Felipe, Alejandro Aguilar, quien se\u00f1al\u00f3 que el pasado 29 de octubre, el gobierno acord\u00f3 con la mesa del sector p\u00fablico desarrollar una agenda de cuatro reuniones, previo a las elecciones, para llegar a un acuerdo en el tema del reajuste salarial. Sin embargo, en las \u00faltimas horas el nivel central inform\u00f3 que no habr\u00e1 negociaci\u00f3n hasta despu\u00e9s del proceso eleccionario, lo que gatill\u00f3 la molestia de los empleados p\u00fablicos.<\/p>\n<p>\u201cDurante este jueves 7 los servicios p\u00fablicos van a parar, en protesta, en repudio, a la actitud que ha tenido el gobierno, de tirar el mantel en el d\u00eda de ayer y negarse a iniciar un proceso de negociaci\u00f3n por el reajuste del sector p\u00fablico, respondiendo que despu\u00e9s de las elecciones va a negociar con los dirigentes\u201d, refiri\u00f3 Aguilar.<\/p>\n<p>A\u00f1adi\u00f3 que \u201cesto contradice lo que el gobierno hab\u00eda comprometido, en la reuni\u00f3n del martes 29, donde se hab\u00eda fijado cuatro fechas de reuni\u00f3n, para culminar el 15 de noviembre, con un resultado. Pero ahora se notifica solamente a los dirigentes, en cuanto a que no habr\u00e1 negociaci\u00f3n\u201d.<\/p>\n<p>El dirigente de la CUT manifest\u00f3 que unilateralmente se ha tomado esta decisi\u00f3n de no proseguir con la agenda de reuniones que el mismo gobierno hab\u00eda propuesto, para los d\u00edas 5, 8, 12 y 15 de noviembre, lo que le parece grave, pues se pasa a llevar a los empleados p\u00fablicos y demuestra el desinter\u00e9s de llegar a un acuerdo.<\/p>\n<p>Manifest\u00f3 que probablemente, si el viernes el gobierno no manifiesta una disposici\u00f3n de negociar, se podr\u00eda convocar a un paro indefinido del sector p\u00fablico a contar del lunes.<\/p>\n<p>&nbsp;<\/p>\n<p><strong>PARO SML<\/strong><\/p>\n<p>A esta movilizaci\u00f3n, se suma el inicio, el d\u00eda de ayer mi\u00e9rcoles, del paro de los funcionarios del Servicio M\u00e9dico Legal, quienes partieron con una movilizaci\u00f3n indefinida, disponiendo eso s\u00ed de turnos \u00e9ticos.<\/p>\n<p>\u201cNosotros necesitamos un bono de un 7 por ciento, un bono especial por el apoyo pericial, pero ellos dijeron que no exist\u00eda ese bono, nos daban un grado y un grado extra para los de 15 a\u00f1os. Nosotros dijimos no\u201d, argument\u00f3 a la prensa nacional Jos\u00e9 Morales, presidente nacional de los funcionarios del Servicio M\u00e9dico Legal.<\/p>\n<p>Morales dijo que se est\u00e1n haciendo turno \u00e9ticos \u201ca nivel nacional, eso es lo \u00fanico que se est\u00e1 trabajando. Psiquiatr\u00eda, adultos, cl\u00ednica y laboratorios no est\u00e1n trabajando\u201d.<\/p>\n<p>Por su parte la Asociaci\u00f3n de Profesionales del SML se excluy\u00f3 de la movilizaci\u00f3n por llegar a un acuerdo con las autoridades, pero es a la Asociaci\u00f3n de Funcionarios donde pertenecen la mayor parte de los trabajadores.<\/p>\n<p>&nbsp;<\/p>\n","protected":false},"excerpt":{"rendered":"<p>Un paro de 24 horas para hoy jueves, seguido de manifestaciones p\u00fablicas el viernes, son las acciones de protesta que ha definido la mesa del sector p\u00fablico que preside la CUT, para&#8230;<\/p>\n","protected":false},"author":482,"featured_media":39334,"comment_status":"open","ping_status":"closed","sticky":false,"template":"","format":"standard","meta":{"advanced_seo_description":"","jetpack_seo_html_title":"","jetpack_seo_noindex":false,"_jetpack_memberships_contains_paid_content":false,"footnotes":""},"categories":[15],"tags":[],"class_list":["post-39333","post","type-post","status-publish","format-standard","has-post-thumbnail","hentry","category-comunidad"],"jetpack_featured_media_url":"https:\/\/i0.wp.com\/eltrabajo.cl\/portal\/wp-content\/uploads\/2013\/11\/paro-empleados-publicos-marcha.jpg?fit=529%2C304&ssl=1","jetpack_sharing_enabled":true,"jetpack_likes_enabled":true,"jetpack-related-posts":[],"_links":{"self":[{"href":"https:\/\/eltrabajo.cl\/portal\/wp-json\/wp\/v2\/posts\/39333","targetHints":{"allow":["GET"]}}],"collection":[{"href":"https:\/\/eltrabajo.cl\/portal\/wp-json\/wp\/v2\/posts"}],"about":[{"href":"https:\/\/eltrabajo.cl\/portal\/wp-json\/wp\/v2\/types\/post"}],"author":[{"embeddable":true,"href":"https:\/\/eltrabajo.cl\/portal\/wp-json\/wp\/v2\/users\/482"}],"replies":[{"embeddable":true,"href":"https:\/\/eltrabajo.cl\/portal\/wp-json\/wp\/v2\/comments?post=39333"}],"version-history":[{"count":0,"href":"https:\/\/eltrabajo.cl\/portal\/wp-json\/wp\/v2\/posts\/39333\/revisions"}],"wp:featuredmedia":[{"embeddable":true,"href":"https:\/\/eltrabajo.cl\/portal\/wp-json\/wp\/v2\/media\/39334"}],"wp:attachment":[{"href":"https:\/\/eltrabajo.cl\/portal\/wp-json\/wp\/v2\/media?parent=39333"}],"wp:term":[{"taxonomy":"category","embeddable":true,"href":"https:\/\/eltrabajo.cl\/portal\/wp-json\/wp\/v2\/categories?post=39333"},{"taxonomy":"post_tag","embeddable":true,"href":"https:\/\/eltrabajo.cl\/portal\/wp-json\/wp\/v2\/tags?post=39333"}],"curies":[{"name":"wp","href":"https:\/\/api.w.org\/{rel}","templated":true}]}}