{"id":39336,"date":"2013-11-07T09:57:49","date_gmt":"2013-11-07T12:57:49","guid":{"rendered":"http:\/\/www.eltrabajo.cl\/portal\/?p=39336"},"modified":"2013-11-07T09:57:49","modified_gmt":"2013-11-07T12:57:49","slug":"estadio-municipal-no-sera-facilitado-este-fin-de-semana-para-partido-del-uni-uni","status":"publish","type":"post","link":"https:\/\/eltrabajo.cl\/portal\/estadio-municipal-no-sera-facilitado-este-fin-de-semana-para-partido-del-uni-uni\/","title":{"rendered":"Estadio Municipal no ser\u00e1 facilitado este fin de semana para partido del Un\u00ed Un\u00ed"},"content":{"rendered":"<figure id=\"attachment_39337\" aria-describedby=\"caption-attachment-39337\" style=\"width: 529px\" class=\"wp-caption alignnone\"><a href=\"https:\/\/i0.wp.com\/www.eltrabajo.cl\/portal\/wp-content\/uploads\/2013\/11\/estadio-1.jpg\"><img data-recalc-dims=\"1\" loading=\"lazy\" decoding=\"async\" class=\"size-full wp-image-39337\" title=\"Como consecuencia de la decisi\u00f3n de los alcaldes de la regi\u00f3n, Uni\u00f3n San Felipe no podr\u00e1 jugar en el municipal este fin de semana, como estaba programado.\" alt=\"Como consecuencia de la decisi\u00f3n de los alcaldes de la regi\u00f3n, Uni\u00f3n San Felipe no podr\u00e1 jugar en el municipal este fin de semana, como estaba programado.\" src=\"https:\/\/i0.wp.com\/www.eltrabajo.cl\/portal\/wp-content\/uploads\/2013\/11\/estadio-1.jpg?resize=529%2C334\" width=\"529\" height=\"334\" srcset=\"https:\/\/i0.wp.com\/eltrabajo.cl\/portal\/wp-content\/uploads\/2013\/11\/estadio-1.jpg?w=529&amp;ssl=1 529w, https:\/\/i0.wp.com\/eltrabajo.cl\/portal\/wp-content\/uploads\/2013\/11\/estadio-1.jpg?resize=200%2C126&amp;ssl=1 200w, https:\/\/i0.wp.com\/eltrabajo.cl\/portal\/wp-content\/uploads\/2013\/11\/estadio-1.jpg?resize=300%2C189&amp;ssl=1 300w, https:\/\/i0.wp.com\/eltrabajo.cl\/portal\/wp-content\/uploads\/2013\/11\/estadio-1.jpg?resize=150%2C94&amp;ssl=1 150w, https:\/\/i0.wp.com\/eltrabajo.cl\/portal\/wp-content\/uploads\/2013\/11\/estadio-1.jpg?resize=400%2C252&amp;ssl=1 400w\" sizes=\"auto, (max-width: 529px) 100vw, 529px\" \/><\/a><figcaption id=\"caption-attachment-39337\" class=\"wp-caption-text\">Como consecuencia de la decisi\u00f3n de los alcaldes de la regi\u00f3n, Uni\u00f3n San Felipe no podr\u00e1 jugar en el municipal este fin de semana, como estaba programado.<\/figcaption><\/figure>\n<ul>\n<li><strong>Alcaldes de la regi\u00f3n tomaron la decisi\u00f3n de no prestar los estadios, incluido San Felipe, en apoyo a los funcionarios municipales en paro.<\/strong><\/li>\n<\/ul>\n<p>Tras una reuni\u00f3n realizada ayer en Valpara\u00edso, con la presencia del presidente de la Asociaci\u00f3n Chilena de Municipalidades, Santiago Rebolledo, los alcaldes de la regi\u00f3n acordaron no facilitar los estadios municipales para el f\u00fatbol profesional este fin de semana, lo que incluye al Estadio Municipal de San Felipe.<\/p>\n<p>La medida va en adhesi\u00f3n al paro de los funcionarios municipales, como una manera de hacer presi\u00f3n al gobierno para que destrabe cuanto antes este conflicto, responda a las demandas de los trabajadores y de paso se demuestre que el paro de este sector complica una serie de aspectos cotidianos, como es el uso de un estadio para un partido de f\u00fatbol.<\/p>\n<p>En este sentido, el alcalde Patricio Freire manifest\u00f3 que la situaci\u00f3n en San Felipe como en la regi\u00f3n es muy delicada a prop\u00f3sito de este paro nacional, por lo que se sum\u00f3 al llamado que hizo Santiago Rebolledo al gobierno, para que se resuelva de una vez por todas este conflicto.<\/p>\n<p>En tanto, el presidente de la Asociaci\u00f3n de Empleados Municipales (Asemuch) de San Felipe, Vladimir Tapia, valor\u00f3 sobremanera el acuerdo de los alcaldes de la regi\u00f3n en cuanto a apoyar las demandas del sector que \u00e9l representa en la comuna. \u201cPor primera vez en el municipalismo chileno hemos sido testigos de un acuerdo transversal en t\u00e9rminos de apoyo a nuestra posici\u00f3n de reivindicaciones salariales de todos los alcaldes de la Quinta Regi\u00f3n, cordillera y costa\u201d, se\u00f1al\u00f3.<\/p>\n<p>El protocolo firmado por los alcaldes, donde expresan su respaldo a los funcionarios municipales, se\u00f1ala b\u00e1sicamente el apoyo irrestricto al movimiento de Asemuch, as\u00ed como su deseo de acompa\u00f1arles hasta las \u00faltimas consecuencias.<\/p>\n<p>\u201cPara nosotros esto es muy importante porque el movimiento est\u00e1 tomando una fuerza insospechada y nos est\u00e1 dando la raz\u00f3n en cuanto a lo que son nuestras demandas\u201d, manifest\u00f3 el dirigente, quien destac\u00f3 la decisi\u00f3n de las autoridades comunales de no prestar los estadios municipales para jugar f\u00fatbol profesional este fin de semana.<\/p>\n<p>\u201cEsto fue a iniciativa del alcalde Patricio Freire de San Felipe y de Luis Mella de Quillota, donde los alcaldes de la Quinta Regi\u00f3n se comprometen a no facilitar ning\u00fan estadio de propiedad municipal para que sea usado por el f\u00fatbol profesional de Primera A y Primera B. Adem\u00e1s de no descartar tomar otras medidas de esta \u00edndole si no hay un acuerdo de los funcionarios con el Gobierno\u201d, puntualiz\u00f3.<\/p>\n<p>De esta manera, en el caso de San Felipe, el Un\u00ed Un\u00ed ten\u00eda programada fecha de local con Coquimbo, sin que se haya informado cu\u00e1l ser\u00e1 la medida que se adoptar\u00e1 frente a esta contingencia.<\/p>\n<p>&nbsp;<\/p>\n","protected":false},"excerpt":{"rendered":"<p>Alcaldes de la regi\u00f3n tomaron la decisi\u00f3n de no prestar los estadios, incluido San Felipe, en apoyo a los funcionarios municipales en paro. Tras una reuni\u00f3n realizada ayer en Valpara\u00edso, con la&#8230;<\/p>\n","protected":false},"author":482,"featured_media":39337,"comment_status":"open","ping_status":"closed","sticky":false,"template":"","format":"standard","meta":{"advanced_seo_description":"","jetpack_seo_html_title":"","jetpack_seo_noindex":false,"_jetpack_memberships_contains_paid_content":false,"footnotes":""},"categories":[1],"tags":[],"class_list":["post-39336","post","type-post","status-publish","format-standard","has-post-thumbnail","hentry","category-cronica"],"jetpack_featured_media_url":"https:\/\/i0.wp.com\/eltrabajo.cl\/portal\/wp-content\/uploads\/2013\/11\/estadio-1.jpg?fit=529%2C334&ssl=1","jetpack_sharing_enabled":true,"jetpack_likes_enabled":true,"jetpack-related-posts":[],"_links":{"self":[{"href":"https:\/\/eltrabajo.cl\/portal\/wp-json\/wp\/v2\/posts\/39336","targetHints":{"allow":["GET"]}}],"collection":[{"href":"https:\/\/eltrabajo.cl\/portal\/wp-json\/wp\/v2\/posts"}],"about":[{"href":"https:\/\/eltrabajo.cl\/portal\/wp-json\/wp\/v2\/types\/post"}],"author":[{"embeddable":true,"href":"https:\/\/eltrabajo.cl\/portal\/wp-json\/wp\/v2\/users\/482"}],"replies":[{"embeddable":true,"href":"https:\/\/eltrabajo.cl\/portal\/wp-json\/wp\/v2\/comments?post=39336"}],"version-history":[{"count":0,"href":"https:\/\/eltrabajo.cl\/portal\/wp-json\/wp\/v2\/posts\/39336\/revisions"}],"wp:featuredmedia":[{"embeddable":true,"href":"https:\/\/eltrabajo.cl\/portal\/wp-json\/wp\/v2\/media\/39337"}],"wp:attachment":[{"href":"https:\/\/eltrabajo.cl\/portal\/wp-json\/wp\/v2\/media?parent=39336"}],"wp:term":[{"taxonomy":"category","embeddable":true,"href":"https:\/\/eltrabajo.cl\/portal\/wp-json\/wp\/v2\/categories?post=39336"},{"taxonomy":"post_tag","embeddable":true,"href":"https:\/\/eltrabajo.cl\/portal\/wp-json\/wp\/v2\/tags?post=39336"}],"curies":[{"name":"wp","href":"https:\/\/api.w.org\/{rel}","templated":true}]}}