{"id":39345,"date":"2013-11-07T10:04:38","date_gmt":"2013-11-07T13:04:38","guid":{"rendered":"http:\/\/www.eltrabajo.cl\/portal\/?p=39345"},"modified":"2013-11-07T10:04:38","modified_gmt":"2013-11-07T13:04:38","slug":"en-consultorios-entregaran-informe-social-a-postulantes-a-becas-estudiantiles","status":"publish","type":"post","link":"https:\/\/eltrabajo.cl\/portal\/en-consultorios-entregaran-informe-social-a-postulantes-a-becas-estudiantiles\/","title":{"rendered":"En consultorios entregar\u00e1n informe social a postulantes a becas estudiantiles"},"content":{"rendered":"<figure id=\"attachment_39346\" aria-describedby=\"caption-attachment-39346\" style=\"width: 317px\" class=\"wp-caption alignleft\"><a href=\"https:\/\/i0.wp.com\/www.eltrabajo.cl\/portal\/wp-content\/uploads\/2013\/11\/pablo-silva-dideco.jpg\"><img data-recalc-dims=\"1\" loading=\"lazy\" decoding=\"async\" class=\" wp-image-39346 \" title=\"Pablo Silva, director de Desarrollo Comunitario, manifest\u00f3 que los casos sociales m\u00e1s urgentes, como la entrega de pa\u00f1ales, se est\u00e1n atendiendo.\" alt=\"Pablo Silva, director de Desarrollo Comunitario, manifest\u00f3 que los casos sociales m\u00e1s urgentes, como la entrega de pa\u00f1ales, se est\u00e1n atendiendo.\" src=\"https:\/\/i0.wp.com\/www.eltrabajo.cl\/portal\/wp-content\/uploads\/2013\/11\/pablo-silva-dideco.jpg?resize=317%2C298\" width=\"317\" height=\"298\" srcset=\"https:\/\/i0.wp.com\/eltrabajo.cl\/portal\/wp-content\/uploads\/2013\/11\/pablo-silva-dideco.jpg?w=529&amp;ssl=1 529w, https:\/\/i0.wp.com\/eltrabajo.cl\/portal\/wp-content\/uploads\/2013\/11\/pablo-silva-dideco.jpg?resize=159%2C150&amp;ssl=1 159w, https:\/\/i0.wp.com\/eltrabajo.cl\/portal\/wp-content\/uploads\/2013\/11\/pablo-silva-dideco.jpg?resize=300%2C281&amp;ssl=1 300w, https:\/\/i0.wp.com\/eltrabajo.cl\/portal\/wp-content\/uploads\/2013\/11\/pablo-silva-dideco.jpg?resize=150%2C140&amp;ssl=1 150w, https:\/\/i0.wp.com\/eltrabajo.cl\/portal\/wp-content\/uploads\/2013\/11\/pablo-silva-dideco.jpg?resize=400%2C375&amp;ssl=1 400w\" sizes=\"auto, (max-width: 317px) 100vw, 317px\" \/><\/a><figcaption id=\"caption-attachment-39346\" class=\"wp-caption-text\">Pablo Silva, director de Desarrollo Comunitario, manifest\u00f3 que los casos sociales m\u00e1s urgentes, como la entrega de pa\u00f1ales, se est\u00e1n atendiendo.<\/figcaption><\/figure>\n<p>Este 11 de noviembre vence el plazo para postular a las distintas becas estudiantiles que se ofrecen, sobre todo para la consecuci\u00f3n de estudios superiores, y los interesados, para acceder a este beneficio, deben presentar un informe social derivado de la Ficha de Protecci\u00f3n Social, instrumento que manejan los municipios.<\/p>\n<p>Debido al paro de los municipales, el \u00e1rea social de la municipalidad de San Felipe no est\u00e1 atendiendo, pero en virtud del cumplimiento de los plazos, es que la Direcci\u00f3n de Desarrollo Comunitario (DIDECO) ha dispuesto que los profesionales del \u00e1rea social de los consultorios, entreguen los correspondientes informes a los estudiantes, lo que les permitir\u00e1 postular en plazo y forma.<\/p>\n<p>As\u00ed lo dio a conocer el jefe de la Dideco en San Felipe, Pablo Silva, quien manifest\u00f3 que se ha dispuesto un plan de contingencia, generando una alianza estrat\u00e9gica con los profesionales de los consultorios de la comuna, donde pueden solicitar a los asistentes sociales de esos establecimientos de salud, el informe de la ficha de protecci\u00f3n social.<\/p>\n<p>Explic\u00f3 el profesional que son muchos los j\u00f3venes que postulan a beneficios, por lo que a aquellas personas que se han acercado a la Dideco, se les ha derivado a los Cesfam para que realicen este tr\u00e1mite.<\/p>\n<p>&nbsp;<\/p>\n<p><strong>SERVICIOS SOCIALES<\/strong><\/p>\n<p>Pablo Silva reconoci\u00f3 que ha sido mucha la gente que ha llegado a las dependencias de calle Salinas, a realizar tr\u00e1mites, siendo atendidos los casos m\u00e1s urgentes, en el marco de un turno \u00e9tico que se mantiene.<\/p>\n<p>En este contexto, asever\u00f3 que la entrega de pa\u00f1ales, que es una necesidad muy sentida de la comunidad, no ha cesado, a pesar de la paralizaci\u00f3n de los empleados municipales.<\/p>\n<p>\u201cNosotros le pedimos disculpas a la comunidad, porque esta es una contingencia nacional, en tanto estamos desarrollando turnos \u00e9ticos, por lo tanto hay situaciones que atendemos por razones obvias, como por ejemplo la entrega de pa\u00f1ales, que es muy importante para las familias, as\u00ed como otros casos que evaluamos con los vecinos que golpean nuestra puerta\u201d, manifest\u00f3 el profesional.<\/p>\n<p>En todo caso, manifest\u00f3 que la oficina de Ficha Social, ubicada en San Mart\u00edn casi esquina de Traslavi\u00f1a, se encuentra en paro, mientras que la Omil, que atiende en ese mismo lugar, mantiene un turno \u00e9tico, ya que sus funcionarios no son municipales, pues los dineros que financian estos programas son de Gobierno.<\/p>\n<p>&nbsp;<\/p>\n","protected":false},"excerpt":{"rendered":"<p>Este 11 de noviembre vence el plazo para postular a las distintas becas estudiantiles que se ofrecen, sobre todo para la consecuci\u00f3n de estudios superiores, y los interesados, para acceder a este&#8230;<\/p>\n","protected":false},"author":482,"featured_media":39346,"comment_status":"open","ping_status":"closed","sticky":false,"template":"","format":"standard","meta":{"advanced_seo_description":"","jetpack_seo_html_title":"","jetpack_seo_noindex":false,"_jetpack_memberships_contains_paid_content":false,"footnotes":""},"categories":[1],"tags":[],"class_list":["post-39345","post","type-post","status-publish","format-standard","has-post-thumbnail","hentry","category-cronica"],"jetpack_featured_media_url":"https:\/\/i0.wp.com\/eltrabajo.cl\/portal\/wp-content\/uploads\/2013\/11\/pablo-silva-dideco.jpg?fit=529%2C497&ssl=1","jetpack_sharing_enabled":true,"jetpack_likes_enabled":true,"jetpack-related-posts":[],"_links":{"self":[{"href":"https:\/\/eltrabajo.cl\/portal\/wp-json\/wp\/v2\/posts\/39345","targetHints":{"allow":["GET"]}}],"collection":[{"href":"https:\/\/eltrabajo.cl\/portal\/wp-json\/wp\/v2\/posts"}],"about":[{"href":"https:\/\/eltrabajo.cl\/portal\/wp-json\/wp\/v2\/types\/post"}],"author":[{"embeddable":true,"href":"https:\/\/eltrabajo.cl\/portal\/wp-json\/wp\/v2\/users\/482"}],"replies":[{"embeddable":true,"href":"https:\/\/eltrabajo.cl\/portal\/wp-json\/wp\/v2\/comments?post=39345"}],"version-history":[{"count":0,"href":"https:\/\/eltrabajo.cl\/portal\/wp-json\/wp\/v2\/posts\/39345\/revisions"}],"wp:featuredmedia":[{"embeddable":true,"href":"https:\/\/eltrabajo.cl\/portal\/wp-json\/wp\/v2\/media\/39346"}],"wp:attachment":[{"href":"https:\/\/eltrabajo.cl\/portal\/wp-json\/wp\/v2\/media?parent=39345"}],"wp:term":[{"taxonomy":"category","embeddable":true,"href":"https:\/\/eltrabajo.cl\/portal\/wp-json\/wp\/v2\/categories?post=39345"},{"taxonomy":"post_tag","embeddable":true,"href":"https:\/\/eltrabajo.cl\/portal\/wp-json\/wp\/v2\/tags?post=39345"}],"curies":[{"name":"wp","href":"https:\/\/api.w.org\/{rel}","templated":true}]}}