{"id":39364,"date":"2013-11-08T10:02:27","date_gmt":"2013-11-08T13:02:27","guid":{"rendered":"http:\/\/www.eltrabajo.cl\/portal\/?p=39364"},"modified":"2013-11-08T10:09:29","modified_gmt":"2013-11-08T13:09:29","slug":"alcaldes-apoyan-transversalmente-a-funcionarios-municipales-paralizados","status":"publish","type":"post","link":"https:\/\/eltrabajo.cl\/portal\/alcaldes-apoyan-transversalmente-a-funcionarios-municipales-paralizados\/","title":{"rendered":"Alcaldes apoyan transversalmente a funcionarios municipales paralizados"},"content":{"rendered":"<figure id=\"attachment_39365\" aria-describedby=\"caption-attachment-39365\" style=\"width: 528px\" class=\"wp-caption alignnone\"><a href=\"https:\/\/i0.wp.com\/www.eltrabajo.cl\/portal\/wp-content\/uploads\/2013\/11\/reunion-alcaldes-y-funcionarios-municipales.jpg\"><img data-recalc-dims=\"1\" loading=\"lazy\" decoding=\"async\" class=\"size-full wp-image-39365\" title=\"Este mi\u00e9rcoles en Valpara\u00edso se reunieron los alcaldes con los funcionarios municipales de la Quinta Regi\u00f3n.\" alt=\"Este mi\u00e9rcoles en Valpara\u00edso se reunieron los alcaldes con los funcionarios municipales de la Quinta Regi\u00f3n.\" src=\"https:\/\/i0.wp.com\/www.eltrabajo.cl\/portal\/wp-content\/uploads\/2013\/11\/reunion-alcaldes-y-funcionarios-municipales.jpg?resize=528%2C329\" width=\"528\" height=\"329\" srcset=\"https:\/\/i0.wp.com\/eltrabajo.cl\/portal\/wp-content\/uploads\/2013\/11\/reunion-alcaldes-y-funcionarios-municipales.jpg?w=528&amp;ssl=1 528w, https:\/\/i0.wp.com\/eltrabajo.cl\/portal\/wp-content\/uploads\/2013\/11\/reunion-alcaldes-y-funcionarios-municipales.jpg?resize=200%2C124&amp;ssl=1 200w, https:\/\/i0.wp.com\/eltrabajo.cl\/portal\/wp-content\/uploads\/2013\/11\/reunion-alcaldes-y-funcionarios-municipales.jpg?resize=300%2C186&amp;ssl=1 300w, https:\/\/i0.wp.com\/eltrabajo.cl\/portal\/wp-content\/uploads\/2013\/11\/reunion-alcaldes-y-funcionarios-municipales.jpg?resize=150%2C93&amp;ssl=1 150w, https:\/\/i0.wp.com\/eltrabajo.cl\/portal\/wp-content\/uploads\/2013\/11\/reunion-alcaldes-y-funcionarios-municipales.jpg?resize=400%2C249&amp;ssl=1 400w\" sizes=\"auto, (max-width: 528px) 100vw, 528px\" \/><\/a><figcaption id=\"caption-attachment-39365\" class=\"wp-caption-text\">Este mi\u00e9rcoles en Valpara\u00edso se reunieron los alcaldes con los funcionarios municipales de la Quinta Regi\u00f3n.<\/figcaption><\/figure>\n<p>Los Alcaldes de la Quinta Regi\u00f3n entregaron, de manera transversal, su apoyo a los funcionarios municipales que se encuentran paralizados hace ya tres semanas, con los cuales se reunieron este mi\u00e9rcoles en Valpara\u00edso firmando un documento de compromiso con sus demandas.<\/p>\n<p>El apoyo expresado por los jefes comunales a los funcionarios de toda la regi\u00f3n que se mantienen paralizados, fue calificado como un hecho hist\u00f3rico por Vladimir Tapia, presidente de Asemuch San Felipe, argumentando que las demandas que est\u00e1n realizando se han mantenido por alrededor de 30 a\u00f1os sin respuesta.<\/p>\n<p>\u201cManifestar nuestro reconocimiento a los ediles de la regi\u00f3n y a nuestro Alcalde Patricio Freire, que siempre nos ha manifestado su apoyo a nuestras demandas, hemos sido testigos de un hecho hist\u00f3rico a nivel nacional, esta unidad que se est\u00e1 manifestando, este compromiso entre los alcaldes y funcionarios de llevar este movimiento hasta las \u00faltimas consecuencias, nunca se hab\u00eda producido y sentimos que con mayor fuerza nuestras demandas son de justicia, para no sentirnos m\u00e1s como funcionarios de tercera categor\u00eda\u201d, dijo el dirigente.<\/p>\n<p>La reuni\u00f3n se prolong\u00f3 por m\u00e1s de dos horas, tiempo durante el cual se firm\u00f3 un documento compromiso con varios puntos.<\/p>\n<p>\u201cEsta reuni\u00f3n fue muy positiva, donde estuvimos todos los alcaldes de la Quinta Regi\u00f3n y permite tener una sola voz para solucionar la desigualdad que existe en la Administraci\u00f3n P\u00fablica. Los funcionarios est\u00e1n dando una lucha justa, para que la planta aumente como debiera ser\u201d, dijo el Alcalde Patricio Freire.<\/p>\n<p>Adem\u00e1s explic\u00f3 que uno de los puntos del documento firmado establec\u00eda no facilitar los estadios de la regi\u00f3n para la realizaci\u00f3n del f\u00fatbol profesional.<\/p>\n<p>\u201cEspero que la gente nos comprenda, porque estas medidas son necesarias de hacer, y que los hinchas entiendan que esta medida es para solucionar de una vez por todas este problema tan importante para los municipios de todo el pa\u00eds\u201d, acot\u00f3 el edil.<\/p>\n<p>Frente a la paralizaci\u00f3n, Vladimir Tapia hizo un llamado a la comprensi\u00f3n a la comunidad, ya que, seg\u00fan dijo, este paro es un llamado de atenci\u00f3n al gobierno para que resuelva la situaci\u00f3n que se viene arrastrando por muchos a\u00f1os, seg\u00fan manifest\u00f3.<\/p>\n","protected":false},"excerpt":{"rendered":"<p>Los Alcaldes de la Quinta Regi\u00f3n entregaron, de manera transversal, su apoyo a los funcionarios municipales que se encuentran paralizados hace ya tres semanas, con los cuales se reunieron este mi\u00e9rcoles en&#8230;<\/p>\n","protected":false},"author":482,"featured_media":39365,"comment_status":"open","ping_status":"closed","sticky":false,"template":"","format":"standard","meta":{"advanced_seo_description":"","jetpack_seo_html_title":"","jetpack_seo_noindex":false,"_jetpack_memberships_contains_paid_content":false,"footnotes":""},"categories":[1],"tags":[],"class_list":["post-39364","post","type-post","status-publish","format-standard","has-post-thumbnail","hentry","category-cronica"],"jetpack_featured_media_url":"https:\/\/i0.wp.com\/eltrabajo.cl\/portal\/wp-content\/uploads\/2013\/11\/reunion-alcaldes-y-funcionarios-municipales.jpg?fit=528%2C329&ssl=1","jetpack_sharing_enabled":true,"jetpack_likes_enabled":true,"jetpack-related-posts":[],"_links":{"self":[{"href":"https:\/\/eltrabajo.cl\/portal\/wp-json\/wp\/v2\/posts\/39364","targetHints":{"allow":["GET"]}}],"collection":[{"href":"https:\/\/eltrabajo.cl\/portal\/wp-json\/wp\/v2\/posts"}],"about":[{"href":"https:\/\/eltrabajo.cl\/portal\/wp-json\/wp\/v2\/types\/post"}],"author":[{"embeddable":true,"href":"https:\/\/eltrabajo.cl\/portal\/wp-json\/wp\/v2\/users\/482"}],"replies":[{"embeddable":true,"href":"https:\/\/eltrabajo.cl\/portal\/wp-json\/wp\/v2\/comments?post=39364"}],"version-history":[{"count":0,"href":"https:\/\/eltrabajo.cl\/portal\/wp-json\/wp\/v2\/posts\/39364\/revisions"}],"wp:featuredmedia":[{"embeddable":true,"href":"https:\/\/eltrabajo.cl\/portal\/wp-json\/wp\/v2\/media\/39365"}],"wp:attachment":[{"href":"https:\/\/eltrabajo.cl\/portal\/wp-json\/wp\/v2\/media?parent=39364"}],"wp:term":[{"taxonomy":"category","embeddable":true,"href":"https:\/\/eltrabajo.cl\/portal\/wp-json\/wp\/v2\/categories?post=39364"},{"taxonomy":"post_tag","embeddable":true,"href":"https:\/\/eltrabajo.cl\/portal\/wp-json\/wp\/v2\/tags?post=39364"}],"curies":[{"name":"wp","href":"https:\/\/api.w.org\/{rel}","templated":true}]}}