{"id":39367,"date":"2013-11-08T09:58:59","date_gmt":"2013-11-08T12:58:59","guid":{"rendered":"http:\/\/www.eltrabajo.cl\/portal\/?p=39367"},"modified":"2013-11-08T09:58:59","modified_gmt":"2013-11-08T12:58:59","slug":"orquesta-juvenil-viaja-hoy-a-punta-arenas-y-torres-del-paine","status":"publish","type":"post","link":"https:\/\/eltrabajo.cl\/portal\/orquesta-juvenil-viaja-hoy-a-punta-arenas-y-torres-del-paine\/","title":{"rendered":"Orquesta Juvenil viaja hoy a Punta Arenas y Torres Del Paine"},"content":{"rendered":"<figure id=\"attachment_39368\" aria-describedby=\"caption-attachment-39368\" style=\"width: 529px\" class=\"wp-caption alignnone\"><a href=\"https:\/\/i0.wp.com\/www.eltrabajo.cl\/portal\/wp-content\/uploads\/2013\/11\/orquesta1.jpg\"><img data-recalc-dims=\"1\" loading=\"lazy\" decoding=\"async\" class=\"size-full wp-image-39368\" title=\"Los j\u00f3venes m\u00fasicos posaron para las c\u00e1maras de Diario El Trabajo, antes de emprender la gira \u2018Del Aconcagua a Magallanes\u2019, que se est\u00e1 desarrollando en estos momentos.\" alt=\"Los j\u00f3venes m\u00fasicos posaron para las c\u00e1maras de Diario El Trabajo, antes de emprender la gira \u2018Del Aconcagua a Magallanes\u2019, que se est\u00e1 desarrollando en estos momentos.\" src=\"https:\/\/i0.wp.com\/www.eltrabajo.cl\/portal\/wp-content\/uploads\/2013\/11\/orquesta1.jpg?resize=529%2C397\" width=\"529\" height=\"397\" srcset=\"https:\/\/i0.wp.com\/eltrabajo.cl\/portal\/wp-content\/uploads\/2013\/11\/orquesta1.jpg?w=529&amp;ssl=1 529w, https:\/\/i0.wp.com\/eltrabajo.cl\/portal\/wp-content\/uploads\/2013\/11\/orquesta1.jpg?resize=200%2C150&amp;ssl=1 200w, https:\/\/i0.wp.com\/eltrabajo.cl\/portal\/wp-content\/uploads\/2013\/11\/orquesta1.jpg?resize=300%2C225&amp;ssl=1 300w, https:\/\/i0.wp.com\/eltrabajo.cl\/portal\/wp-content\/uploads\/2013\/11\/orquesta1.jpg?resize=150%2C112&amp;ssl=1 150w, https:\/\/i0.wp.com\/eltrabajo.cl\/portal\/wp-content\/uploads\/2013\/11\/orquesta1.jpg?resize=400%2C300&amp;ssl=1 400w\" sizes=\"auto, (max-width: 529px) 100vw, 529px\" \/><\/a><figcaption id=\"caption-attachment-39368\" class=\"wp-caption-text\">Los j\u00f3venes m\u00fasicos posaron para las c\u00e1maras de Diario El Trabajo, antes de emprender la gira \u2018Del Aconcagua a Magallanes\u2019, que se est\u00e1 desarrollando en estos momentos.<\/figcaption><\/figure>\n<ul>\n<li><strong>Los m\u00fasicos aconcag\u00fcinos est\u00e1n que no caben de contentos con esta gira, pues para muchos de ellos es su primera experiencia de viaje en sus vidas.<\/strong><\/li>\n<\/ul>\n<p>Son 30 personas las que integran la comitiva art\u00edstica de la Orquesta Juvenil de Santa Mar\u00eda, compuesta por 27 m\u00fasicos y tres apoderados a cargo de la gira \u2018Del Aconcagua a Magallanes\u2019, gesta de cinco d\u00edas en la que se embarcaron estos j\u00f3venes estudiantes de varias escuelas de la comuna, y que les llevar\u00e1 hasta Punta Arenas, Puerto Natales y Torres del Paine, para presentar varios conciertos.<\/p>\n<p>&nbsp;<\/p>\n<p><strong>VOLANDO ALTO<\/strong><\/p>\n<p>Diario El Trabajo habl\u00f3 con Sergio Rojas, Administrador del Teatro Municipal de Santa Mar\u00eda, quien asegur\u00f3 a nuestro medio que \u00abesta gira se realiza gracias a que postulamos a los Fondos Concursables de la Fundaci\u00f3n de Orquestas Juveniles de Chile. Nuestra orquesta usa viol\u00edn, chelo, contrabajo, clarinete, flauta traversa y viola entre otros instrumentos de cuerdas y viento\u00bb, detall\u00f3 Rojas.<\/p>\n<p>Seg\u00fan lo inform\u00f3 el funcionario, es el gran director nacional de orquestas, Manuel Olivares Fierro, quien dirige este proyecto. \u00c9l, como director de la orquesta, da clases los d\u00edas mi\u00e9rcoles y s\u00e1bados, en esta orquesta participan ni\u00f1os de todos los sectores sociales, pues nadie cierra las puertas al saber.<\/p>\n<p>\u00abContamos con seis maestros de m\u00fasica para sacar adelante cada especialidad, por la distancia y la oportunidad de actuar tan lejos de nuestra comuna, estos peque\u00f1os est\u00e1n muy pero muy emocionados, pues algunos de ellos nunca han salido del Valle de Aconcagua por falta de recursos, por lo que esta gira los tiene en completa expectaci\u00f3n desde hace meses. Ojala que la disfruten\u00bb, se\u00f1al\u00f3 Sergio Rojas a Diario El Trabajo. Los j\u00f3venes salieron la noche de este jueves hacia Santiago, de donde salieron a las 02:00 horas en avi\u00f3n hasta Puerto Montt y regresar\u00e1n el martes.<\/p>\n<p>Roberto Gonz\u00e1lez Short<\/p>\n<p>rgonzalez@eltrabajo.cl<\/p>\n<p>&nbsp;<\/p>\n","protected":false},"excerpt":{"rendered":"<p>Los m\u00fasicos aconcag\u00fcinos est\u00e1n que no caben de contentos con esta gira, pues para muchos de ellos es su primera experiencia de viaje en sus vidas. Son 30 personas las que integran&#8230;<\/p>\n","protected":false},"author":482,"featured_media":39368,"comment_status":"open","ping_status":"closed","sticky":false,"template":"","format":"standard","meta":{"advanced_seo_description":"","jetpack_seo_html_title":"","jetpack_seo_noindex":false,"_jetpack_memberships_contains_paid_content":false,"footnotes":""},"categories":[15],"tags":[],"class_list":["post-39367","post","type-post","status-publish","format-standard","has-post-thumbnail","hentry","category-comunidad"],"jetpack_featured_media_url":"https:\/\/i0.wp.com\/eltrabajo.cl\/portal\/wp-content\/uploads\/2013\/11\/orquesta1.jpg?fit=529%2C397&ssl=1","jetpack_sharing_enabled":true,"jetpack_likes_enabled":true,"jetpack-related-posts":[],"_links":{"self":[{"href":"https:\/\/eltrabajo.cl\/portal\/wp-json\/wp\/v2\/posts\/39367","targetHints":{"allow":["GET"]}}],"collection":[{"href":"https:\/\/eltrabajo.cl\/portal\/wp-json\/wp\/v2\/posts"}],"about":[{"href":"https:\/\/eltrabajo.cl\/portal\/wp-json\/wp\/v2\/types\/post"}],"author":[{"embeddable":true,"href":"https:\/\/eltrabajo.cl\/portal\/wp-json\/wp\/v2\/users\/482"}],"replies":[{"embeddable":true,"href":"https:\/\/eltrabajo.cl\/portal\/wp-json\/wp\/v2\/comments?post=39367"}],"version-history":[{"count":0,"href":"https:\/\/eltrabajo.cl\/portal\/wp-json\/wp\/v2\/posts\/39367\/revisions"}],"wp:featuredmedia":[{"embeddable":true,"href":"https:\/\/eltrabajo.cl\/portal\/wp-json\/wp\/v2\/media\/39368"}],"wp:attachment":[{"href":"https:\/\/eltrabajo.cl\/portal\/wp-json\/wp\/v2\/media?parent=39367"}],"wp:term":[{"taxonomy":"category","embeddable":true,"href":"https:\/\/eltrabajo.cl\/portal\/wp-json\/wp\/v2\/categories?post=39367"},{"taxonomy":"post_tag","embeddable":true,"href":"https:\/\/eltrabajo.cl\/portal\/wp-json\/wp\/v2\/tags?post=39367"}],"curies":[{"name":"wp","href":"https:\/\/api.w.org\/{rel}","templated":true}]}}