{"id":39370,"date":"2013-11-08T10:00:55","date_gmt":"2013-11-08T13:00:55","guid":{"rendered":"http:\/\/www.eltrabajo.cl\/portal\/?p=39370"},"modified":"2013-11-08T10:01:46","modified_gmt":"2013-11-08T13:01:46","slug":"comerciantes-reclaman-por-kiosco-de-colombiana-a-la-entrada-de-parroquia","status":"publish","type":"post","link":"https:\/\/eltrabajo.cl\/portal\/comerciantes-reclaman-por-kiosco-de-colombiana-a-la-entrada-de-parroquia\/","title":{"rendered":"Comerciantes reclaman por kiosco de colombiana a la entrada de parroquia"},"content":{"rendered":"<figure id=\"attachment_39371\" aria-describedby=\"caption-attachment-39371\" style=\"width: 529px\" class=\"wp-caption alignnone\"><a href=\"https:\/\/i0.wp.com\/www.eltrabajo.cl\/portal\/wp-content\/uploads\/2013\/11\/kiosco1.jpg\"><img data-recalc-dims=\"1\" loading=\"lazy\" decoding=\"async\" class=\"size-full wp-image-39371\" title=\"Este es el kiosco de la discordia entre una micro-empresaria colombiano y varios comerciantes.\" alt=\"Este es el kiosco de la discordia entre una micro-empresaria colombiano y varios comerciantes.\" src=\"https:\/\/i0.wp.com\/www.eltrabajo.cl\/portal\/wp-content\/uploads\/2013\/11\/kiosco1.jpg?resize=529%2C353\" width=\"529\" height=\"353\" srcset=\"https:\/\/i0.wp.com\/eltrabajo.cl\/portal\/wp-content\/uploads\/2013\/11\/kiosco1.jpg?w=529&amp;ssl=1 529w, https:\/\/i0.wp.com\/eltrabajo.cl\/portal\/wp-content\/uploads\/2013\/11\/kiosco1.jpg?resize=200%2C133&amp;ssl=1 200w, https:\/\/i0.wp.com\/eltrabajo.cl\/portal\/wp-content\/uploads\/2013\/11\/kiosco1.jpg?resize=300%2C200&amp;ssl=1 300w, https:\/\/i0.wp.com\/eltrabajo.cl\/portal\/wp-content\/uploads\/2013\/11\/kiosco1.jpg?resize=150%2C100&amp;ssl=1 150w, https:\/\/i0.wp.com\/eltrabajo.cl\/portal\/wp-content\/uploads\/2013\/11\/kiosco1.jpg?resize=400%2C266&amp;ssl=1 400w\" sizes=\"auto, (max-width: 529px) 100vw, 529px\" \/><\/a><figcaption id=\"caption-attachment-39371\" class=\"wp-caption-text\">Este es el kiosco de la discordia entre una micro-empresaria colombiano y varios comerciantes.<\/figcaption><\/figure>\n<p><strong>LOS ANDES.-<\/strong> El Presidente del Sindicato de comerciantes de la v\u00eda p\u00fablica de Los Andes, Marcos Morales, expres\u00f3 la molestia del gremio por la instalaci\u00f3n de in kiosco para venta de jugos naturales a los pies de la torre de la iglesia Santa Rosa y que es de propiedad de una ciudadana colombiana. Morales reclam\u00f3 que en reuni\u00f3n con las autoridades municipales se hab\u00eda acordado no otorgar m\u00e1s permisos para ejercer en comercio en la v\u00eda p\u00fablica en el damero central de la ciudad y por ello est\u00e1n solicitando una reuni\u00f3n con el Alcalde Navarro para saber qui\u00e9n otorg\u00f3 ese permiso.<\/p>\n<figure id=\"attachment_39373\" aria-describedby=\"caption-attachment-39373\" style=\"width: 317px\" class=\"wp-caption alignright\"><a href=\"https:\/\/i0.wp.com\/www.eltrabajo.cl\/portal\/wp-content\/uploads\/2013\/11\/kiosco-colombiana1.jpg\"><img data-recalc-dims=\"1\" loading=\"lazy\" decoding=\"async\" class=\" wp-image-39373 \" title=\"Silvia Hern\u00e1ndez Sevillano mostr\u00f3 a Diario El Trabajo los supuestos permisos para trabajar en ese lugar.\" alt=\"Silvia Hern\u00e1ndez Sevillano mostr\u00f3 a Diario El Trabajo los supuestos permisos para trabajar en ese lugar.\" src=\"https:\/\/i0.wp.com\/www.eltrabajo.cl\/portal\/wp-content\/uploads\/2013\/11\/kiosco-colombiana1.jpg?resize=317%2C242\" width=\"317\" height=\"242\" srcset=\"https:\/\/i0.wp.com\/eltrabajo.cl\/portal\/wp-content\/uploads\/2013\/11\/kiosco-colombiana1.jpg?w=528&amp;ssl=1 528w, https:\/\/i0.wp.com\/eltrabajo.cl\/portal\/wp-content\/uploads\/2013\/11\/kiosco-colombiana1.jpg?resize=196%2C150&amp;ssl=1 196w, https:\/\/i0.wp.com\/eltrabajo.cl\/portal\/wp-content\/uploads\/2013\/11\/kiosco-colombiana1.jpg?resize=300%2C229&amp;ssl=1 300w, https:\/\/i0.wp.com\/eltrabajo.cl\/portal\/wp-content\/uploads\/2013\/11\/kiosco-colombiana1.jpg?resize=150%2C114&amp;ssl=1 150w, https:\/\/i0.wp.com\/eltrabajo.cl\/portal\/wp-content\/uploads\/2013\/11\/kiosco-colombiana1.jpg?resize=400%2C306&amp;ssl=1 400w\" sizes=\"auto, (max-width: 317px) 100vw, 317px\" \/><\/a><figcaption id=\"caption-attachment-39373\" class=\"wp-caption-text\">Silvia Hern\u00e1ndez Sevillano mostr\u00f3 a Diario El Trabajo los supuestos permisos para trabajar en ese lugar.<\/figcaption><\/figure>\n<p>El dirigente sostuvo que el kiosco es de dimensiones mucho mayores a las que supuestamente tiene autorizados el municipio para sus carros, ya que actualmente su gremio debe amoldarse a dos metros en circunstancias que sus carros miden 2,5 metros de largo y ellos est\u00e1 solicitando permiso por tres metros. Sin embargo, \u00e9ste kiosco excede largamente ese metraje y consider\u00f3 adem\u00e1s que afecta la visual de la torre de la iglesia que es un edificio \u00edcono del centro de la ciudad. Por ello, dijo que esperan tener una respuesta clara por parte del Alcalde Navarro, ya que el gremio se encuentra muy molesto con esta situaci\u00f3n.<\/p>\n<p>&nbsp;<\/p>\n<p><strong>SINO TRABAJA\u00a0PIERDE SU CASA<\/strong><\/p>\n<p>Ante estos comentarios, la due\u00f1a del cuestionado Kiosco se defiende y asegura que ella cuenta con los permisos del municipio, mientras sostuvo que el p\u00e1rroco de la Iglesia Santa Rosa la autoriz\u00f3. Silvia Hern\u00e1ndez Sevillano, cuyo kiosco instalado a los pies de la torre de la parroquia Santa Rosa, ha generado una ola de protestas tanto en el comercio establecido como en los ambulantes, se defendi\u00f3 de las cr\u00edticas argumentado que cuenta con los permisos correspondientes otorgados por el Alcalde Navarro y la autorizaci\u00f3n del P\u00e1rroco Vicente Montenegro.<\/p>\n<p>\u00abLos motivos por el cual el Padre Vicente me ha apoyado y el Sr. Alcalde, no es porque tenga bonita cara, que adem\u00e1s no la tengo, esto es por la necesidad que yo tengo tres hijos, uno que va a la Telet\u00f3n y los tres estudian, mi esposo es un jornalero, gana el M\u00ednimo y adem\u00e1s estamos pagando un cr\u00e9dito hipotecario de $180.000, y en este momento estamos atrasados y estoy a punto de perder mi casa\u00bb, se defendi\u00f3.<\/p>\n<p>La comerciante extrajera argument\u00f3 que cuenta con el permiso otorgado por el Alcalde Mauricio Navarro y el Kiosco se lo entreg\u00f3 el Fosis para que pudiera iniciar un micro-emprendimiento, \u00abya que esto lo tengo por necesidad, pues estoy a punto de quedarme en la calle con mis hijos\u00bb. Record\u00f3 que lleva casi 16 a\u00f1os viviendo en nuestro pa\u00eds y tiene tambi\u00e9n nacionalidad chilena, precisando que antes vend\u00eda jugos naturales en la plaza cuando se instalaban las diferentes ferias y pagaba impuestos como todo el resto de los comerciantes, \u00abpor lo que me extra\u00f1a que se ande diciendo que estoy exenta, porque ac\u00e1 en Chile nadie regala nada\u00bb.<\/p>\n<p>Critic\u00f3 a los ambulantes que muchas veces quieren trabajar poco y recibir, \u00abpues no trabajan, ni quieran trabajar, ni dejan que los dem\u00e1s trabajen, entonces es ese el problema\u00bb. Finalmente asegur\u00f3 que cuenta con los todos los permisos sanitarios en regla para vender estos jugos naturales.<\/p>\n<p>&nbsp;<\/p>\n","protected":false},"excerpt":{"rendered":"<p>LOS ANDES.- El Presidente del Sindicato de comerciantes de la v\u00eda p\u00fablica de Los Andes, Marcos Morales, expres\u00f3 la molestia del gremio por la instalaci\u00f3n de in kiosco para venta de jugos&#8230;<\/p>\n","protected":false},"author":482,"featured_media":39371,"comment_status":"open","ping_status":"closed","sticky":false,"template":"","format":"standard","meta":{"advanced_seo_description":"","jetpack_seo_html_title":"","jetpack_seo_noindex":false,"_jetpack_memberships_contains_paid_content":false,"footnotes":""},"categories":[15],"tags":[],"class_list":["post-39370","post","type-post","status-publish","format-standard","has-post-thumbnail","hentry","category-comunidad"],"jetpack_featured_media_url":"https:\/\/i0.wp.com\/eltrabajo.cl\/portal\/wp-content\/uploads\/2013\/11\/kiosco1.jpg?fit=529%2C353&ssl=1","jetpack_sharing_enabled":true,"jetpack_likes_enabled":true,"jetpack-related-posts":[],"_links":{"self":[{"href":"https:\/\/eltrabajo.cl\/portal\/wp-json\/wp\/v2\/posts\/39370","targetHints":{"allow":["GET"]}}],"collection":[{"href":"https:\/\/eltrabajo.cl\/portal\/wp-json\/wp\/v2\/posts"}],"about":[{"href":"https:\/\/eltrabajo.cl\/portal\/wp-json\/wp\/v2\/types\/post"}],"author":[{"embeddable":true,"href":"https:\/\/eltrabajo.cl\/portal\/wp-json\/wp\/v2\/users\/482"}],"replies":[{"embeddable":true,"href":"https:\/\/eltrabajo.cl\/portal\/wp-json\/wp\/v2\/comments?post=39370"}],"version-history":[{"count":0,"href":"https:\/\/eltrabajo.cl\/portal\/wp-json\/wp\/v2\/posts\/39370\/revisions"}],"wp:featuredmedia":[{"embeddable":true,"href":"https:\/\/eltrabajo.cl\/portal\/wp-json\/wp\/v2\/media\/39371"}],"wp:attachment":[{"href":"https:\/\/eltrabajo.cl\/portal\/wp-json\/wp\/v2\/media?parent=39370"}],"wp:term":[{"taxonomy":"category","embeddable":true,"href":"https:\/\/eltrabajo.cl\/portal\/wp-json\/wp\/v2\/categories?post=39370"},{"taxonomy":"post_tag","embeddable":true,"href":"https:\/\/eltrabajo.cl\/portal\/wp-json\/wp\/v2\/tags?post=39370"}],"curies":[{"name":"wp","href":"https:\/\/api.w.org\/{rel}","templated":true}]}}