{"id":39376,"date":"2013-11-08T10:03:37","date_gmt":"2013-11-08T13:03:37","guid":{"rendered":"http:\/\/www.eltrabajo.cl\/portal\/?p=39376"},"modified":"2013-11-08T10:03:37","modified_gmt":"2013-11-08T13:03:37","slug":"masiva-adhesion-de-funcionarios-publicos-al-paro-nacional-en-los-andes","status":"publish","type":"post","link":"https:\/\/eltrabajo.cl\/portal\/masiva-adhesion-de-funcionarios-publicos-al-paro-nacional-en-los-andes\/","title":{"rendered":"Masiva adhesi\u00f3n de funcionarios p\u00fablicos al paro nacional en Los Andes"},"content":{"rendered":"<figure id=\"attachment_39377\" aria-describedby=\"caption-attachment-39377\" style=\"width: 528px\" class=\"wp-caption alignnone\"><a href=\"https:\/\/i0.wp.com\/www.eltrabajo.cl\/portal\/wp-content\/uploads\/2013\/11\/paro-nov1.jpg\"><img data-recalc-dims=\"1\" loading=\"lazy\" decoding=\"async\" class=\"size-full wp-image-39377\" title=\"Una de las principales demandas es la mejora salarial de un 8,8%, pero el gobierno ofrece mucho menos.\" alt=\"Una de las principales demandas es la mejora salarial de un 8,8%, pero el gobierno ofrece mucho menos.\" src=\"https:\/\/i0.wp.com\/www.eltrabajo.cl\/portal\/wp-content\/uploads\/2013\/11\/paro-nov1.jpg?resize=528%2C291\" width=\"528\" height=\"291\" srcset=\"https:\/\/i0.wp.com\/eltrabajo.cl\/portal\/wp-content\/uploads\/2013\/11\/paro-nov1.jpg?w=528&amp;ssl=1 528w, https:\/\/i0.wp.com\/eltrabajo.cl\/portal\/wp-content\/uploads\/2013\/11\/paro-nov1.jpg?resize=200%2C110&amp;ssl=1 200w, https:\/\/i0.wp.com\/eltrabajo.cl\/portal\/wp-content\/uploads\/2013\/11\/paro-nov1.jpg?resize=300%2C165&amp;ssl=1 300w, https:\/\/i0.wp.com\/eltrabajo.cl\/portal\/wp-content\/uploads\/2013\/11\/paro-nov1.jpg?resize=150%2C82&amp;ssl=1 150w, https:\/\/i0.wp.com\/eltrabajo.cl\/portal\/wp-content\/uploads\/2013\/11\/paro-nov1.jpg?resize=400%2C220&amp;ssl=1 400w\" sizes=\"auto, (max-width: 528px) 100vw, 528px\" \/><\/a><figcaption id=\"caption-attachment-39377\" class=\"wp-caption-text\">Una de las principales demandas es la mejora salarial de un 8,8%, pero el gobierno ofrece mucho menos.<\/figcaption><\/figure>\n<p><strong>LOS ANDES.<\/strong>&#8211; Una adhesi\u00f3n cercana al cien por ciento logr\u00f3 la convocatoria a paro nacional de los empleados p\u00fablicos en la provincia de Los Andes, la que se sum\u00f3 tambi\u00e9n a la movilizaci\u00f3n de los profesores y de los funcionarios municipales.<\/p>\n<p>Los empleados fiscales demandan un incremento de sus salarios en un 8,8%, sin embargo la oferta del gobierno es mucho menor.<\/p>\n<p>La paralizaci\u00f3n de los empleados p\u00fablicos se extender\u00e1 hasta hoy viernes, generando con ello importantes contratiempos para los usuarios de los diferentes servicios.<\/p>\n<p>La gobernadora provincial Edith Quiroz, se\u00f1al\u00f3 que los funcionarios tienen el leg\u00edtimo derecho a manifestarse y de luchar por sus derechos, \u201cpero hay muchas cosas que naturalmente no las comparto, porque las instancias de di\u00e1logo no se dan en la calle, sino que en otras instancias o de lo contrario se pierden los objetivos, ya que estamos en una fecha muy sensible donde los aprovechamientos pol\u00edticos est\u00e1n a flor de piel y muchas veces estos trabajadores en sus justos derechos se ven empa\u00f1adas por este uso pol\u00edtico que no debiera existir\u201d.<\/p>\n<p>La autoridad provincial indic\u00f3 que en el complejo Los Libertadores est\u00e1n parados el Servicio Nacional de Aduanas y el SAG, \u201cpero estamos con algunos turnos \u00e9ticos que nos ha permitido mantener la atenci\u00f3n, tenemos seis puntos de atenci\u00f3n externos para veh\u00edculos menores, con atenci\u00f3n interna para buses y camiones en forma regular, pero no al cien por ciento de capacidad y el llamado a la paciencia a los usuarios\u201d.<\/p>\n<p>Agreg\u00f3 que algunos servicios en Los Andes tambi\u00e9n est\u00e1n parados, salvo algunos de ellos con turnos \u00e9ticos, \u201cpero la gobernaci\u00f3n est\u00e1 absolutamente normal y esperamos que se solucione todo los antes posible\u201d.<\/p>\n<p>&nbsp;<\/p>\n","protected":false},"excerpt":{"rendered":"<p>LOS ANDES.&#8211; Una adhesi\u00f3n cercana al cien por ciento logr\u00f3 la convocatoria a paro nacional de los empleados p\u00fablicos en la provincia de Los Andes, la que se sum\u00f3 tambi\u00e9n a la&#8230;<\/p>\n","protected":false},"author":482,"featured_media":39377,"comment_status":"open","ping_status":"closed","sticky":false,"template":"","format":"standard","meta":{"advanced_seo_description":"","jetpack_seo_html_title":"","jetpack_seo_noindex":false,"_jetpack_memberships_contains_paid_content":false,"footnotes":""},"categories":[1],"tags":[],"class_list":["post-39376","post","type-post","status-publish","format-standard","has-post-thumbnail","hentry","category-cronica"],"jetpack_featured_media_url":"https:\/\/i0.wp.com\/eltrabajo.cl\/portal\/wp-content\/uploads\/2013\/11\/paro-nov1.jpg?fit=528%2C291&ssl=1","jetpack_sharing_enabled":true,"jetpack_likes_enabled":true,"jetpack-related-posts":[],"_links":{"self":[{"href":"https:\/\/eltrabajo.cl\/portal\/wp-json\/wp\/v2\/posts\/39376","targetHints":{"allow":["GET"]}}],"collection":[{"href":"https:\/\/eltrabajo.cl\/portal\/wp-json\/wp\/v2\/posts"}],"about":[{"href":"https:\/\/eltrabajo.cl\/portal\/wp-json\/wp\/v2\/types\/post"}],"author":[{"embeddable":true,"href":"https:\/\/eltrabajo.cl\/portal\/wp-json\/wp\/v2\/users\/482"}],"replies":[{"embeddable":true,"href":"https:\/\/eltrabajo.cl\/portal\/wp-json\/wp\/v2\/comments?post=39376"}],"version-history":[{"count":0,"href":"https:\/\/eltrabajo.cl\/portal\/wp-json\/wp\/v2\/posts\/39376\/revisions"}],"wp:featuredmedia":[{"embeddable":true,"href":"https:\/\/eltrabajo.cl\/portal\/wp-json\/wp\/v2\/media\/39377"}],"wp:attachment":[{"href":"https:\/\/eltrabajo.cl\/portal\/wp-json\/wp\/v2\/media?parent=39376"}],"wp:term":[{"taxonomy":"category","embeddable":true,"href":"https:\/\/eltrabajo.cl\/portal\/wp-json\/wp\/v2\/categories?post=39376"},{"taxonomy":"post_tag","embeddable":true,"href":"https:\/\/eltrabajo.cl\/portal\/wp-json\/wp\/v2\/tags?post=39376"}],"curies":[{"name":"wp","href":"https:\/\/api.w.org\/{rel}","templated":true}]}}