{"id":39391,"date":"2013-11-08T10:15:37","date_gmt":"2013-11-08T13:15:37","guid":{"rendered":"http:\/\/www.eltrabajo.cl\/portal\/?p=39391"},"modified":"2013-11-08T10:15:37","modified_gmt":"2013-11-08T13:15:37","slug":"candidato-felipe-cuevas-reitera-llamado-a-realizar-campanas-limpias","status":"publish","type":"post","link":"https:\/\/eltrabajo.cl\/portal\/candidato-felipe-cuevas-reitera-llamado-a-realizar-campanas-limpias\/","title":{"rendered":"Candidato Felipe Cuevas reitera llamado a realizar campa\u00f1as limpias"},"content":{"rendered":"<figure id=\"attachment_39392\" aria-describedby=\"caption-attachment-39392\" style=\"width: 423px\" class=\"wp-caption alignleft\"><a href=\"https:\/\/i0.wp.com\/www.eltrabajo.cl\/portal\/wp-content\/uploads\/2013\/11\/felipe-cuevas-2.jpg\"><img data-recalc-dims=\"1\" loading=\"lazy\" decoding=\"async\" class=\" wp-image-39392 \" title=\"Felipe Cuevas manifest\u00f3 que si de protagonismo se trata, lo que \u00e9l busca es que sea por su trabajo con la gente.\" alt=\"Felipe Cuevas manifest\u00f3 que si de protagonismo se trata, lo que \u00e9l busca es que sea por su trabajo con la gente.\" src=\"https:\/\/i0.wp.com\/www.eltrabajo.cl\/portal\/wp-content\/uploads\/2013\/11\/felipe-cuevas-2.jpg?resize=423%2C318\" width=\"423\" height=\"318\" srcset=\"https:\/\/i0.wp.com\/eltrabajo.cl\/portal\/wp-content\/uploads\/2013\/11\/felipe-cuevas-2.jpg?w=529&amp;ssl=1 529w, https:\/\/i0.wp.com\/eltrabajo.cl\/portal\/wp-content\/uploads\/2013\/11\/felipe-cuevas-2.jpg?resize=200%2C150&amp;ssl=1 200w, https:\/\/i0.wp.com\/eltrabajo.cl\/portal\/wp-content\/uploads\/2013\/11\/felipe-cuevas-2.jpg?resize=300%2C225&amp;ssl=1 300w, https:\/\/i0.wp.com\/eltrabajo.cl\/portal\/wp-content\/uploads\/2013\/11\/felipe-cuevas-2.jpg?resize=150%2C112&amp;ssl=1 150w, https:\/\/i0.wp.com\/eltrabajo.cl\/portal\/wp-content\/uploads\/2013\/11\/felipe-cuevas-2.jpg?resize=400%2C300&amp;ssl=1 400w\" sizes=\"auto, (max-width: 423px) 100vw, 423px\" \/><\/a><figcaption id=\"caption-attachment-39392\" class=\"wp-caption-text\">Felipe Cuevas manifest\u00f3 que si de protagonismo se trata, lo que \u00e9l busca es que sea por su trabajo con la gente.<\/figcaption><\/figure>\n<p>Manifest\u00f3 que su af\u00e1n no es buscar protagonismo a trav\u00e9s de los ataques que ha sufrido, precisando que \u201cyo prefiero ganar protagonismo con mi trabajo, en la calle, con las personas y por las propuestas que estoy entregando\u201d.<\/p>\n<p>Lamentando lo que fue el robo de dos computadores que sufri\u00f3 en la sede de su comando, as\u00ed como el intento de robo de su veh\u00edculo, los rayados en la fachada del local que ocupa en calle Portus y la destrucci\u00f3n de sus palomas, el candidato a diputado UDI por el valle de Aconcagua, Felipe Cuevas, formul\u00f3 un llamado a los restantes aspirantes al parlamento, a realizar campa\u00f1as limpias, explicando que la comunidad est\u00e1 aburrida de la violencia y los ataques.<\/p>\n<p>En su sede, Cuevas dijo no entender c\u00f3mo se han ensa\u00f1ado con su candidatura, manifestando en todo caso que a pesar de esta serie de situaciones negativas que ha vivido, se queda con el cari\u00f1o de la gente que d\u00eda a d\u00eda respalda m\u00e1s su candidatura, lo que se refleja de paso en las encuestas.<\/p>\n<figure id=\"attachment_39393\" aria-describedby=\"caption-attachment-39393\" style=\"width: 317px\" class=\"wp-caption alignright\"><a href=\"https:\/\/i0.wp.com\/www.eltrabajo.cl\/portal\/wp-content\/uploads\/2013\/11\/mesones-vacios.jpg\"><img data-recalc-dims=\"1\" loading=\"lazy\" decoding=\"async\" class=\" wp-image-39393 \" title=\"Aqu\u00ed estaban los dos computadores que se utilizaban en las labores de programaci\u00f3n de la campa\u00f1a de Felipe Cuevas.\" alt=\"Aqu\u00ed estaban los dos computadores que se utilizaban en las labores de programaci\u00f3n de la campa\u00f1a de Felipe Cuevas.\" src=\"https:\/\/i0.wp.com\/www.eltrabajo.cl\/portal\/wp-content\/uploads\/2013\/11\/mesones-vacios.jpg?resize=317%2C238\" width=\"317\" height=\"238\" srcset=\"https:\/\/i0.wp.com\/eltrabajo.cl\/portal\/wp-content\/uploads\/2013\/11\/mesones-vacios.jpg?w=529&amp;ssl=1 529w, https:\/\/i0.wp.com\/eltrabajo.cl\/portal\/wp-content\/uploads\/2013\/11\/mesones-vacios.jpg?resize=200%2C150&amp;ssl=1 200w, https:\/\/i0.wp.com\/eltrabajo.cl\/portal\/wp-content\/uploads\/2013\/11\/mesones-vacios.jpg?resize=300%2C225&amp;ssl=1 300w, https:\/\/i0.wp.com\/eltrabajo.cl\/portal\/wp-content\/uploads\/2013\/11\/mesones-vacios.jpg?resize=150%2C112&amp;ssl=1 150w, https:\/\/i0.wp.com\/eltrabajo.cl\/portal\/wp-content\/uploads\/2013\/11\/mesones-vacios.jpg?resize=400%2C300&amp;ssl=1 400w\" sizes=\"auto, (max-width: 317px) 100vw, 317px\" \/><\/a><figcaption id=\"caption-attachment-39393\" class=\"wp-caption-text\">Aqu\u00ed estaban los dos computadores que se utilizaban en las labores de programaci\u00f3n de la campa\u00f1a de Felipe Cuevas.<\/figcaption><\/figure>\n<p>\u201cA m\u00ed me hab\u00edan dicho que las campa\u00f1as pol\u00edticas eran sucias, que ten\u00edan algunos componentes bastante negativos, yo por eso tom\u00e9 el desaf\u00edo de limpiar la pol\u00edtica, llam\u00e9 incluso a una campa\u00f1a limpia, pero parece que algunos candidatos hicieron caso omiso al acuerdo que hicimos y rompieron mi propaganda, pero eso para m\u00ed no es tema, hay situaciones m\u00e1s complejas como el robo de mi sede, el intento de robo de mi auto\u201d, se\u00f1al\u00f3 el candidato gremialista.<\/p>\n<p>Explic\u00f3 que estas situaciones il\u00edcitas fueron denunciadas oportunamente a Carabineros, a la espera de que pueda encontrarse a los responsables.<\/p>\n<p>En todo caso, manifest\u00f3 que su af\u00e1n no es buscar protagonismo a trav\u00e9s de este tipo de situaciones, precisando que \u201cyo prefiero ganar protagonismo con mi trabajo, en la calle, con las personas y por las propuestas que estoy entregando\u201d.<\/p>\n<p>A\u00f1adi\u00f3 que \u201che visto candidatos que se han victimizado much\u00edsimo por la ruptura de palomas, pero a m\u00ed me han roto cerca de cuatrocientas palomas, las he ido reutilizando, pero hay que entender que a algunas personas no les gusta simplemente esto y que tambi\u00e9n viene y raja palomas, sin que ello sea producto de una estrategia de un comando distinto\u201d.<\/p>\n<figure id=\"attachment_39394\" aria-describedby=\"caption-attachment-39394\" style=\"width: 317px\" class=\"wp-caption alignleft\"><a href=\"https:\/\/i0.wp.com\/www.eltrabajo.cl\/portal\/wp-content\/uploads\/2013\/11\/chapa-del-auto.jpg\"><img data-recalc-dims=\"1\" loading=\"lazy\" decoding=\"async\" class=\" wp-image-39394 \" title=\"La chapa del auto muestra signos de fuerza, lo que evidencia el intento de robo.\" alt=\"La chapa del auto muestra signos de fuerza, lo que evidencia el intento de robo.\" src=\"https:\/\/i0.wp.com\/www.eltrabajo.cl\/portal\/wp-content\/uploads\/2013\/11\/chapa-del-auto.jpg?resize=317%2C214\" width=\"317\" height=\"214\" srcset=\"https:\/\/i0.wp.com\/eltrabajo.cl\/portal\/wp-content\/uploads\/2013\/11\/chapa-del-auto.jpg?w=529&amp;ssl=1 529w, https:\/\/i0.wp.com\/eltrabajo.cl\/portal\/wp-content\/uploads\/2013\/11\/chapa-del-auto.jpg?resize=200%2C134&amp;ssl=1 200w, https:\/\/i0.wp.com\/eltrabajo.cl\/portal\/wp-content\/uploads\/2013\/11\/chapa-del-auto.jpg?resize=300%2C202&amp;ssl=1 300w, https:\/\/i0.wp.com\/eltrabajo.cl\/portal\/wp-content\/uploads\/2013\/11\/chapa-del-auto.jpg?resize=150%2C101&amp;ssl=1 150w, https:\/\/i0.wp.com\/eltrabajo.cl\/portal\/wp-content\/uploads\/2013\/11\/chapa-del-auto.jpg?resize=400%2C269&amp;ssl=1 400w\" sizes=\"auto, (max-width: 317px) 100vw, 317px\" \/><\/a><figcaption id=\"caption-attachment-39394\" class=\"wp-caption-text\">La chapa del auto muestra signos de fuerza, lo que evidencia el intento de robo.<\/figcaption><\/figure>\n<p>A juicio de Felipe Cuevas, se ha tratado de perjudicar una campa\u00f1a que ha tomado mucho vuelo, donde ha existido mucha adhesi\u00f3n de la gente. \u201cEs una campa\u00f1a alegre, distinta, porque la mayor\u00eda de los ataques son a la candidatura de un afuerino y no me siento representado, provengo de una familia con mucha historia en San Felipe, entiendo que Miguel Moreno es de Arica, quiz\u00e1s se refieren a \u00e9l\u201d, indic\u00f3 el aspirante al parlamento.<\/p>\n<p>Finalmente, Felipe Cuevas manifest\u00f3 que este tipo de situaciones no le amedrentan, no obstante reiter\u00f3 el llamado a hacer una campa\u00f1a limpia, con la finalidad de demostrarle a la gente la decencia de los pol\u00edticos, el deseo de trabajar por la zona, por su desarrollo y por una mejor calidad de vida.<\/p>\n<p>&nbsp;<\/p>\n","protected":false},"excerpt":{"rendered":"<p>Manifest\u00f3 que su af\u00e1n no es buscar protagonismo a trav\u00e9s de los ataques que ha sufrido, precisando que \u201cyo prefiero ganar protagonismo con mi trabajo, en la calle, con las personas y&#8230;<\/p>\n","protected":false},"author":482,"featured_media":39392,"comment_status":"open","ping_status":"closed","sticky":false,"template":"","format":"standard","meta":{"advanced_seo_description":"","jetpack_seo_html_title":"","jetpack_seo_noindex":false,"_jetpack_memberships_contains_paid_content":false,"footnotes":""},"categories":[15],"tags":[],"class_list":["post-39391","post","type-post","status-publish","format-standard","has-post-thumbnail","hentry","category-comunidad"],"jetpack_featured_media_url":"https:\/\/i0.wp.com\/eltrabajo.cl\/portal\/wp-content\/uploads\/2013\/11\/felipe-cuevas-2.jpg?fit=529%2C397&ssl=1","jetpack_sharing_enabled":true,"jetpack_likes_enabled":true,"jetpack-related-posts":[],"_links":{"self":[{"href":"https:\/\/eltrabajo.cl\/portal\/wp-json\/wp\/v2\/posts\/39391","targetHints":{"allow":["GET"]}}],"collection":[{"href":"https:\/\/eltrabajo.cl\/portal\/wp-json\/wp\/v2\/posts"}],"about":[{"href":"https:\/\/eltrabajo.cl\/portal\/wp-json\/wp\/v2\/types\/post"}],"author":[{"embeddable":true,"href":"https:\/\/eltrabajo.cl\/portal\/wp-json\/wp\/v2\/users\/482"}],"replies":[{"embeddable":true,"href":"https:\/\/eltrabajo.cl\/portal\/wp-json\/wp\/v2\/comments?post=39391"}],"version-history":[{"count":0,"href":"https:\/\/eltrabajo.cl\/portal\/wp-json\/wp\/v2\/posts\/39391\/revisions"}],"wp:featuredmedia":[{"embeddable":true,"href":"https:\/\/eltrabajo.cl\/portal\/wp-json\/wp\/v2\/media\/39392"}],"wp:attachment":[{"href":"https:\/\/eltrabajo.cl\/portal\/wp-json\/wp\/v2\/media?parent=39391"}],"wp:term":[{"taxonomy":"category","embeddable":true,"href":"https:\/\/eltrabajo.cl\/portal\/wp-json\/wp\/v2\/categories?post=39391"},{"taxonomy":"post_tag","embeddable":true,"href":"https:\/\/eltrabajo.cl\/portal\/wp-json\/wp\/v2\/tags?post=39391"}],"curies":[{"name":"wp","href":"https:\/\/api.w.org\/{rel}","templated":true}]}}