{"id":39397,"date":"2013-11-08T10:16:54","date_gmt":"2013-11-08T13:16:54","guid":{"rendered":"http:\/\/www.eltrabajo.cl\/portal\/?p=39397"},"modified":"2013-11-08T10:16:54","modified_gmt":"2013-11-08T13:16:54","slug":"critica-situacion-viven-numerosos-vecinos-por-falta-de-agua-para-beber","status":"publish","type":"post","link":"https:\/\/eltrabajo.cl\/portal\/critica-situacion-viven-numerosos-vecinos-por-falta-de-agua-para-beber\/","title":{"rendered":"Cr\u00edtica situaci\u00f3n viven numerosos vecinos por falta de agua para beber"},"content":{"rendered":"<figure id=\"attachment_39398\" aria-describedby=\"caption-attachment-39398\" style=\"width: 529px\" class=\"wp-caption alignnone\"><a href=\"https:\/\/i0.wp.com\/www.eltrabajo.cl\/portal\/wp-content\/uploads\/2013\/11\/vecinos-sin-agua-1.jpg\"><img data-recalc-dims=\"1\" loading=\"lazy\" decoding=\"async\" class=\"size-full wp-image-39398\" title=\"Los vecinos de los sectores afectados se encuentran bastante complicados por la falta de agua. \" alt=\"Los vecinos de los sectores afectados se encuentran bastante complicados por la falta de agua. \" src=\"https:\/\/i0.wp.com\/www.eltrabajo.cl\/portal\/wp-content\/uploads\/2013\/11\/vecinos-sin-agua-1.jpg?resize=529%2C353\" width=\"529\" height=\"353\" srcset=\"https:\/\/i0.wp.com\/eltrabajo.cl\/portal\/wp-content\/uploads\/2013\/11\/vecinos-sin-agua-1.jpg?w=529&amp;ssl=1 529w, https:\/\/i0.wp.com\/eltrabajo.cl\/portal\/wp-content\/uploads\/2013\/11\/vecinos-sin-agua-1.jpg?resize=200%2C133&amp;ssl=1 200w, https:\/\/i0.wp.com\/eltrabajo.cl\/portal\/wp-content\/uploads\/2013\/11\/vecinos-sin-agua-1.jpg?resize=300%2C200&amp;ssl=1 300w, https:\/\/i0.wp.com\/eltrabajo.cl\/portal\/wp-content\/uploads\/2013\/11\/vecinos-sin-agua-1.jpg?resize=150%2C100&amp;ssl=1 150w, https:\/\/i0.wp.com\/eltrabajo.cl\/portal\/wp-content\/uploads\/2013\/11\/vecinos-sin-agua-1.jpg?resize=400%2C266&amp;ssl=1 400w\" sizes=\"auto, (max-width: 529px) 100vw, 529px\" \/><\/a><figcaption id=\"caption-attachment-39398\" class=\"wp-caption-text\">Los vecinos de los sectores afectados se encuentran bastante complicados por la falta de agua.<\/figcaption><\/figure>\n<p><strong>PUTAENDO.-<\/strong> Una cr\u00edtica situaci\u00f3n est\u00e1n viviendo vecinos de los sectores rurales y m\u00e1s apartados de la comuna de Putaendo como el Manzano, El Tuq\u00faquere y Las Minillas.<\/p>\n<p>Estos vecinos reciben el agua para beber en camiones de la Municipalidad de Putaendo que trasladan el vital elemento hasta esos apartados sectores, sin embargo, con el paro de los funcionarios municipales este reparto de agua se ha visto interrumpido y hace poco m\u00e1s de una semana fue el \u00faltimo viaje que estos camiones realizaron hacia esos sectores.<\/p>\n<p>Hoy la situaci\u00f3n es bastante grave, los estanques est\u00e1n pr\u00e1cticamente vac\u00edos, hay familias enteras que se han visto en la obligaci\u00f3n de tener que sacar agua desde algunas norias, las cuales est\u00e1n contaminadas con pirg\u00fcines y adem\u00e1s varios animales consumen agua desde estas norias, lo que indudablemente es un foco de riesgo para la salud de estos vecinos.<\/p>\n<p>Diario El Trabajo recorri\u00f3 los mencionados sectores y pudo constatar la gravedad de la situaci\u00f3n y se espera que ojala las autoridades comunales y provinciales realicen las gestiones que sean necesarias para llegar con el vital elemento a estos sectores que hoy viven una situaci\u00f3n extrema por la paralizaci\u00f3n de los funcionarios municipales.<\/p>\n<p>Los mismos vecinos confirmaron que incluso pidieron ayuda al Cuerpo de Bomberos de Putaendo para que pudiese llevarles agua, los que le habr\u00edan manifestado que no pod\u00edan realizar ese servicio.<\/p>\n<p>Patricio Gallardo M.<\/p>\n<p>&nbsp;<\/p>\n","protected":false},"excerpt":{"rendered":"<p>PUTAENDO.- Una cr\u00edtica situaci\u00f3n est\u00e1n viviendo vecinos de los sectores rurales y m\u00e1s apartados de la comuna de Putaendo como el Manzano, El Tuq\u00faquere y Las Minillas. Estos vecinos reciben el agua&#8230;<\/p>\n","protected":false},"author":482,"featured_media":39398,"comment_status":"open","ping_status":"closed","sticky":false,"template":"","format":"standard","meta":{"advanced_seo_description":"","jetpack_seo_html_title":"","jetpack_seo_noindex":false,"_jetpack_memberships_contains_paid_content":false,"footnotes":""},"categories":[15],"tags":[],"class_list":["post-39397","post","type-post","status-publish","format-standard","has-post-thumbnail","hentry","category-comunidad"],"jetpack_featured_media_url":"https:\/\/i0.wp.com\/eltrabajo.cl\/portal\/wp-content\/uploads\/2013\/11\/vecinos-sin-agua-1.jpg?fit=529%2C353&ssl=1","jetpack_sharing_enabled":true,"jetpack_likes_enabled":true,"jetpack-related-posts":[],"_links":{"self":[{"href":"https:\/\/eltrabajo.cl\/portal\/wp-json\/wp\/v2\/posts\/39397","targetHints":{"allow":["GET"]}}],"collection":[{"href":"https:\/\/eltrabajo.cl\/portal\/wp-json\/wp\/v2\/posts"}],"about":[{"href":"https:\/\/eltrabajo.cl\/portal\/wp-json\/wp\/v2\/types\/post"}],"author":[{"embeddable":true,"href":"https:\/\/eltrabajo.cl\/portal\/wp-json\/wp\/v2\/users\/482"}],"replies":[{"embeddable":true,"href":"https:\/\/eltrabajo.cl\/portal\/wp-json\/wp\/v2\/comments?post=39397"}],"version-history":[{"count":0,"href":"https:\/\/eltrabajo.cl\/portal\/wp-json\/wp\/v2\/posts\/39397\/revisions"}],"wp:featuredmedia":[{"embeddable":true,"href":"https:\/\/eltrabajo.cl\/portal\/wp-json\/wp\/v2\/media\/39398"}],"wp:attachment":[{"href":"https:\/\/eltrabajo.cl\/portal\/wp-json\/wp\/v2\/media?parent=39397"}],"wp:term":[{"taxonomy":"category","embeddable":true,"href":"https:\/\/eltrabajo.cl\/portal\/wp-json\/wp\/v2\/categories?post=39397"},{"taxonomy":"post_tag","embeddable":true,"href":"https:\/\/eltrabajo.cl\/portal\/wp-json\/wp\/v2\/tags?post=39397"}],"curies":[{"name":"wp","href":"https:\/\/api.w.org\/{rel}","templated":true}]}}