{"id":39400,"date":"2013-11-08T10:24:51","date_gmt":"2013-11-08T13:24:51","guid":{"rendered":"http:\/\/www.eltrabajo.cl\/portal\/?p=39400"},"modified":"2013-11-08T10:24:51","modified_gmt":"2013-11-08T13:24:51","slug":"bloqueo-de-rutas-con-barricadas-y-quema-de-neumaticos-fue-tonica-del-paro","status":"publish","type":"post","link":"https:\/\/eltrabajo.cl\/portal\/bloqueo-de-rutas-con-barricadas-y-quema-de-neumaticos-fue-tonica-del-paro\/","title":{"rendered":"Bloqueo de rutas con barricadas y quema de neum\u00e1ticos fue t\u00f3nica del paro"},"content":{"rendered":"<figure id=\"attachment_39401\" aria-describedby=\"caption-attachment-39401\" style=\"width: 529px\" class=\"wp-caption alignnone\"><a href=\"https:\/\/i0.wp.com\/www.eltrabajo.cl\/portal\/wp-content\/uploads\/2013\/11\/puente-el-rey.jpg\"><img data-recalc-dims=\"1\" loading=\"lazy\" decoding=\"async\" class=\"size-full wp-image-39401\" title=\"Los municipales posan para Diario El Trabajo, durante la protesta realizada en el sector Punta del Olivo.\" alt=\"Los municipales posan para Diario El Trabajo, durante la protesta realizada en el sector Punta del Olivo.\" src=\"https:\/\/i0.wp.com\/www.eltrabajo.cl\/portal\/wp-content\/uploads\/2013\/11\/puente-el-rey.jpg?resize=529%2C353\" width=\"529\" height=\"353\" srcset=\"https:\/\/i0.wp.com\/eltrabajo.cl\/portal\/wp-content\/uploads\/2013\/11\/puente-el-rey.jpg?w=529&amp;ssl=1 529w, https:\/\/i0.wp.com\/eltrabajo.cl\/portal\/wp-content\/uploads\/2013\/11\/puente-el-rey.jpg?resize=200%2C133&amp;ssl=1 200w, https:\/\/i0.wp.com\/eltrabajo.cl\/portal\/wp-content\/uploads\/2013\/11\/puente-el-rey.jpg?resize=300%2C200&amp;ssl=1 300w, https:\/\/i0.wp.com\/eltrabajo.cl\/portal\/wp-content\/uploads\/2013\/11\/puente-el-rey.jpg?resize=150%2C100&amp;ssl=1 150w, https:\/\/i0.wp.com\/eltrabajo.cl\/portal\/wp-content\/uploads\/2013\/11\/puente-el-rey.jpg?resize=400%2C266&amp;ssl=1 400w\" sizes=\"auto, (max-width: 529px) 100vw, 529px\" \/><\/a><figcaption id=\"caption-attachment-39401\" class=\"wp-caption-text\">Los municipales posan para Diario El Trabajo, durante la protesta realizada en el sector Punta del Olivo.<\/figcaption><\/figure>\n<p>Una jornada de muchas molestias, sobre todo para los automovilistas y vecinos que necesitaban desplazarse entre uno y otro punto de la comuna y el valle, fue el que se vivi\u00f3 ayer en San Felipe, donde los funcionarios municipales, cumpliendo su promesa de radicalizar la movilizaci\u00f3n que se extiende por casi 20 d\u00edas, instalaron barricadas, hicieron fogatas y en definitiva bloquearon las calles y rutas.<\/p>\n<figure id=\"attachment_39402\" aria-describedby=\"caption-attachment-39402\" style=\"width: 423px\" class=\"wp-caption alignright\"><a href=\"https:\/\/i0.wp.com\/www.eltrabajo.cl\/portal\/wp-content\/uploads\/2013\/11\/vehiculos-esperando.jpg\"><img data-recalc-dims=\"1\" loading=\"lazy\" decoding=\"async\" class=\" wp-image-39402 \" title=\"En 21 de Mayo, el tr\u00e1nsito debi\u00f3 ser suspendido, registr\u00e1ndose acciones temerarias, como que algunos veh\u00edculos que esperaban, decidieran pasar por encima de las barricadas y fogatas.\" alt=\"En 21 de Mayo, el tr\u00e1nsito debi\u00f3 ser suspendido, registr\u00e1ndose acciones temerarias, como que algunos veh\u00edculos que esperaban, decidieran pasar por encima de las barricadas y fogatas.\" src=\"https:\/\/i0.wp.com\/www.eltrabajo.cl\/portal\/wp-content\/uploads\/2013\/11\/vehiculos-esperando.jpg?resize=423%2C318\" width=\"423\" height=\"318\" srcset=\"https:\/\/i0.wp.com\/eltrabajo.cl\/portal\/wp-content\/uploads\/2013\/11\/vehiculos-esperando.jpg?w=529&amp;ssl=1 529w, https:\/\/i0.wp.com\/eltrabajo.cl\/portal\/wp-content\/uploads\/2013\/11\/vehiculos-esperando.jpg?resize=200%2C150&amp;ssl=1 200w, https:\/\/i0.wp.com\/eltrabajo.cl\/portal\/wp-content\/uploads\/2013\/11\/vehiculos-esperando.jpg?resize=300%2C225&amp;ssl=1 300w, https:\/\/i0.wp.com\/eltrabajo.cl\/portal\/wp-content\/uploads\/2013\/11\/vehiculos-esperando.jpg?resize=150%2C112&amp;ssl=1 150w, https:\/\/i0.wp.com\/eltrabajo.cl\/portal\/wp-content\/uploads\/2013\/11\/vehiculos-esperando.jpg?resize=400%2C300&amp;ssl=1 400w\" sizes=\"auto, (max-width: 423px) 100vw, 423px\" \/><\/a><figcaption id=\"caption-attachment-39402\" class=\"wp-caption-text\">En 21 de Mayo, el tr\u00e1nsito debi\u00f3 ser suspendido, registr\u00e1ndose acciones temerarias, como que algunos veh\u00edculos que esperaban, decidieran pasar por encima de las barricadas y fogatas.<\/figcaption><\/figure>\n<p>Pasadas las 08.00 horas de ayer, un grupo importante de funcionarios municipales lleg\u00f3 al sector del Puente El Rey, donde si bien en principio todo parti\u00f3 como una manifestaci\u00f3n pac\u00edfica, conforme pasaron los minutos se transform\u00f3 en un bloqueo total de la Ruta 60 CH, donde hubo serias dificultades para las personas que necesitaban seguir sus caminos para realizar diligencias principalmente.<\/p>\n<p>En contacto con Radio 10, una vecina del sector de Reinoso, Catemu, ven\u00eda viajando por la 60 CH hacia Los Andes, ciudad a la que ten\u00eda que llegar urgente porque un familiar ser\u00eda operado, sin embargo pasaron varios minutos para que pudiese cumplir su cometido, permiti\u00e9ndole finalmente el paso los funcionarios municipales.<\/p>\n<p>En el lugar se apost\u00f3 personal de Carabineros que estaba presente con un piquete policial, sin llegar a impedir la acci\u00f3n de los municipales, que permanecieron por m\u00e1s de 40 minutos con sus fogatas encendidas en la ruta.<\/p>\n<p>Posteriormente un grupo menor de municipales se desplaz\u00f3 hasta el sector de Miraflores, donde se tomaron la avenida colocando nuevamente barricadas y bloqueando el paso de veh\u00edculos, acci\u00f3n que fue bastante breve, por lo que el tr\u00e1nsito se restableci\u00f3 prontamente.<\/p>\n<figure id=\"attachment_39407\" aria-describedby=\"caption-attachment-39407\" style=\"width: 423px\" class=\"wp-caption alignleft\"><a href=\"https:\/\/i0.wp.com\/www.eltrabajo.cl\/portal\/wp-content\/uploads\/2013\/11\/marcha-hacia-san-felipe1.jpg\"><img data-recalc-dims=\"1\" loading=\"lazy\" decoding=\"async\" class=\" wp-image-39407 \" title=\"Funcionarios municipales inician marcha desde la Punta del Olivo, hacia San Felipe.\" alt=\"Funcionarios municipales inician marcha desde la Punta del Olivo, hacia San Felipe.\" src=\"https:\/\/i0.wp.com\/www.eltrabajo.cl\/portal\/wp-content\/uploads\/2013\/11\/marcha-hacia-san-felipe1.jpg?resize=423%2C318\" width=\"423\" height=\"318\" srcset=\"https:\/\/i0.wp.com\/eltrabajo.cl\/portal\/wp-content\/uploads\/2013\/11\/marcha-hacia-san-felipe1.jpg?w=529&amp;ssl=1 529w, https:\/\/i0.wp.com\/eltrabajo.cl\/portal\/wp-content\/uploads\/2013\/11\/marcha-hacia-san-felipe1.jpg?resize=200%2C150&amp;ssl=1 200w, https:\/\/i0.wp.com\/eltrabajo.cl\/portal\/wp-content\/uploads\/2013\/11\/marcha-hacia-san-felipe1.jpg?resize=300%2C225&amp;ssl=1 300w, https:\/\/i0.wp.com\/eltrabajo.cl\/portal\/wp-content\/uploads\/2013\/11\/marcha-hacia-san-felipe1.jpg?resize=150%2C112&amp;ssl=1 150w, https:\/\/i0.wp.com\/eltrabajo.cl\/portal\/wp-content\/uploads\/2013\/11\/marcha-hacia-san-felipe1.jpg?resize=400%2C300&amp;ssl=1 400w\" sizes=\"auto, (max-width: 423px) 100vw, 423px\" \/><\/a><figcaption id=\"caption-attachment-39407\" class=\"wp-caption-text\">Funcionarios municipales inician marcha desde la Punta del Olivo, hacia San Felipe.<\/figcaption><\/figure>\n<p>Otra situaci\u00f3n compleja se registr\u00f3 en la Ruta E-71 a la altura del Puente 21 de Mayo, donde tambi\u00e9n se instalaron barricadas. Tal como en la ruta 60, la acci\u00f3n parti\u00f3 primero con la manifestaci\u00f3n pac\u00edfica de los funcionarios, que incluso lograron bocinazos de apoyo de los automovilistas que pasaban desde San Felipe hacia Putaendo.<\/p>\n<p>Sin embargo, unos 15 minutos despu\u00e9s la situaci\u00f3n se comenz\u00f3 a volver bastante tensa, ya que con la llegada de municipales de Putaendo, comenzaron a aparecer los neum\u00e1ticos que r\u00e1pidamente fueron encendidos, en tanto que el tr\u00e1nsito tuvo que ser suspendido, gener\u00e1ndose una fila de veh\u00edculos que en el caso de San Felipe iba desde el acceso a Algarrobal hasta el callej\u00f3n Los Naranjos.<\/p>\n<p>Posteriormente, los funcionarios que fueron acompa\u00f1ados por Alejandro Aguilar, presidente de la Fenats Aconcagua, realizaron una marcha desde el Puente 21 de Mayo hasta San Felipe, donde se sumaron a la protesta de los empleados p\u00fablicos.<\/p>\n<p>En horas de la tarde, en pr\u00e1cticamente todas las comunas se realizaron acciones de protesta: en Catemu por ejemplo, los funcionarios municipales se tomaron el camino de acceso a la comuna, en tanto que los municipales de San Felipe, llegaron hasta Panquehue para realizar una acci\u00f3n de protesta en la municipalidad.<\/p>\n<p><strong>\u00a0<\/strong><\/p>\n<p><strong>MOVILIZACI\u00d3N<\/strong><\/p>\n<p>En tanto, el presidente de Asemuch San Felipe, Vladimir Tapia, critic\u00f3 duramente la \u2018intransigencia\u2019 del Gobierno para lograr un acuerdo con su sector y as\u00ed destrabar este conflicto. El dirigente manifest\u00f3 que las demandas de los municipales son absolutamente leg\u00edtimas y en ese sentido, lament\u00f3 que no se haya resuelto antes este tema, m\u00e1s a\u00fan considerando que fue un compromiso de campa\u00f1a del Presidente Sebasti\u00e1n Pi\u00f1era, el mejorar la situaci\u00f3n laboral de los funcionarios municipales.<\/p>\n<p>Consultado por los turnos \u00e9ticos, Vladimir Tapia confirm\u00f3 que el reparto de agua es el \u00fanico servicio que se est\u00e1 entregando.<\/p>\n<p>Por su parte, la presidenta de Asemuch Putaendo, Mariela Henr\u00edquez, manifest\u00f3 que los turnos \u00e9ticos fueron efectivamente suspendidos, por lo que no hay recolecci\u00f3n de basura, como tampoco entrega de agua.<\/p>\n<p>&nbsp;<\/p>\n","protected":false},"excerpt":{"rendered":"<p>Una jornada de muchas molestias, sobre todo para los automovilistas y vecinos que necesitaban desplazarse entre uno y otro punto de la comuna y el valle, fue el que se vivi\u00f3 ayer&#8230;<\/p>\n","protected":false},"author":482,"featured_media":39401,"comment_status":"open","ping_status":"closed","sticky":false,"template":"","format":"standard","meta":{"advanced_seo_description":"","jetpack_seo_html_title":"","jetpack_seo_noindex":false,"_jetpack_memberships_contains_paid_content":false,"footnotes":""},"categories":[15],"tags":[],"class_list":["post-39400","post","type-post","status-publish","format-standard","has-post-thumbnail","hentry","category-comunidad"],"jetpack_featured_media_url":"https:\/\/i0.wp.com\/eltrabajo.cl\/portal\/wp-content\/uploads\/2013\/11\/puente-el-rey.jpg?fit=529%2C353&ssl=1","jetpack_sharing_enabled":true,"jetpack_likes_enabled":true,"jetpack-related-posts":[],"_links":{"self":[{"href":"https:\/\/eltrabajo.cl\/portal\/wp-json\/wp\/v2\/posts\/39400","targetHints":{"allow":["GET"]}}],"collection":[{"href":"https:\/\/eltrabajo.cl\/portal\/wp-json\/wp\/v2\/posts"}],"about":[{"href":"https:\/\/eltrabajo.cl\/portal\/wp-json\/wp\/v2\/types\/post"}],"author":[{"embeddable":true,"href":"https:\/\/eltrabajo.cl\/portal\/wp-json\/wp\/v2\/users\/482"}],"replies":[{"embeddable":true,"href":"https:\/\/eltrabajo.cl\/portal\/wp-json\/wp\/v2\/comments?post=39400"}],"version-history":[{"count":0,"href":"https:\/\/eltrabajo.cl\/portal\/wp-json\/wp\/v2\/posts\/39400\/revisions"}],"wp:featuredmedia":[{"embeddable":true,"href":"https:\/\/eltrabajo.cl\/portal\/wp-json\/wp\/v2\/media\/39401"}],"wp:attachment":[{"href":"https:\/\/eltrabajo.cl\/portal\/wp-json\/wp\/v2\/media?parent=39400"}],"wp:term":[{"taxonomy":"category","embeddable":true,"href":"https:\/\/eltrabajo.cl\/portal\/wp-json\/wp\/v2\/categories?post=39400"},{"taxonomy":"post_tag","embeddable":true,"href":"https:\/\/eltrabajo.cl\/portal\/wp-json\/wp\/v2\/tags?post=39400"}],"curies":[{"name":"wp","href":"https:\/\/api.w.org\/{rel}","templated":true}]}}