{"id":39420,"date":"2013-11-11T10:25:20","date_gmt":"2013-11-11T13:25:20","guid":{"rendered":"http:\/\/www.eltrabajo.cl\/portal\/?p=39420"},"modified":"2013-11-11T10:25:20","modified_gmt":"2013-11-11T13:25:20","slug":"liceo-bicentenario-cordillera-viaja-a-olimpiadas-en-teno","status":"publish","type":"post","link":"https:\/\/eltrabajo.cl\/portal\/liceo-bicentenario-cordillera-viaja-a-olimpiadas-en-teno\/","title":{"rendered":"Liceo Bicentenario Cordillera viaja a Olimpiadas en Teno"},"content":{"rendered":"<figure id=\"attachment_39421\" aria-describedby=\"caption-attachment-39421\" style=\"width: 529px\" class=\"wp-caption alignnone\"><a href=\"https:\/\/i0.wp.com\/www.eltrabajo.cl\/portal\/wp-content\/uploads\/2013\/11\/deportistas1.jpg\"><img data-recalc-dims=\"1\" loading=\"lazy\" decoding=\"async\" class=\"size-full wp-image-39421\" title=\"Estos jovencitos estaban que no cab\u00edan de contentos antes de salir a esta gira deportiva.\" alt=\"Estos jovencitos estaban que no cab\u00edan de contentos antes de salir a esta gira deportiva.\" src=\"https:\/\/i0.wp.com\/www.eltrabajo.cl\/portal\/wp-content\/uploads\/2013\/11\/deportistas1.jpg?resize=529%2C375\" width=\"529\" height=\"375\" srcset=\"https:\/\/i0.wp.com\/eltrabajo.cl\/portal\/wp-content\/uploads\/2013\/11\/deportistas1.jpg?w=529&amp;ssl=1 529w, https:\/\/i0.wp.com\/eltrabajo.cl\/portal\/wp-content\/uploads\/2013\/11\/deportistas1.jpg?resize=200%2C141&amp;ssl=1 200w, https:\/\/i0.wp.com\/eltrabajo.cl\/portal\/wp-content\/uploads\/2013\/11\/deportistas1.jpg?resize=300%2C212&amp;ssl=1 300w, https:\/\/i0.wp.com\/eltrabajo.cl\/portal\/wp-content\/uploads\/2013\/11\/deportistas1.jpg?resize=150%2C106&amp;ssl=1 150w, https:\/\/i0.wp.com\/eltrabajo.cl\/portal\/wp-content\/uploads\/2013\/11\/deportistas1.jpg?resize=400%2C283&amp;ssl=1 400w\" sizes=\"auto, (max-width: 529px) 100vw, 529px\" \/><\/a><figcaption id=\"caption-attachment-39421\" class=\"wp-caption-text\">Estos jovencitos estaban que no cab\u00edan de contentos antes de salir a esta gira deportiva.<\/figcaption><\/figure>\n<p>Pasadas las seis de la ma\u00f1ana, los integrantes de la selecci\u00f3n de futbol masculino y femenino del Liceo Bicentenario Cordillera emprendieron viaje hasta Teno, en la S\u00e9ptima Regi\u00f3n, para participar en las Olimpiadas organizadas por la Corporaci\u00f3n Educacional Aquelarre. La delegaci\u00f3n compuesta por 36 Alumnos, pertenecientes a las categor\u00edas U-18, viajaron a cargo de los docentes Nelson Herrera Ponce, B\u00e1rbara Miranda C\u00e1ceres y el Param\u00e9dico Luis Gonz\u00e1lez, con la ilusi\u00f3n de dejar bien puesto el nombre de la comuna de San Felipe.<\/p>\n<p>En las jornadas, que se extender\u00e1n hasta el pr\u00f3ximo d\u00eda s\u00e1bado 09 de noviembre, la delegaci\u00f3n representativa de San Felipe tendr\u00e1 que enfrentar a varios otros equipos provenientes desde Curic\u00f3, Talca y Teno, siendo el Liceo Cordillera el \u00fanico representativo de la Provincia de San Felipe. En estas olimpiadas se realizar\u00e1n enfrentamientos en f\u00fatbol; hand-bol; voleibol y b\u00e1squetbol, siendo solamente la rama de f\u00fatbol de este establecimiento la que participara de estas jornadas, en representaci\u00f3n de los establecimientos municipalizados de nuestra comuna.<\/p>\n<p>En la oportunidad, Nelson Herrera Ponce, T\u00e9cnico de las selecciones femeninas y masculinas, destac\u00f3 la participaci\u00f3n de los alumnos y alumnas de esta rama deportiva, se\u00f1alando que \u00aben estas olimpiadas, mas que ir a ganar, nuestro principal inter\u00e9s en que nuestros deportistas vayan generando experiencia en el \u00e1mbito participativo, se\u00f1alando que es una bonita oportunidad para compartir con alumnos de otras delegaciones, llevando el mensaje de amistad de todos los estudiantes de la provincia de San Felipe\u00bb.<\/p>\n","protected":false},"excerpt":{"rendered":"<p>Pasadas las seis de la ma\u00f1ana, los integrantes de la selecci\u00f3n de futbol masculino y femenino del Liceo Bicentenario Cordillera emprendieron viaje hasta Teno, en la S\u00e9ptima Regi\u00f3n, para participar en las&#8230;<\/p>\n","protected":false},"author":482,"featured_media":39421,"comment_status":"open","ping_status":"closed","sticky":false,"template":"","format":"standard","meta":{"advanced_seo_description":"","jetpack_seo_html_title":"","jetpack_seo_noindex":false,"_jetpack_memberships_contains_paid_content":false,"footnotes":""},"categories":[15],"tags":[],"class_list":["post-39420","post","type-post","status-publish","format-standard","has-post-thumbnail","hentry","category-comunidad"],"jetpack_featured_media_url":"https:\/\/i0.wp.com\/eltrabajo.cl\/portal\/wp-content\/uploads\/2013\/11\/deportistas1.jpg?fit=529%2C375&ssl=1","jetpack_sharing_enabled":true,"jetpack_likes_enabled":true,"jetpack-related-posts":[],"_links":{"self":[{"href":"https:\/\/eltrabajo.cl\/portal\/wp-json\/wp\/v2\/posts\/39420","targetHints":{"allow":["GET"]}}],"collection":[{"href":"https:\/\/eltrabajo.cl\/portal\/wp-json\/wp\/v2\/posts"}],"about":[{"href":"https:\/\/eltrabajo.cl\/portal\/wp-json\/wp\/v2\/types\/post"}],"author":[{"embeddable":true,"href":"https:\/\/eltrabajo.cl\/portal\/wp-json\/wp\/v2\/users\/482"}],"replies":[{"embeddable":true,"href":"https:\/\/eltrabajo.cl\/portal\/wp-json\/wp\/v2\/comments?post=39420"}],"version-history":[{"count":0,"href":"https:\/\/eltrabajo.cl\/portal\/wp-json\/wp\/v2\/posts\/39420\/revisions"}],"wp:featuredmedia":[{"embeddable":true,"href":"https:\/\/eltrabajo.cl\/portal\/wp-json\/wp\/v2\/media\/39421"}],"wp:attachment":[{"href":"https:\/\/eltrabajo.cl\/portal\/wp-json\/wp\/v2\/media?parent=39420"}],"wp:term":[{"taxonomy":"category","embeddable":true,"href":"https:\/\/eltrabajo.cl\/portal\/wp-json\/wp\/v2\/categories?post=39420"},{"taxonomy":"post_tag","embeddable":true,"href":"https:\/\/eltrabajo.cl\/portal\/wp-json\/wp\/v2\/tags?post=39420"}],"curies":[{"name":"wp","href":"https:\/\/api.w.org\/{rel}","templated":true}]}}