{"id":39423,"date":"2013-11-11T10:27:02","date_gmt":"2013-11-11T13:27:02","guid":{"rendered":"http:\/\/www.eltrabajo.cl\/portal\/?p=39423"},"modified":"2013-11-11T10:27:02","modified_gmt":"2013-11-11T13:27:02","slug":"liceo-corina-urbina-se-corona-campeon-nacional-de-voleybol","status":"publish","type":"post","link":"https:\/\/eltrabajo.cl\/portal\/liceo-corina-urbina-se-corona-campeon-nacional-de-voleybol\/","title":{"rendered":"Liceo \u00abCorina Urbina\u00bb se corona Campe\u00f3n Nacional de Voleybol"},"content":{"rendered":"<figure id=\"attachment_39424\" aria-describedby=\"caption-attachment-39424\" style=\"width: 528px\" class=\"wp-caption alignnone\"><a href=\"https:\/\/i0.wp.com\/www.eltrabajo.cl\/portal\/wp-content\/uploads\/2013\/11\/corina-urbina1.jpg\"><img data-recalc-dims=\"1\" loading=\"lazy\" decoding=\"async\" class=\"size-full wp-image-39424\" title=\"Ellas son del Liceo Corina Urbina, nuestras campeonas, pues obtuvieron el primer lugar para San Felipe.\" alt=\"Ellas son del Liceo Corina Urbina, nuestras campeonas, pues obtuvieron el primer lugar para San Felipe.\" src=\"https:\/\/i0.wp.com\/www.eltrabajo.cl\/portal\/wp-content\/uploads\/2013\/11\/corina-urbina1.jpg?resize=528%2C350\" width=\"528\" height=\"350\" srcset=\"https:\/\/i0.wp.com\/eltrabajo.cl\/portal\/wp-content\/uploads\/2013\/11\/corina-urbina1.jpg?w=528&amp;ssl=1 528w, https:\/\/i0.wp.com\/eltrabajo.cl\/portal\/wp-content\/uploads\/2013\/11\/corina-urbina1.jpg?resize=200%2C132&amp;ssl=1 200w, https:\/\/i0.wp.com\/eltrabajo.cl\/portal\/wp-content\/uploads\/2013\/11\/corina-urbina1.jpg?resize=300%2C198&amp;ssl=1 300w, https:\/\/i0.wp.com\/eltrabajo.cl\/portal\/wp-content\/uploads\/2013\/11\/corina-urbina1.jpg?resize=150%2C99&amp;ssl=1 150w, https:\/\/i0.wp.com\/eltrabajo.cl\/portal\/wp-content\/uploads\/2013\/11\/corina-urbina1.jpg?resize=400%2C265&amp;ssl=1 400w\" sizes=\"auto, (max-width: 528px) 100vw, 528px\" \/><\/a><figcaption id=\"caption-attachment-39424\" class=\"wp-caption-text\">Ellas son del Liceo Corina Urbina, nuestras campeonas, pues obtuvieron el primer lugar para San Felipe.<\/figcaption><\/figure>\n<p>El representativo del Liceo Corina Urbina, se coron\u00f3 Campe\u00f3n de una nueva versi\u00f3n del campeonato nacional de voleybol Sub 16 Damas, que se realiz\u00f3 este fin de semana en San Felipe y que cont\u00f3 con la participaci\u00f3n de ocho equipos El campeonato se desarroll\u00f3 en los gimnasios de los colegios Alem\u00e1n y Vedruna, establecimientos que facilitaron las instalaciones para jugar los encuentros, que contaron con una importante cantidad de p\u00fablico asistente.<\/p>\n<p>Luego de las dos jornadas deportivas, los resultados fueron el octavo lugar para San Felipe B Club Curim\u00f3n Voley; en s\u00e9ptimo lugar qued\u00f3 San Bernardo; en sexto puesto Vi\u00f1a del Mar; en quinto lugar Concepci\u00f3n; el cuarto fue para Rancagua; el tercero fue para Lo Prado representado por Boston College; el segundo puesto lo alcanz\u00f3 Talca y el primer lugar lo obtuvo San Felipe con el Liceo Corina Urbina.<\/p>\n<p>El Director de Deportes de la Municipalidad de San Felipe, Danilo Pe\u00f1a, destac\u00f3 el excelente nivel de las deportistas que participaron en el campeonato y especialmente del equipo del liceo Corina Urbina, que hace a\u00f1os viene destac\u00e1ndose a nivel nacional por sus buenos resultados.<\/p>\n<p>\u00abExcelente el nivel, todos sabemos lo que significa a nivel nacional el voleybol de San Felipe, recordemos que San Felipe tiene dos equipos en la liga A1, que es la liga nacional de voleybol en el caso de los varones y en el caso de las chicas que hoy d\u00eda participaban, ellas han disputado siete finales, de tal manera que es un equipo avezado el que gan\u00f3\u00bb, dijo Pe\u00f1a. La idea es continuar trabajando en este mismo sentido con los deportistas de San Felipe, y as\u00ed seguir obteniendo estos buenos resultados.<\/p>\n<p>\u00abEstamos trabajando con todos los deportes, el voleybol es uno de los que en los \u00faltimos a\u00f1os ha estado muy bien y se ha mantenido el apoyo del municipio a trav\u00e9s del departamento de Deportes y nuestro Alcalde Patricio Freire nos ha instruido apoyar al m\u00e1ximo todos los deportes de San Felipe\u00bb, dijo Pe\u00f1a. El campeonato fue organizado por el departamento de Deportes del Municipio y la Asociaci\u00f3n de Voleybol, siendo un proyecto de Fondeporte IND en conjunto con la Federaci\u00f3n de Voleybol de Chile.<\/p>\n<p>&nbsp;<\/p>\n","protected":false},"excerpt":{"rendered":"<p>El representativo del Liceo Corina Urbina, se coron\u00f3 Campe\u00f3n de una nueva versi\u00f3n del campeonato nacional de voleybol Sub 16 Damas, que se realiz\u00f3 este fin de semana en San Felipe y&#8230;<\/p>\n","protected":false},"author":482,"featured_media":39424,"comment_status":"open","ping_status":"closed","sticky":false,"template":"","format":"standard","meta":{"advanced_seo_description":"","jetpack_seo_html_title":"","jetpack_seo_noindex":false,"_jetpack_memberships_contains_paid_content":false,"footnotes":""},"categories":[15],"tags":[],"class_list":["post-39423","post","type-post","status-publish","format-standard","has-post-thumbnail","hentry","category-comunidad"],"jetpack_featured_media_url":"https:\/\/i0.wp.com\/eltrabajo.cl\/portal\/wp-content\/uploads\/2013\/11\/corina-urbina1.jpg?fit=528%2C350&ssl=1","jetpack_sharing_enabled":true,"jetpack_likes_enabled":true,"jetpack-related-posts":[],"_links":{"self":[{"href":"https:\/\/eltrabajo.cl\/portal\/wp-json\/wp\/v2\/posts\/39423","targetHints":{"allow":["GET"]}}],"collection":[{"href":"https:\/\/eltrabajo.cl\/portal\/wp-json\/wp\/v2\/posts"}],"about":[{"href":"https:\/\/eltrabajo.cl\/portal\/wp-json\/wp\/v2\/types\/post"}],"author":[{"embeddable":true,"href":"https:\/\/eltrabajo.cl\/portal\/wp-json\/wp\/v2\/users\/482"}],"replies":[{"embeddable":true,"href":"https:\/\/eltrabajo.cl\/portal\/wp-json\/wp\/v2\/comments?post=39423"}],"version-history":[{"count":0,"href":"https:\/\/eltrabajo.cl\/portal\/wp-json\/wp\/v2\/posts\/39423\/revisions"}],"wp:featuredmedia":[{"embeddable":true,"href":"https:\/\/eltrabajo.cl\/portal\/wp-json\/wp\/v2\/media\/39424"}],"wp:attachment":[{"href":"https:\/\/eltrabajo.cl\/portal\/wp-json\/wp\/v2\/media?parent=39423"}],"wp:term":[{"taxonomy":"category","embeddable":true,"href":"https:\/\/eltrabajo.cl\/portal\/wp-json\/wp\/v2\/categories?post=39423"},{"taxonomy":"post_tag","embeddable":true,"href":"https:\/\/eltrabajo.cl\/portal\/wp-json\/wp\/v2\/tags?post=39423"}],"curies":[{"name":"wp","href":"https:\/\/api.w.org\/{rel}","templated":true}]}}