{"id":39432,"date":"2013-11-11T10:40:02","date_gmt":"2013-11-11T13:40:02","guid":{"rendered":"http:\/\/www.eltrabajo.cl\/portal\/?p=39432"},"modified":"2013-11-11T10:40:02","modified_gmt":"2013-11-11T13:40:02","slug":"educadoras-de-jardines-infantiles-exigen-aumento-de-sueldo-al-municipio","status":"publish","type":"post","link":"https:\/\/eltrabajo.cl\/portal\/educadoras-de-jardines-infantiles-exigen-aumento-de-sueldo-al-municipio\/","title":{"rendered":"Educadoras de Jardines Infantiles exigen aumento de sueldo al municipio"},"content":{"rendered":"<figure id=\"attachment_39433\" aria-describedby=\"caption-attachment-39433\" style=\"width: 529px\" class=\"wp-caption alignnone\"><a href=\"https:\/\/i0.wp.com\/www.eltrabajo.cl\/portal\/wp-content\/uploads\/2013\/11\/paro1.jpg\"><img data-recalc-dims=\"1\" loading=\"lazy\" decoding=\"async\" class=\"size-full wp-image-39433\" title=\"Las t\u00edas de los jardines Junji-Municipio, paralizaron sus actividades el viernes. Solo dos jardines atendieron.\" alt=\"Las t\u00edas de los jardines Junji-Municipio, paralizaron sus actividades el viernes. Solo dos jardines atendieron.\" src=\"https:\/\/i0.wp.com\/www.eltrabajo.cl\/portal\/wp-content\/uploads\/2013\/11\/paro1.jpg?resize=529%2C249\" width=\"529\" height=\"249\" srcset=\"https:\/\/i0.wp.com\/eltrabajo.cl\/portal\/wp-content\/uploads\/2013\/11\/paro1.jpg?w=529&amp;ssl=1 529w, https:\/\/i0.wp.com\/eltrabajo.cl\/portal\/wp-content\/uploads\/2013\/11\/paro1.jpg?resize=200%2C94&amp;ssl=1 200w, https:\/\/i0.wp.com\/eltrabajo.cl\/portal\/wp-content\/uploads\/2013\/11\/paro1.jpg?resize=300%2C141&amp;ssl=1 300w, https:\/\/i0.wp.com\/eltrabajo.cl\/portal\/wp-content\/uploads\/2013\/11\/paro1.jpg?resize=150%2C70&amp;ssl=1 150w, https:\/\/i0.wp.com\/eltrabajo.cl\/portal\/wp-content\/uploads\/2013\/11\/paro1.jpg?resize=400%2C188&amp;ssl=1 400w\" sizes=\"auto, (max-width: 529px) 100vw, 529px\" \/><\/a><figcaption id=\"caption-attachment-39433\" class=\"wp-caption-text\">Las t\u00edas de los jardines Junji-Municipio, paralizaron sus actividades el viernes. Solo dos jardines atendieron.<\/figcaption><\/figure>\n<p>Hasta la Plaza de Armas de San Felipe y luego, al frontis de la municipalidad, llegaron la ma\u00f1ana del viernes unas 50 educadoras de los jardines Junji, que administra la corporaci\u00f3n edilicia, para exigirle al Alcalde Patricio Freire un aumento en sus remuneraciones, as\u00ed como para adherir al paro de los empleados municipales. Seg\u00fan explicaron, los sueldos de las funcionarias de estos establecimientos que funcionan bajo el sistema VTF (V\u00eda Transferencia de Fondos), son muy bajos, fluctuando entre los 200.000 pesos las auxiliares y los 500.000 a 600.000 pesos las educadoras, lo que no se condice con la carga laboral y exigencias que tienen.<\/p>\n<p>El viernes, las t\u00edas llegaron con pancartas y pitos a protestar a la plaza de armas, explicando una de ella, Lissette de la Oceja, que hab\u00edan paralizado las funcionarias de seis de los ocho jardines que administra el municipio, con la finalidad de solidarizar con los funcionarios municipales, as\u00ed como tambi\u00e9n, para manifestar su descontento, pues todav\u00eda no se resuelve el tema de su reajuste de sueldos.<\/p>\n<p>\u00abNosotras estamos de acuerdo en venir a protestar por el reajuste y porque la municipalidad, el alcalde y las personas que lideran por detr\u00e1s, hab\u00edan dicho que nos subir\u00edan el sueldo en mayo de este a\u00f1o y hasta ahora eso no ha ocurrido. Estamos luchando por nuestros derechos, porque los sueldos son una miseria, desde las t\u00edas auxiliares de aseo, hasta las directoras\u00bb, se\u00f1al\u00f3 la educadora.<\/p>\n<p>El viernes paralizaron sus actividades los jardines Conejitos Saltarines; Rinc\u00f3n de los Angelitos; Castillo de Colores\u2019; Burbujitas de Colores; Sol Naciente; Ping\u00fcinitos; en tanto que \u2018Cuncunitas\u2019 y \u2018Almendral\u2019, trabajaron normalmente.<\/p>\n<p>Las t\u00edas si bien estuvieron reunidas en la Plaza de Armas, posteriormente se trasladaron hasta el frontis de la municipalidad de San Felipe, donde se unieron con la veintena de funcionarios que estaba afuera, a prop\u00f3sito del paro que se mantiene. En una acci\u00f3n inesperada, r\u00e1pidamente algunos municipales sacaron vallas papales y las colocaron en la esquina de Salinas con Arturo Prat, impidiendo as\u00ed el tr\u00e1nsito de veh\u00edculos que debieron hacer los desv\u00edos correspondientes.<\/p>\n<p>Acto seguido se inici\u00f3 una ruidosa protesta en las afueras del edificio consistorial, para luego los funcionarios iniciar una marcha por Arturo Prat, lo que entorpeci\u00f3 a\u00fan m\u00e1s el tr\u00e1nsito de veh\u00edculos. Por fortuna la acci\u00f3n no pas\u00f3 a mayores y aunque en alg\u00fan momento se pens\u00f3 incluso que los municipales nuevamente encender\u00edan barricadas, esto no sucedi\u00f3.<\/p>\n<p>&nbsp;<\/p>\n","protected":false},"excerpt":{"rendered":"<p>Hasta la Plaza de Armas de San Felipe y luego, al frontis de la municipalidad, llegaron la ma\u00f1ana del viernes unas 50 educadoras de los jardines Junji, que administra la corporaci\u00f3n edilicia,&#8230;<\/p>\n","protected":false},"author":482,"featured_media":39433,"comment_status":"open","ping_status":"closed","sticky":false,"template":"","format":"standard","meta":{"advanced_seo_description":"","jetpack_seo_html_title":"","jetpack_seo_noindex":false,"_jetpack_memberships_contains_paid_content":false,"footnotes":""},"categories":[15],"tags":[],"class_list":["post-39432","post","type-post","status-publish","format-standard","has-post-thumbnail","hentry","category-comunidad"],"jetpack_featured_media_url":"https:\/\/i0.wp.com\/eltrabajo.cl\/portal\/wp-content\/uploads\/2013\/11\/paro1.jpg?fit=529%2C249&ssl=1","jetpack_sharing_enabled":true,"jetpack_likes_enabled":true,"jetpack-related-posts":[],"_links":{"self":[{"href":"https:\/\/eltrabajo.cl\/portal\/wp-json\/wp\/v2\/posts\/39432","targetHints":{"allow":["GET"]}}],"collection":[{"href":"https:\/\/eltrabajo.cl\/portal\/wp-json\/wp\/v2\/posts"}],"about":[{"href":"https:\/\/eltrabajo.cl\/portal\/wp-json\/wp\/v2\/types\/post"}],"author":[{"embeddable":true,"href":"https:\/\/eltrabajo.cl\/portal\/wp-json\/wp\/v2\/users\/482"}],"replies":[{"embeddable":true,"href":"https:\/\/eltrabajo.cl\/portal\/wp-json\/wp\/v2\/comments?post=39432"}],"version-history":[{"count":0,"href":"https:\/\/eltrabajo.cl\/portal\/wp-json\/wp\/v2\/posts\/39432\/revisions"}],"wp:featuredmedia":[{"embeddable":true,"href":"https:\/\/eltrabajo.cl\/portal\/wp-json\/wp\/v2\/media\/39433"}],"wp:attachment":[{"href":"https:\/\/eltrabajo.cl\/portal\/wp-json\/wp\/v2\/media?parent=39432"}],"wp:term":[{"taxonomy":"category","embeddable":true,"href":"https:\/\/eltrabajo.cl\/portal\/wp-json\/wp\/v2\/categories?post=39432"},{"taxonomy":"post_tag","embeddable":true,"href":"https:\/\/eltrabajo.cl\/portal\/wp-json\/wp\/v2\/tags?post=39432"}],"curies":[{"name":"wp","href":"https:\/\/api.w.org\/{rel}","templated":true}]}}