{"id":39456,"date":"2013-11-12T09:33:12","date_gmt":"2013-11-12T12:33:12","guid":{"rendered":"http:\/\/www.eltrabajo.cl\/portal\/?p=39456"},"modified":"2013-11-12T09:33:12","modified_gmt":"2013-11-12T12:33:12","slug":"agenda-copada-tendra-union-san-felipe-para-esta-semana","status":"publish","type":"post","link":"https:\/\/eltrabajo.cl\/portal\/agenda-copada-tendra-union-san-felipe-para-esta-semana\/","title":{"rendered":"Agenda copada tendr\u00e1 Uni\u00f3n San Felipe para esta semana"},"content":{"rendered":"<figure id=\"attachment_39457\" aria-describedby=\"caption-attachment-39457\" style=\"width: 529px\" class=\"wp-caption alignnone\"><a href=\"https:\/\/i0.wp.com\/www.eltrabajo.cl\/portal\/wp-content\/uploads\/2013\/11\/uni-uni1.jpg\"><img data-recalc-dims=\"1\" loading=\"lazy\" decoding=\"async\" class=\"size-full wp-image-39457\" title=\"La escuadra albirroja ver\u00e1 acci\u00f3n durante esta semana por la Copa Chile y el Torneo oficial de la B.\" alt=\"La escuadra albirroja ver\u00e1 acci\u00f3n durante esta semana por la Copa Chile y el Torneo oficial de la B.\" src=\"https:\/\/i0.wp.com\/www.eltrabajo.cl\/portal\/wp-content\/uploads\/2013\/11\/uni-uni1.jpg?resize=529%2C320\" width=\"529\" height=\"320\" srcset=\"https:\/\/i0.wp.com\/eltrabajo.cl\/portal\/wp-content\/uploads\/2013\/11\/uni-uni1.jpg?w=529&amp;ssl=1 529w, https:\/\/i0.wp.com\/eltrabajo.cl\/portal\/wp-content\/uploads\/2013\/11\/uni-uni1.jpg?resize=200%2C120&amp;ssl=1 200w, https:\/\/i0.wp.com\/eltrabajo.cl\/portal\/wp-content\/uploads\/2013\/11\/uni-uni1.jpg?resize=300%2C181&amp;ssl=1 300w, https:\/\/i0.wp.com\/eltrabajo.cl\/portal\/wp-content\/uploads\/2013\/11\/uni-uni1.jpg?resize=150%2C90&amp;ssl=1 150w, https:\/\/i0.wp.com\/eltrabajo.cl\/portal\/wp-content\/uploads\/2013\/11\/uni-uni1.jpg?resize=400%2C241&amp;ssl=1 400w\" sizes=\"auto, (max-width: 529px) 100vw, 529px\" \/><\/a><figcaption id=\"caption-attachment-39457\" class=\"wp-caption-text\">La escuadra albirroja ver\u00e1 acci\u00f3n durante esta semana por la Copa Chile y el Torneo oficial de la B.<\/figcaption><\/figure>\n<ul>\n<li><strong>Deber\u00e1 hacer frente a la Copa Chile y el torneo de la B.<\/strong><\/li>\n<\/ul>\n<p>En Uni\u00f3n San Felipe no habr\u00e1 mucho tiempo para lamentaciones luego del empate con Coquimbo, esto porque la agenda para el cuadro albirrojo estar\u00e1 muy recargada esta semana debido a que ma\u00f1ana a las siete de la tarde en el mismo Estadio Municipal jugar\u00e1 con San Luis de Quillota, en el que ser\u00e1 el primer partido correspondiente a los cuartos de final de la Copa Chile.<\/p>\n<p>Para dicho encuentro la dirigencia unionista fij\u00f3 en $ 4.000 (cuatro mil pesos), el valor de las tribunas Pac\u00edfico y Andes, mientras que los hinchas que quieran sentarse en la Marquesina (Butacas), deber\u00e1n desembolsar $ 8.000 (ocho mil pesos).<\/p>\n<p>\u201cIndependiente del cansancio la idea es hacer un buen partido y para eso hay que jugar con la mejor gente disponible, porque queremos seguir avanzando en la Copa Chile\u201d, se\u00f1al\u00f3 el t\u00e9cnico Gustavo Cisneros, en relaci\u00f3n al encuentro de ma\u00f1ana en la tarde.<\/p>\n<p>En tanto, las elecciones de este domingo no impedir\u00e1n que se juegue la d\u00e9cimo quinta fecha del Torneo de Apertura de la Primera B, y el Un\u00ed buscar\u00e1 el s\u00e1bado en La Pintana ante el siempre irregular Magallanes, reencontrase con un triunfo que durante las \u00faltimas tres jornadas le ha sido muy esquivo y que por ahora se hace urgente que llegue para que la llama del sue\u00f1o del regreso a la m\u00e1xima categor\u00eda del f\u00fatbol chileno se mantenga encendida.<\/p>\n<p><strong>Programaci\u00f3n Decimo quinta fecha<\/strong><\/p>\n<p><strong>Viernes 15 de Noviembre<\/strong><\/p>\n<p>21:00 horas, Coquimbo Unido \u2013 San Marcos<\/p>\n<p><strong>S\u00e1bado 16 de Noviembre<\/strong><\/p>\n<p>16:00 horas, Barnechea \u2013 Deportes Temuco<\/p>\n<p>16:00 horas, Deportes Copiap\u00f3 \u2013 San Luis<\/p>\n<p>16:00 horas, Lota Schwager \u2013 Deportes La Serena<\/p>\n<p>16:00 horas, Deportes Concepci\u00f3n \u2013 Santiago Morning<\/p>\n<p>16:00 horas, Magallanes \u2013 Uni\u00f3n San Felipe<\/p>\n<p>20:30 horas, Curic\u00f3 Unido \u2013 Naval<\/p>\n<p>&nbsp;<\/p>\n<p><strong>Tabla de Posiciones Primera B<\/strong><\/p>\n<p><strong>Lugar Ptos.<\/strong><\/p>\n<p>1.- San Luis 29<\/p>\n<p>2.- San Marcos 24<\/p>\n<p>3.- Barnechea 22<\/p>\n<p>4.- Santiago Morning 22<\/p>\n<p>5.- Coquimbo Unido 21<\/p>\n<p>6.- Curic\u00f3 Unido 21<\/p>\n<p>7.- Uni\u00f3n San Felipe 19<\/p>\n<p>8.- Concepci\u00f3n 18<\/p>\n<p>9.- Naval 15<\/p>\n<p>10.- Magallanes 15<\/p>\n<p>11.- Copiap\u00f3 14<\/p>\n<p>12.- Deportes Temuco 13<\/p>\n<p>13.- Lota Schwager 10<\/p>\n<p>14.- La Serena 7<\/p>\n<p>&nbsp;<\/p>\n","protected":false},"excerpt":{"rendered":"<p>Deber\u00e1 hacer frente a la Copa Chile y el torneo de la B. En Uni\u00f3n San Felipe no habr\u00e1 mucho tiempo para lamentaciones luego del empate con Coquimbo, esto porque la agenda&#8230;<\/p>\n","protected":false},"author":482,"featured_media":39457,"comment_status":"open","ping_status":"closed","sticky":false,"template":"","format":"standard","meta":{"advanced_seo_description":"","jetpack_seo_html_title":"","jetpack_seo_noindex":false,"_jetpack_memberships_contains_paid_content":false,"footnotes":""},"categories":[1],"tags":[],"class_list":["post-39456","post","type-post","status-publish","format-standard","has-post-thumbnail","hentry","category-cronica"],"jetpack_featured_media_url":"https:\/\/i0.wp.com\/eltrabajo.cl\/portal\/wp-content\/uploads\/2013\/11\/uni-uni1.jpg?fit=529%2C320&ssl=1","jetpack_sharing_enabled":true,"jetpack_likes_enabled":true,"jetpack-related-posts":[],"_links":{"self":[{"href":"https:\/\/eltrabajo.cl\/portal\/wp-json\/wp\/v2\/posts\/39456","targetHints":{"allow":["GET"]}}],"collection":[{"href":"https:\/\/eltrabajo.cl\/portal\/wp-json\/wp\/v2\/posts"}],"about":[{"href":"https:\/\/eltrabajo.cl\/portal\/wp-json\/wp\/v2\/types\/post"}],"author":[{"embeddable":true,"href":"https:\/\/eltrabajo.cl\/portal\/wp-json\/wp\/v2\/users\/482"}],"replies":[{"embeddable":true,"href":"https:\/\/eltrabajo.cl\/portal\/wp-json\/wp\/v2\/comments?post=39456"}],"version-history":[{"count":0,"href":"https:\/\/eltrabajo.cl\/portal\/wp-json\/wp\/v2\/posts\/39456\/revisions"}],"wp:featuredmedia":[{"embeddable":true,"href":"https:\/\/eltrabajo.cl\/portal\/wp-json\/wp\/v2\/media\/39457"}],"wp:attachment":[{"href":"https:\/\/eltrabajo.cl\/portal\/wp-json\/wp\/v2\/media?parent=39456"}],"wp:term":[{"taxonomy":"category","embeddable":true,"href":"https:\/\/eltrabajo.cl\/portal\/wp-json\/wp\/v2\/categories?post=39456"},{"taxonomy":"post_tag","embeddable":true,"href":"https:\/\/eltrabajo.cl\/portal\/wp-json\/wp\/v2\/tags?post=39456"}],"curies":[{"name":"wp","href":"https:\/\/api.w.org\/{rel}","templated":true}]}}