{"id":39459,"date":"2013-11-12T09:35:48","date_gmt":"2013-11-12T12:35:48","guid":{"rendered":"http:\/\/www.eltrabajo.cl\/portal\/?p=39459"},"modified":"2013-11-12T09:35:48","modified_gmt":"2013-11-12T12:35:48","slug":"unos-30-carabineros-se-capacitan-en-prevencion-del-consumo-de-drogas","status":"publish","type":"post","link":"https:\/\/eltrabajo.cl\/portal\/unos-30-carabineros-se-capacitan-en-prevencion-del-consumo-de-drogas\/","title":{"rendered":"Unos 30 Carabineros se capacitan en Prevenci\u00f3n del consumo de drogas"},"content":{"rendered":"<figure id=\"attachment_39460\" aria-describedby=\"caption-attachment-39460\" style=\"width: 529px\" class=\"wp-caption alignnone\"><a href=\"https:\/\/i0.wp.com\/www.eltrabajo.cl\/portal\/wp-content\/uploads\/2013\/11\/senda1.jpg\"><img data-recalc-dims=\"1\" loading=\"lazy\" decoding=\"async\" class=\"size-full wp-image-39460\" title=\"Ellos son los 30 uniformados que recibieron una amplia capacitaci\u00f3n en Prevenci\u00f3n del consumo de drogas.\" alt=\"Ellos son los 30 uniformados que recibieron una amplia capacitaci\u00f3n en Prevenci\u00f3n del consumo de drogas.\" src=\"https:\/\/i0.wp.com\/www.eltrabajo.cl\/portal\/wp-content\/uploads\/2013\/11\/senda1.jpg?resize=529%2C241\" width=\"529\" height=\"241\" srcset=\"https:\/\/i0.wp.com\/eltrabajo.cl\/portal\/wp-content\/uploads\/2013\/11\/senda1.jpg?w=529&amp;ssl=1 529w, https:\/\/i0.wp.com\/eltrabajo.cl\/portal\/wp-content\/uploads\/2013\/11\/senda1.jpg?resize=200%2C91&amp;ssl=1 200w, https:\/\/i0.wp.com\/eltrabajo.cl\/portal\/wp-content\/uploads\/2013\/11\/senda1.jpg?resize=300%2C136&amp;ssl=1 300w, https:\/\/i0.wp.com\/eltrabajo.cl\/portal\/wp-content\/uploads\/2013\/11\/senda1.jpg?resize=150%2C68&amp;ssl=1 150w, https:\/\/i0.wp.com\/eltrabajo.cl\/portal\/wp-content\/uploads\/2013\/11\/senda1.jpg?resize=400%2C182&amp;ssl=1 400w\" sizes=\"auto, (max-width: 529px) 100vw, 529px\" \/><\/a><figcaption id=\"caption-attachment-39460\" class=\"wp-caption-text\">Ellos son los 30 uniformados que recibieron una amplia capacitaci\u00f3n en Prevenci\u00f3n del consumo de drogas.<\/figcaption><\/figure>\n<p>En una sencilla ceremonia realizada en la p\u00e9rgola de la Prefectura Aconcagua, se entregaron los certificados de participaci\u00f3n en el curso de capacitaci\u00f3n en Prevenci\u00f3n del consumo de drogas, a 30 funcionarios de Carabineros pertenecientes a San Felipe, Los Andes, Quillota y Petorca.<\/p>\n<p>El curso fue dictado gracias a un convenio entre la instituci\u00f3n uniformada y Senda, considerando temas relacionados con efectos y consecuencias del consumo de drogas, evoluci\u00f3n sicol\u00f3gica de las adicciones, programas de tratamiento y apoyo, adem\u00e1s de la importancia del trabajo preventivo de la Red Senda.<\/p>\n<p>Seg\u00fan dijo el comandante Francisco Castro, subprefecto Operativo de Carabineros, esta es una capacitaci\u00f3n que se est\u00e1 realizando en todo Chile, involucrando ahora a la Prefectura de Aconcagua.<\/p>\n<p>\u00abLa idea es que ahora, con esta informaci\u00f3n, procedan los carabineros y orienten y aconsejen a los ni\u00f1os de los distintos establecimientos, para prevenir el consumo de drogas, que afecta el rango de la ni\u00f1ez y la adolescencia\u00bb, se\u00f1al\u00f3.<\/p>\n<p>A\u00f1adi\u00f3 que \u00abestos carabineros salen con ideas nuevas, con informaci\u00f3n clara sobre las modificaciones a la Ley 20.000 de drogas, lo que favorecer\u00e1 a los estudiantes y se replicar\u00e1 entre los dem\u00e1s funcionarios policiales\u00bb.<\/p>\n<p>Explic\u00f3 Castro que la problem\u00e1tica de la droga debe estar internalizada entre Carabineros, m\u00e1s a\u00fan considerando que hoy por hoy, son muchos los casos que se han detectado, de individuos que se dedican a la comercializaci\u00f3n de sustancias en las afueras de los establecimientos educacionales.<\/p>\n<p>\u00abHemos detectado que fuera de los colegios se est\u00e1 vendiendo mucha sustancia il\u00edcita, como marihuana y pasta base, entonces hay una labor paralela, una es la educativa, y la otra es la preventiva, que con nuestra sola presencia podamos inhibir el comportamiento de un potencial traficante, como igualmente personal del OS-7 ha aumentado en un 20% la cantidad de personas detenidas por microtr\u00e1fico\u00bb, se\u00f1al\u00f3 el Comandante Castro.<\/p>\n","protected":false},"excerpt":{"rendered":"<p>En una sencilla ceremonia realizada en la p\u00e9rgola de la Prefectura Aconcagua, se entregaron los certificados de participaci\u00f3n en el curso de capacitaci\u00f3n en Prevenci\u00f3n del consumo de drogas, a 30 funcionarios&#8230;<\/p>\n","protected":false},"author":482,"featured_media":39460,"comment_status":"open","ping_status":"closed","sticky":false,"template":"","format":"standard","meta":{"advanced_seo_description":"","jetpack_seo_html_title":"","jetpack_seo_noindex":false,"_jetpack_memberships_contains_paid_content":false,"footnotes":""},"categories":[1],"tags":[],"class_list":["post-39459","post","type-post","status-publish","format-standard","has-post-thumbnail","hentry","category-cronica"],"jetpack_featured_media_url":"https:\/\/i0.wp.com\/eltrabajo.cl\/portal\/wp-content\/uploads\/2013\/11\/senda1.jpg?fit=529%2C241&ssl=1","jetpack_sharing_enabled":true,"jetpack_likes_enabled":true,"jetpack-related-posts":[],"_links":{"self":[{"href":"https:\/\/eltrabajo.cl\/portal\/wp-json\/wp\/v2\/posts\/39459","targetHints":{"allow":["GET"]}}],"collection":[{"href":"https:\/\/eltrabajo.cl\/portal\/wp-json\/wp\/v2\/posts"}],"about":[{"href":"https:\/\/eltrabajo.cl\/portal\/wp-json\/wp\/v2\/types\/post"}],"author":[{"embeddable":true,"href":"https:\/\/eltrabajo.cl\/portal\/wp-json\/wp\/v2\/users\/482"}],"replies":[{"embeddable":true,"href":"https:\/\/eltrabajo.cl\/portal\/wp-json\/wp\/v2\/comments?post=39459"}],"version-history":[{"count":0,"href":"https:\/\/eltrabajo.cl\/portal\/wp-json\/wp\/v2\/posts\/39459\/revisions"}],"wp:featuredmedia":[{"embeddable":true,"href":"https:\/\/eltrabajo.cl\/portal\/wp-json\/wp\/v2\/media\/39460"}],"wp:attachment":[{"href":"https:\/\/eltrabajo.cl\/portal\/wp-json\/wp\/v2\/media?parent=39459"}],"wp:term":[{"taxonomy":"category","embeddable":true,"href":"https:\/\/eltrabajo.cl\/portal\/wp-json\/wp\/v2\/categories?post=39459"},{"taxonomy":"post_tag","embeddable":true,"href":"https:\/\/eltrabajo.cl\/portal\/wp-json\/wp\/v2\/tags?post=39459"}],"curies":[{"name":"wp","href":"https:\/\/api.w.org\/{rel}","templated":true}]}}