{"id":39462,"date":"2013-11-12T09:36:50","date_gmt":"2013-11-12T12:36:50","guid":{"rendered":"http:\/\/www.eltrabajo.cl\/portal\/?p=39462"},"modified":"2013-11-12T09:36:50","modified_gmt":"2013-11-12T12:36:50","slug":"diputado-rivas-entrega-irrestricto-respaldo-a-funcionarios-municipales","status":"publish","type":"post","link":"https:\/\/eltrabajo.cl\/portal\/diputado-rivas-entrega-irrestricto-respaldo-a-funcionarios-municipales\/","title":{"rendered":"Diputado Rivas entrega irrestricto respaldo a funcionarios municipales"},"content":{"rendered":"<figure id=\"attachment_39463\" aria-describedby=\"caption-attachment-39463\" style=\"width: 528px\" class=\"wp-caption alignnone\"><a href=\"https:\/\/i0.wp.com\/www.eltrabajo.cl\/portal\/wp-content\/uploads\/2013\/11\/foto-rivasmq2.jpg\"><img data-recalc-dims=\"1\" loading=\"lazy\" decoding=\"async\" class=\"size-full wp-image-39463\" title=\"\u201cEra la gran oportunidad para haber marcado una diferencia\u201d, se\u00f1al\u00f3 el Diputado Gaspar Rivas respecto a la responsabilidad del gobierno en el paro de los municipales. \" alt=\"\u201cEra la gran oportunidad para haber marcado una diferencia\u201d, se\u00f1al\u00f3 el Diputado Gaspar Rivas respecto a la responsabilidad del gobierno en el paro de los municipales. \" src=\"https:\/\/i0.wp.com\/www.eltrabajo.cl\/portal\/wp-content\/uploads\/2013\/11\/foto-rivasmq2.jpg?resize=528%2C309\" width=\"528\" height=\"309\" srcset=\"https:\/\/i0.wp.com\/eltrabajo.cl\/portal\/wp-content\/uploads\/2013\/11\/foto-rivasmq2.jpg?w=528&amp;ssl=1 528w, https:\/\/i0.wp.com\/eltrabajo.cl\/portal\/wp-content\/uploads\/2013\/11\/foto-rivasmq2.jpg?resize=200%2C117&amp;ssl=1 200w, https:\/\/i0.wp.com\/eltrabajo.cl\/portal\/wp-content\/uploads\/2013\/11\/foto-rivasmq2.jpg?resize=300%2C175&amp;ssl=1 300w, https:\/\/i0.wp.com\/eltrabajo.cl\/portal\/wp-content\/uploads\/2013\/11\/foto-rivasmq2.jpg?resize=150%2C87&amp;ssl=1 150w, https:\/\/i0.wp.com\/eltrabajo.cl\/portal\/wp-content\/uploads\/2013\/11\/foto-rivasmq2.jpg?resize=400%2C234&amp;ssl=1 400w\" sizes=\"auto, (max-width: 528px) 100vw, 528px\" \/><\/a><figcaption id=\"caption-attachment-39463\" class=\"wp-caption-text\">\u201cEra la gran oportunidad para haber marcado una diferencia\u201d, se\u00f1al\u00f3 el Diputado Gaspar Rivas respecto a la responsabilidad del gobierno en el paro de los municipales.<\/figcaption><\/figure>\n<p>El Diputado de Aconcagua Gaspar Rivas, entreg\u00f3 su irrestricto respaldo a los funcionarios municipales en Paro Nacional que llevan adelante demandando reivindicaciones laborales y salariales. El parlamentario afirm\u00f3 que el Gobierno perdi\u00f3 la gran oportunidad de saldar una deuda pa\u00eds con este sector, anunciando que este martes marchar\u00e1 junto a los funcionarios en Valpara\u00edso.<\/p>\n<p>El Diputado Gaspar Rivas fue el \u00fanico parlamentario de la zona, de dos de toda la regi\u00f3n, que asistieron al encuentro que sostuvieron alcaldes, concejales y funcionarios el pasado viernes en Quillota, para analizar los efectos del Paro y la propuesta de soluci\u00f3n que hab\u00eda presentado el Gobierno; \u201cjunto al Diputado Cerda fuimos los \u00fanicos que llegamos a acompa\u00f1ar a los Municipales en este encuentro regional\u201d.<\/p>\n<p>En la oportunidad el parlamentario de Aconcagua asever\u00f3 que las demandas de los funcionarios municipales son absolutamente leg\u00edtimas y por eso les entreg\u00f3 abiertamente su apoyo; \u201ces totalmente razonable lo que est\u00e1n pidiendo los trabajadores municipales. Me parece de justicia m\u00ednima lo que ellos est\u00e1n pidiendo, que es igualdad. Igualdad por el mismo trabajo, seguridad laboral y por sobretodo dignidad en sus cargos, en su funci\u00f3n. No porque una persona a contrata u honorario, que realiza la misma funci\u00f3n que los de planta, por no estar incorporado a esa planta, deja de tener seguridad social, deja de tener imposiciones, cotizaciones, jubilaciones, quedando sometido a una precariedad en su calidad del empleo, que en el caso de los municipales en estas condiciones es tremenda y una vez cada a\u00f1o deben estar pr\u00e1cticamente dependiendo de la voluntad de la autoridad o jefatura de turno, viviendo con una inestabilidad laboral permanente\u201d.<\/p>\n<p>El Diputado Rivas insisti\u00f3 que su apoyo a los municipales de todas las comunas del valle de Aconcagua y la regi\u00f3n, es ante toda eventualidad; \u201cy por eso mismo este martes los acompa\u00f1ar\u00e9 en marcha que realizar\u00e1n hacia el Congreso Nacional\u201d.<\/p>\n<p>Gaspar Rivas lament\u00f3 que el Estado no haya sido capaz de entregarle una soluci\u00f3n a los problemas de los funcionarios municipales; \u201cporque esto es parte del paquete de lo que yo llamo Deudas Hist\u00f3ricas, porque la m\u00e1s famosa y conocida que es la de los profesores, pero hay otras deudas hist\u00f3ricas como, por ejemplo, la situaci\u00f3n de los ex conscriptos, y tambi\u00e9n la que quiz\u00e1s no es apreciable en dinero, pero es una deuda moral, \u00e9tica con los trabajadores municipales que durante muchos a\u00f1os, porque no tan solo este Gobierno sino que varios otros hacia atr\u00e1s, ha tenido o\u00eddos sordos de esta situaci\u00f3n y que por eso hoy d\u00eda estos trabajadores de nuestro pa\u00eds se han visto obligados a desarrollar este Paro.<\/p>\n<p>\u201cAhora circunscribi\u00e9ndonos a la responsabilidad que tiene este Gobierno, sin dejar atr\u00e1s la responsabilidad que tienen las pasadas administraciones, me parece que era la gran oportunidad para haber marcado una diferencia. Haber dicho este Gobierno aqu\u00ed este problema se termina, porque comprendemos que el trabajador municipal merece ser homologado en sus condiciones laborales con el resto de los servicios p\u00fablicos y al interior de los mismos municipios los horarios y contrata a los funcionarios de planta\u201d, sentenci\u00f3 el Diputado Gaspar Rivas.<\/p>\n<p>&nbsp;<\/p>\n","protected":false},"excerpt":{"rendered":"<p>El Diputado de Aconcagua Gaspar Rivas, entreg\u00f3 su irrestricto respaldo a los funcionarios municipales en Paro Nacional que llevan adelante demandando reivindicaciones laborales y salariales. El parlamentario afirm\u00f3 que el Gobierno perdi\u00f3&#8230;<\/p>\n","protected":false},"author":482,"featured_media":39463,"comment_status":"open","ping_status":"closed","sticky":false,"template":"","format":"standard","meta":{"advanced_seo_description":"","jetpack_seo_html_title":"","jetpack_seo_noindex":false,"_jetpack_memberships_contains_paid_content":false,"footnotes":""},"categories":[1],"tags":[],"class_list":["post-39462","post","type-post","status-publish","format-standard","has-post-thumbnail","hentry","category-cronica"],"jetpack_featured_media_url":"https:\/\/i0.wp.com\/eltrabajo.cl\/portal\/wp-content\/uploads\/2013\/11\/foto-rivasmq2.jpg?fit=528%2C309&ssl=1","jetpack_sharing_enabled":true,"jetpack_likes_enabled":true,"jetpack-related-posts":[],"_links":{"self":[{"href":"https:\/\/eltrabajo.cl\/portal\/wp-json\/wp\/v2\/posts\/39462","targetHints":{"allow":["GET"]}}],"collection":[{"href":"https:\/\/eltrabajo.cl\/portal\/wp-json\/wp\/v2\/posts"}],"about":[{"href":"https:\/\/eltrabajo.cl\/portal\/wp-json\/wp\/v2\/types\/post"}],"author":[{"embeddable":true,"href":"https:\/\/eltrabajo.cl\/portal\/wp-json\/wp\/v2\/users\/482"}],"replies":[{"embeddable":true,"href":"https:\/\/eltrabajo.cl\/portal\/wp-json\/wp\/v2\/comments?post=39462"}],"version-history":[{"count":0,"href":"https:\/\/eltrabajo.cl\/portal\/wp-json\/wp\/v2\/posts\/39462\/revisions"}],"wp:featuredmedia":[{"embeddable":true,"href":"https:\/\/eltrabajo.cl\/portal\/wp-json\/wp\/v2\/media\/39463"}],"wp:attachment":[{"href":"https:\/\/eltrabajo.cl\/portal\/wp-json\/wp\/v2\/media?parent=39462"}],"wp:term":[{"taxonomy":"category","embeddable":true,"href":"https:\/\/eltrabajo.cl\/portal\/wp-json\/wp\/v2\/categories?post=39462"},{"taxonomy":"post_tag","embeddable":true,"href":"https:\/\/eltrabajo.cl\/portal\/wp-json\/wp\/v2\/tags?post=39462"}],"curies":[{"name":"wp","href":"https:\/\/api.w.org\/{rel}","templated":true}]}}