{"id":39465,"date":"2013-11-12T09:38:02","date_gmt":"2013-11-12T12:38:02","guid":{"rendered":"http:\/\/www.eltrabajo.cl\/portal\/?p=39465"},"modified":"2013-11-12T09:38:02","modified_gmt":"2013-11-12T12:38:02","slug":"anuncian-adjudicacion-para-remodelacion-del-philipe-pinel","status":"publish","type":"post","link":"https:\/\/eltrabajo.cl\/portal\/anuncian-adjudicacion-para-remodelacion-del-philipe-pinel\/","title":{"rendered":"Anuncian adjudicaci\u00f3n para remodelaci\u00f3n del Philipe Pinel"},"content":{"rendered":"<figure id=\"attachment_39466\" aria-describedby=\"caption-attachment-39466\" style=\"width: 530px\" class=\"wp-caption alignnone\"><a href=\"https:\/\/i0.wp.com\/www.eltrabajo.cl\/portal\/wp-content\/uploads\/2013\/11\/maqueta1.jpg\"><img data-recalc-dims=\"1\" loading=\"lazy\" decoding=\"async\" class=\"size-full wp-image-39466\" title=\"Infante anunci\u00f3 oficialmente la adjudicaci\u00f3n de la empresa que ejecutar\u00e1 las obras de remodelaci\u00f3n de Hospital Psiqui\u00e1trico Dr. Philipe Pinel.\" alt=\"Infante anunci\u00f3 oficialmente la adjudicaci\u00f3n de la empresa que ejecutar\u00e1 las obras de remodelaci\u00f3n de Hospital Psiqui\u00e1trico Dr. Philipe Pinel.\" src=\"https:\/\/i0.wp.com\/www.eltrabajo.cl\/portal\/wp-content\/uploads\/2013\/11\/maqueta1.jpg?resize=530%2C265\" width=\"530\" height=\"265\" srcset=\"https:\/\/i0.wp.com\/eltrabajo.cl\/portal\/wp-content\/uploads\/2013\/11\/maqueta1.jpg?w=530&amp;ssl=1 530w, https:\/\/i0.wp.com\/eltrabajo.cl\/portal\/wp-content\/uploads\/2013\/11\/maqueta1.jpg?resize=200%2C100&amp;ssl=1 200w, https:\/\/i0.wp.com\/eltrabajo.cl\/portal\/wp-content\/uploads\/2013\/11\/maqueta1.jpg?resize=300%2C150&amp;ssl=1 300w, https:\/\/i0.wp.com\/eltrabajo.cl\/portal\/wp-content\/uploads\/2013\/11\/maqueta1.jpg?resize=150%2C75&amp;ssl=1 150w, https:\/\/i0.wp.com\/eltrabajo.cl\/portal\/wp-content\/uploads\/2013\/11\/maqueta1.jpg?resize=400%2C200&amp;ssl=1 400w\" sizes=\"auto, (max-width: 530px) 100vw, 530px\" \/><\/a><figcaption id=\"caption-attachment-39466\" class=\"wp-caption-text\">Infante anunci\u00f3 oficialmente la adjudicaci\u00f3n de la empresa que ejecutar\u00e1 las obras de remodelaci\u00f3n de Hospital Psiqui\u00e1trico Dr. Philipe Pinel.<\/figcaption><\/figure>\n<p><strong>PUTAENDO<\/strong>.- El Director del Servicio de Salud Aconcagua, Rodrigo Infante, dijo que con mucha felicidad puede se\u00f1alar que cumpli\u00f3 la palabra empe\u00f1ada con los trabajadores y usuarios del hospital psiqui\u00e1trico, al anunciar oficialmente la adjudicaci\u00f3n de la empresa que ejecutar\u00e1 las obras de remodelaci\u00f3n de Hospital Psiqui\u00e1trico Dr. Philipe Pinel. Infante dijo que a mediados de la semana que reci\u00e9n termina, se firm\u00f3 la adjudicaci\u00f3n definitiva que recay\u00f3 en la empresa Sacyr, que ser\u00e1 la encargada de comenzar a ejecutar las obras del proyecto de m\u00e1s de 15.000 millones de pesos, trabajos que deber\u00edan comenzar a desarrollarse a fines de este a\u00f1o.<\/p>\n<p>Infante dijo que en el hospital psiqui\u00e1trico de Putaendo se han ido cumpliendo cada uno de los compromisos que se adquirieron bajo su administraci\u00f3n, ha aumentado la planta de funcionarios, mejoraron las relaciones con los gremios, se pudo luchar y conseguir los recursos para la remodelaci\u00f3n completa del Philipe Pinel, que dijo, debe convertirse en el referente que siempre ha sido, pero con una estructura acorde y moderna, por lo cual indic\u00f3 que el gobierno tom\u00f3 la mejor decisi\u00f3n al destinar esta importante cantidad de dinero para remodelar por completo el hospital que seguir\u00e1 siendo necesario para la comuna, la provincia, la regi\u00f3n y el pa\u00eds.<\/p>\n<p>Visiblemente emocionado, Rodrigo Infante dijo que cree con mucha humildad haber sido un aporte al hospital y tambi\u00e9n a la comunidad de Putaendo, de la cual asegur\u00f3 sentir un cari\u00f1o especial, y por sobre todas las cosas, se\u00f1al\u00f3 que su funci\u00f3n al mando de la Direcci\u00f3n del Servicio de Salud Aconcagua, le permiti\u00f3 conocer de mejor manera la tremenda calidad humana de los funcionarios que trabajan en el Psiqui\u00e1trico y empaparse mas aun de las grandes personas que son los usuarios que ah\u00ed est\u00e1n y que necesitan y seguir\u00e1n necesitando del apoyo de todas las autoridades y tambi\u00e9n de la comuna de Putaendo.<\/p>\n<p>Patricio Gallardo M.<\/p>\n<p>&nbsp;<\/p>\n","protected":false},"excerpt":{"rendered":"<p>PUTAENDO.- El Director del Servicio de Salud Aconcagua, Rodrigo Infante, dijo que con mucha felicidad puede se\u00f1alar que cumpli\u00f3 la palabra empe\u00f1ada con los trabajadores y usuarios del hospital psiqui\u00e1trico, al anunciar&#8230;<\/p>\n","protected":false},"author":482,"featured_media":39466,"comment_status":"open","ping_status":"closed","sticky":false,"template":"","format":"standard","meta":{"advanced_seo_description":"","jetpack_seo_html_title":"","jetpack_seo_noindex":false,"_jetpack_memberships_contains_paid_content":false,"footnotes":""},"categories":[1],"tags":[],"class_list":["post-39465","post","type-post","status-publish","format-standard","has-post-thumbnail","hentry","category-cronica"],"jetpack_featured_media_url":"https:\/\/i0.wp.com\/eltrabajo.cl\/portal\/wp-content\/uploads\/2013\/11\/maqueta1.jpg?fit=530%2C265&ssl=1","jetpack_sharing_enabled":true,"jetpack_likes_enabled":true,"jetpack-related-posts":[],"_links":{"self":[{"href":"https:\/\/eltrabajo.cl\/portal\/wp-json\/wp\/v2\/posts\/39465","targetHints":{"allow":["GET"]}}],"collection":[{"href":"https:\/\/eltrabajo.cl\/portal\/wp-json\/wp\/v2\/posts"}],"about":[{"href":"https:\/\/eltrabajo.cl\/portal\/wp-json\/wp\/v2\/types\/post"}],"author":[{"embeddable":true,"href":"https:\/\/eltrabajo.cl\/portal\/wp-json\/wp\/v2\/users\/482"}],"replies":[{"embeddable":true,"href":"https:\/\/eltrabajo.cl\/portal\/wp-json\/wp\/v2\/comments?post=39465"}],"version-history":[{"count":0,"href":"https:\/\/eltrabajo.cl\/portal\/wp-json\/wp\/v2\/posts\/39465\/revisions"}],"wp:featuredmedia":[{"embeddable":true,"href":"https:\/\/eltrabajo.cl\/portal\/wp-json\/wp\/v2\/media\/39466"}],"wp:attachment":[{"href":"https:\/\/eltrabajo.cl\/portal\/wp-json\/wp\/v2\/media?parent=39465"}],"wp:term":[{"taxonomy":"category","embeddable":true,"href":"https:\/\/eltrabajo.cl\/portal\/wp-json\/wp\/v2\/categories?post=39465"},{"taxonomy":"post_tag","embeddable":true,"href":"https:\/\/eltrabajo.cl\/portal\/wp-json\/wp\/v2\/tags?post=39465"}],"curies":[{"name":"wp","href":"https:\/\/api.w.org\/{rel}","templated":true}]}}