{"id":39468,"date":"2013-11-12T09:39:33","date_gmt":"2013-11-12T12:39:33","guid":{"rendered":"http:\/\/www.eltrabajo.cl\/portal\/?p=39468"},"modified":"2013-11-12T09:39:33","modified_gmt":"2013-11-12T12:39:33","slug":"joven-accidentada-en-sector-laguna-el-copin-fue-rescatada-por-carabineros","status":"publish","type":"post","link":"https:\/\/eltrabajo.cl\/portal\/joven-accidentada-en-sector-laguna-el-copin-fue-rescatada-por-carabineros\/","title":{"rendered":"Joven accidentada en sector Laguna El Cop\u00edn fue rescatada por Carabineros"},"content":{"rendered":"<figure id=\"attachment_39469\" aria-describedby=\"caption-attachment-39469\" style=\"width: 370px\" class=\"wp-caption alignleft\"><a href=\"https:\/\/i0.wp.com\/www.eltrabajo.cl\/portal\/wp-content\/uploads\/2013\/11\/joven-accidentada.jpg\"><img data-recalc-dims=\"1\" loading=\"lazy\" decoding=\"async\" class=\" wp-image-39469 \" title=\"Karla Fortino Ar\u00e9valo (20), ya a salvo conversa con Diario El Trabajo.\" alt=\"Karla Fortino Ar\u00e9valo (20), ya a salvo conversa con Diario El Trabajo.\" src=\"https:\/\/i0.wp.com\/www.eltrabajo.cl\/portal\/wp-content\/uploads\/2013\/11\/joven-accidentada.jpg?resize=370%2C427\" width=\"370\" height=\"427\" srcset=\"https:\/\/i0.wp.com\/eltrabajo.cl\/portal\/wp-content\/uploads\/2013\/11\/joven-accidentada.jpg?w=529&amp;ssl=1 529w, https:\/\/i0.wp.com\/eltrabajo.cl\/portal\/wp-content\/uploads\/2013\/11\/joven-accidentada.jpg?resize=130%2C150&amp;ssl=1 130w, https:\/\/i0.wp.com\/eltrabajo.cl\/portal\/wp-content\/uploads\/2013\/11\/joven-accidentada.jpg?resize=260%2C300&amp;ssl=1 260w, https:\/\/i0.wp.com\/eltrabajo.cl\/portal\/wp-content\/uploads\/2013\/11\/joven-accidentada.jpg?resize=400%2C461&amp;ssl=1 400w\" sizes=\"auto, (max-width: 370px) 100vw, 370px\" \/><\/a><figcaption id=\"caption-attachment-39469\" class=\"wp-caption-text\">Karla Fortino Ar\u00e9valo (20), ya a salvo conversa con Diario El Trabajo.<\/figcaption><\/figure>\n<p><strong>PUTAENDO.<\/strong>&#8211; Un intenso operativo de Carabineros de Los Patos logr\u00f3 rescatar a una joven estudiante de 20 a\u00f1os desde el sector conocido como El Portezuelo El Bar\u00f3n, en las cercan\u00edas de Laguna El Cop\u00edn.<\/p>\n<p>Carabineros de Los Patos, a eso de las 17:00 horas, recibi\u00f3 un llamado telef\u00f3nico de un profesor de Turismo-Aventura de la Universidad Inacap, sede Apoquindo, el que adem\u00e1s es un ex infante de marina, quien indic\u00f3 que una de sus estudiantes ten\u00eda una lesi\u00f3n bastante complicada en una de sus piernas que le imposibilitaba seguir caminando, por lo que solicit\u00f3 ayuda para iniciar un rescate desde el mencionado lugar.<\/p>\n<p>Fue as\u00ed como el Cabo 2do Manuel C\u00e1ceres Saavedra y el Carabinero Edgardo Astorga Ch\u00e1vez al mando del Cabo Primero Jos\u00e9 Riquelme Bejar, salieron desde el Ret\u00e9n Los Patos pasadas las 17:20 horas con la intenci\u00f3n de encontrar a la joven lesionada, arribando hasta el lugar despu\u00e9s de casi tres horas de cabalgar hacia el interior de la cordillera, encontrando a la joven junto a su profesor. La joven estudiante estaba envuelta en una manta de sobrevivencia y ya presentaba un peque\u00f1o cuadro de hipotermia.<\/p>\n<p>La joven fue bajada en un mular y arrib\u00f3 hasta el ret\u00e9n de Los Patos pasada la una de la madrugada y posteriormente fue derivada hasta el Hospital San Antonio de Putaendo mientras sus padres viajaban desde la Regi\u00f3n Metropolitana hacia Putaendo.<\/p>\n<p>Patricio Gallardo M.<\/p>\n<p>&nbsp;<\/p>\n","protected":false},"excerpt":{"rendered":"<p>PUTAENDO.&#8211; Un intenso operativo de Carabineros de Los Patos logr\u00f3 rescatar a una joven estudiante de 20 a\u00f1os desde el sector conocido como El Portezuelo El Bar\u00f3n, en las cercan\u00edas de Laguna&#8230;<\/p>\n","protected":false},"author":482,"featured_media":39469,"comment_status":"open","ping_status":"closed","sticky":false,"template":"","format":"standard","meta":{"advanced_seo_description":"","jetpack_seo_html_title":"","jetpack_seo_noindex":false,"_jetpack_memberships_contains_paid_content":false,"footnotes":""},"categories":[1],"tags":[],"class_list":["post-39468","post","type-post","status-publish","format-standard","has-post-thumbnail","hentry","category-cronica"],"jetpack_featured_media_url":"https:\/\/i0.wp.com\/eltrabajo.cl\/portal\/wp-content\/uploads\/2013\/11\/joven-accidentada.jpg?fit=529%2C610&ssl=1","jetpack_sharing_enabled":true,"jetpack_likes_enabled":true,"jetpack-related-posts":[],"_links":{"self":[{"href":"https:\/\/eltrabajo.cl\/portal\/wp-json\/wp\/v2\/posts\/39468","targetHints":{"allow":["GET"]}}],"collection":[{"href":"https:\/\/eltrabajo.cl\/portal\/wp-json\/wp\/v2\/posts"}],"about":[{"href":"https:\/\/eltrabajo.cl\/portal\/wp-json\/wp\/v2\/types\/post"}],"author":[{"embeddable":true,"href":"https:\/\/eltrabajo.cl\/portal\/wp-json\/wp\/v2\/users\/482"}],"replies":[{"embeddable":true,"href":"https:\/\/eltrabajo.cl\/portal\/wp-json\/wp\/v2\/comments?post=39468"}],"version-history":[{"count":0,"href":"https:\/\/eltrabajo.cl\/portal\/wp-json\/wp\/v2\/posts\/39468\/revisions"}],"wp:featuredmedia":[{"embeddable":true,"href":"https:\/\/eltrabajo.cl\/portal\/wp-json\/wp\/v2\/media\/39469"}],"wp:attachment":[{"href":"https:\/\/eltrabajo.cl\/portal\/wp-json\/wp\/v2\/media?parent=39468"}],"wp:term":[{"taxonomy":"category","embeddable":true,"href":"https:\/\/eltrabajo.cl\/portal\/wp-json\/wp\/v2\/categories?post=39468"},{"taxonomy":"post_tag","embeddable":true,"href":"https:\/\/eltrabajo.cl\/portal\/wp-json\/wp\/v2\/tags?post=39468"}],"curies":[{"name":"wp","href":"https:\/\/api.w.org\/{rel}","templated":true}]}}